{"id":1138,"date":"2016-04-01T09:49:01","date_gmt":"2016-04-01T08:49:01","guid":{"rendered":"https:\/\/tjsokolkoberice.cz\/?p=1138"},"modified":"2025-10-14T11:58:26","modified_gmt":"2025-10-14T10:58:26","slug":"dorostenci-rozstrileli-fulnek","status":"publish","type":"post","link":"https:\/\/tjsokolkoberice.cz\/?p=1138","title":{"rendered":"Dorostenci rozst\u0159\u00edleli Fulnek"},"content":{"rendered":"<p style=\"text-align: justify;\"><span style=\"font-family: helvetica,arial,sans-serif;\"><strong>Fulnek &#8211; Kobe\u0159ice 2:8 (2:3)\u00a0\u00a0 <\/strong><\/span><\/p>\n<p style=\"text-align: justify;\"><span style=\"font-family: helvetica,arial,sans-serif;\">\u00a0\u00a0\u00a0\u00a0 V sobotu za\u010dali jarn\u00ed \u010d\u00e1st sez\u00f3ny v krajsk\u00e9 sout\u011b\u017ei take na\u0161i dorostenci a to z\u00e1pasem na hork\u00e9 p\u016fd\u011b ve Fulneku. Utk\u00e1n\u00ed pro n\u00e1s neza\u010dalo dob\u0159e, u\u017e v 6. min. jsme si nepohlidali trestn\u00fd kop dom\u00e1c\u00edch a ti \u0161li po p\u0159esn\u00e9 hlavi\u010dce do veden\u00ed 1:0. Ve 14 min. vyst\u0159elil z d\u00e1lky Andy Kolar\u010d\u00edk a vyrovnal na 1:1.\u00a0<\/span><br \/>\n<span style=\"font-family: helvetica,arial,sans-serif;\"> \u00a0\u00a0\u00a0\u00a0 Ve 23. min. kopali dom\u00e1c\u00ed rohov\u00fd kop a kupodivu v\u0161ech m\u00ed\u010d zapadl do na\u0161\u00ed branky. Ve 30. min. zahr\u00e1vali roh na\u0161i a hlavou se nem\u00fdlil Martin St\u0159\u00edbn\u00fd &#8211; 2:2. Dv\u011b minuty p\u0159ed koncem polo\u010dasu se po zp\u011btn\u00e9 p\u0159ihr\u00e1vce trefil Tonda Kubn\u00fd &#8211; 2:3. Druh\u00fd polo\u010das se dom\u00e1c\u00edmu mu\u017estvu v\u016fbec nevyda\u0159il a na\u0161i co si p\u0159ipravili, tak zakon\u010dili brankou. Fulneku nejen\u017ee jsme oplatili dom\u00e1c\u00ed por\u00e1\u017eku 0:3, ale ve st\u0159eleck\u00e9 produktivit\u011b jsme jej v sobotu p\u0159ed\u010dili v pom\u011bru 8:2.\u00a0<\/span><br \/>\n<span style=\"font-family: helvetica,arial,sans-serif;\"> \u00a0<\/span><\/p>\n<p style=\"text-align: justify;\"><span style=\"font-family: helvetica,arial,sans-serif;\"><strong>Branky Kobe\u0159ic : <\/strong>52., 78., 84. Tom\u00e1\u0161 Bolacky, 43., 76. Anton\u00edn Kubny, 14. Andreas Kolarcik, 30. Martin St\u0159\u00edbny, 61. Radim Stuchlik\u00a0<\/span><br \/>\n<span style=\"font-family: helvetica,arial,sans-serif;\"><strong>Sestava na\u0161eho mu\u017estva :<\/strong> Schlishka &#8211; Wittek (46 Kone\u010dn\u00fd), Kollek, Oberherr, Bitomsk\u00fd &#8211; Zaj\u00ed\u010dek (74 Moravec), Kolar\u010d\u00edk, Kubn\u00fd, St\u0159\u00edbn\u00fd &#8211; Stuchlik (78 Christoph), Bolack\u00fd<\/span><\/p>\n<p style=\"text-align: justify;\"><span style=\"font-family: helvetica,arial,sans-serif;\"><strong><u>V\u00fdsledky krajsk\u00e9 sout\u011b\u017ee dorostu<\/u><\/strong><\/span><\/p>\n<p style=\"text-align: justify;\"><span style=\"font-family: helvetica,arial,sans-serif;\"><strong><u>\u00a0<\/u><\/strong><\/span><\/p>\n<p style=\"text-align: justify;\"><span style=\"font-family: helvetica,arial,sans-serif;\">Doln\u00ed Bene\u0161ov\u00a0&#8211;\u00a0Polanka\u00a00:5\u00a0(0:2)<\/span><\/p>\n<p style=\"text-align: justify;\"><span style=\"font-family: helvetica,arial,sans-serif;\">Hradec n.M.\u00a0&#8211;\u00a0V\u00edtkov\u00a04:3\u00a0(3:0)<\/span><\/p>\n<p style=\"text-align: justify;\"><span style=\"font-family: helvetica,arial,sans-serif;\">Kr\u00e1sn\u00e9 Pole\u00a0&#8211;\u00a0R\u00fdma\u0159ov\u00a00:4\u00a0(0:3)<\/span><\/p>\n<p style=\"text-align: justify;\"><span style=\"font-family: helvetica,arial,sans-serif;\">Vratimov\u00a0&#8211;\u00a0Svinov\u00a00:5\u00a0(0:5)<\/span><\/p>\n<p style=\"text-align: justify;\"><span style=\"font-family: helvetica,arial,sans-serif;\"><strong>Fulnek<\/strong><strong>\u00a0&#8211;\u00a0Kobe\u0159ice\u00a02:8\u00a0(2:3)<\/strong><\/span><\/p>\n<p style=\"text-align: justify;\"><span style=\"font-family: helvetica,arial,sans-serif;\">Stud\u00e9nka\u00a0&#8211;\u00a0Darkovi\u010dky\u00a00:2\u00a0(0:2)<\/span><\/p>\n<p style=\"text-align: justify;\"><span style=\"font-family: helvetica,arial,sans-serif;\">Star\u00e1 B\u011bl\u00e1\u00a0&#8211;\u00a0V\u00e1vrovice\u00a03:4\u00a0(1:2)<\/span><\/p>\n","protected":false},"excerpt":{"rendered":"<p>Fulnek &#8211; Kobe\u0159ice 2:8 (2:3)\u00a0\u00a0 \u00a0\u00a0\u00a0\u00a0 V sobotu za\u010dali jarn\u00ed \u010d\u00e1st sez\u00f3ny v krajsk\u00e9 sout\u011b\u017ei take na\u0161i dorostenci a to z\u00e1pasem na hork\u00e9 p\u016fd\u011b ve Fulneku.<span class=\"excerpt-hellip\"> [\u2026]<\/span><\/p>\n","protected":false},"author":3,"featured_media":2196,"comment_status":"closed","ping_status":"open","sticky":false,"template":"","format":"standard","meta":{"ngg_post_thumbnail":0,"footnotes":""},"categories":[110,107,104,102],"tags":[],"class_list":["post-1138","post","type-post","status-publish","format-standard","has-post-thumbnail","hentry","category-dorost","category-fotbal","category-vysledky","category-zapasy"],"_links":{"self":[{"href":"https:\/\/tjsokolkoberice.cz\/index.php?rest_route=\/wp\/v2\/posts\/1138","targetHints":{"allow":["GET"]}}],"collection":[{"href":"https:\/\/tjsokolkoberice.cz\/index.php?rest_route=\/wp\/v2\/posts"}],"about":[{"href":"https:\/\/tjsokolkoberice.cz\/index.php?rest_route=\/wp\/v2\/types\/post"}],"author":[{"embeddable":true,"href":"https:\/\/tjsokolkoberice.cz\/index.php?rest_route=\/wp\/v2\/users\/3"}],"replies":[{"embeddable":true,"href":"https:\/\/tjsokolkoberice.cz\/index.php?rest_route=%2Fwp%2Fv2%2Fcomments&post=1138"}],"version-history":[{"count":4,"href":"https:\/\/tjsokolkoberice.cz\/index.php?rest_route=\/wp\/v2\/posts\/1138\/revisions"}],"predecessor-version":[{"id":3012,"href":"https:\/\/tjsokolkoberice.cz\/index.php?rest_route=\/wp\/v2\/posts\/1138\/revisions\/3012"}],"wp:featuredmedia":[{"embeddable":true,"href":"https:\/\/tjsokolkoberice.cz\/index.php?rest_route=\/wp\/v2\/media\/2196"}],"wp:attachment":[{"href":"https:\/\/tjsokolkoberice.cz\/index.php?rest_route=%2Fwp%2Fv2%2Fmedia&parent=1138"}],"wp:term":[{"taxonomy":"category","embeddable":true,"href":"https:\/\/tjsokolkoberice.cz\/index.php?rest_route=%2Fwp%2Fv2%2Fcategories&post=1138"},{"taxonomy":"post_tag","embeddable":true,"href":"https:\/\/tjsokolkoberice.cz\/index.php?rest_route=%2Fwp%2Fv2%2Ftags&post=1138"}],"curies":[{"name":"wp","href":"https:\/\/api.w.org\/{rel}","templated":true}]}}