{"id":1602,"date":"2016-04-10T17:58:49","date_gmt":"2016-04-10T16:58:49","guid":{"rendered":"https:\/\/tjsokolkoberice.cz\/?p=1602"},"modified":"2025-10-14T11:58:25","modified_gmt":"2025-10-14T10:58:25","slug":"nasledujici-zapasy-nasich-muzstev","status":"publish","type":"post","link":"https:\/\/tjsokolkoberice.cz\/?p=1602","title":{"rendered":"N\u00e1sleduj\u00edc\u00ed z\u00e1pasy na\u0161ich mu\u017estev"},"content":{"rendered":"<p style=\"text-align: justify;\"><span style=\"text-decoration: underline;\"><span style=\"font-size: 14pt; font-family: arial,helvetica,sans-serif;\"><strong>Na\u0161e \u201eA\u201c mu\u017estvo zaj\u00ed\u017ed\u00ed k\u00a0d\u016fle\u017eit\u00e9mu utk\u00e1n\u00ed do B\u0159idli\u010dn\u00e9<\/strong><\/span><\/span><\/p>\n<p style=\"text-align: justify;\"><span style=\"font-size: 12pt; font-family: arial,helvetica,sans-serif;\">Po prohran\u00e9m utk\u00e1n\u00ed doma s\u00a0Fren\u0161t\u00e1tem se st\u0159etnou na\u0161i hr\u00e1\u010di \u201eA\u201c mu\u017estva s\u00a0celkem B\u0159idli\u010dn\u00e9, kter\u00e1 je na posledn\u00edm m\u00edst\u011b tabulky. Na\u0161i jsou na tom o trochu l\u00e9pe, ale rovn\u011b\u017e hraj\u00ed o udr\u017een\u00ed v\u00a0sout\u011b\u017ei. V\u00a0utk\u00e1n\u00ed s\u00a0B\u0159idli\u010dnou se bude jednat o d\u016fle\u017eit\u00e9 body v\u00a0souboji o z\u00e1chranu, tak\u017ee budeme opravdu zv\u011bdav\u00ed, jak toto utk\u00e1n\u00ed dopadne. Na\u0161im hr\u00e1\u010d\u016fm se venku vcelku da\u0159\u00ed, tak\u017ee fanou\u0161ci uv\u00edtaj\u00ed jak\u00fdkoli bodov\u00fd zisk. Utk\u00e1n\u00ed B\u0159idli\u010dn\u00e1 &#8211; Kobe\u0159ice se bude hr\u00e1t v\u00a0sobotu 9. dubna od 15:30 hodin. K\u00a0utk\u00e1n\u00ed se jede auty!!<\/span><\/p>\n<p style=\"text-align: justify;\"><span style=\"font-size: 12pt; font-family: arial,helvetica,sans-serif;\"><strong><span style=\"text-decoration: underline;\">V\u00a0tomto kole budou hr\u00e1t<\/span><u> <\/u><\/strong><\/span><\/p>\n<p style=\"text-align: justify;\"><span style=\"font-size: 12pt; font-family: arial,helvetica,sans-serif;\"><strong>B\u0159idli\u010dn\u00e1<\/strong><strong>\u00a0\u2013\u00a0Kobe\u0159ice <\/strong><\/span><\/p>\n<p style=\"text-align: justify;\"><span style=\"font-size: 12pt; font-family: arial,helvetica,sans-serif;\">He\u0159manice\u00a0&#8211;\u00a0Bohum\u00edn<\/span><\/p>\n<p style=\"text-align: justify;\"><span style=\"font-size: 12pt; font-family: arial,helvetica,sans-serif;\">\u010cesk\u00fd T\u011b\u0161\u00edn\u00a0&#8211;\u00a0Slavia Orlov\u00e1<\/span><\/p>\n<p style=\"text-align: justify;\"><span style=\"font-size: 12pt; font-family: arial,helvetica,sans-serif;\">D\u011btmarovice\u00a0&#8211;\u00a0V\u00edtkov<\/span><\/p>\n<p style=\"text-align: justify;\"><span style=\"font-size: 12pt; font-family: arial,helvetica,sans-serif;\">Krava\u0159e\u00a0&#8211;\u00a0Vendryn\u011b<\/span><\/p>\n<p style=\"text-align: justify;\"><span style=\"font-size: 12pt; font-family: arial,helvetica,sans-serif;\">Fren\u0161t\u00e1t p. R.\u00a0&#8211;\u00a0\u0160enov<\/span><\/p>\n<p style=\"text-align: justify;\"><span style=\"font-size: 12pt; font-family: arial,helvetica,sans-serif;\">Polanka\u00a0&#8211;\u00a0H\u00e1j ve Slezsku<\/span><\/p>\n<p style=\"text-align: justify;\"><span style=\"font-size: 12pt; font-family: arial,helvetica,sans-serif;\">Pust\u00e1 Polom\u00a0&#8211;\u00a0Markvartovice<\/span><\/p>\n<p style=\"text-align: justify;\"><span style=\"text-decoration: underline;\"><span style=\"font-size: 14pt; font-family: arial,helvetica,sans-serif;\"><strong>Dorostenci budou hr\u00e1t venku s\u00a0Kr\u00e1sn\u00fdm Polem<\/strong><\/span><\/span><\/p>\n<p style=\"text-align: justify;\"><span style=\"font-size: 12pt; font-family: arial,helvetica,sans-serif;\">Po dvan\u00e1ctibrankov\u00e9m v\u00edt\u011bzstv\u00ed s Vratimovem zaj\u00ed\u017ed\u011bj\u00ed na\u0161i dorostenci k utk\u00e1n\u00ed s Kr\u00e1sn\u00fdm Polem, kter\u00e9 je na posledn\u00edm m\u00edst\u011b tabulky. Na\u0161e mu\u017estvo nastupuje jako \u010dtvrt\u00fd celek krajsk\u00e9 sout\u011b\u017ee. V utk\u00e1n\u00ed jsme favority. Jde jen o to tuto \u00falohu splnit a potvrdit v\u00edt\u011bzstv\u00edm. Utk\u00e1n\u00ed krajsk\u00e9 sout\u011b\u017ee dorostu Kr\u00e1sn\u00e9 Pole &#8211; Kobe\u0159ice se bude hr\u00e1t v sobotu 9. dubna od 13:45 hodin. Odjezd k utk\u00e1n\u00ed je v 11:15 hodin.<\/span><\/p>\n<p style=\"text-align: justify;\"><span style=\"font-size: 12pt; font-family: arial,helvetica,sans-serif;\"><strong>V tomto kole budou hr\u00e1t:<\/strong><\/span><\/p>\n<p style=\"text-align: justify;\"><span style=\"font-size: 12pt; font-family: arial,helvetica,sans-serif;\"><strong>Kr\u00e1sn\u00e9 Pole<\/strong><strong>\u00a0&#8211;\u00a0Kobe\u0159ice<\/strong><\/span><\/p>\n<p style=\"text-align: justify;\"><span style=\"font-size: 12pt; font-family: arial,helvetica,sans-serif;\">Vratimov\u00a0&#8211;\u00a0Darkovi\u010dky<\/span><\/p>\n<p style=\"text-align: justify;\"><span style=\"font-size: 12pt; font-family: arial,helvetica,sans-serif;\">Fulnek\u00a0&#8211;\u00a0V\u00e1vrovice<\/span><\/p>\n<p style=\"text-align: justify;\"><span style=\"font-size: 12pt; font-family: arial,helvetica,sans-serif;\">Stud\u00e9nka\u00a0&#8211;\u00a0V\u00edtkov<\/span><\/p>\n<p style=\"text-align: justify;\"><span style=\"font-size: 12pt; font-family: arial,helvetica,sans-serif;\">Star\u00e1 B\u011bl\u00e1\u00a0&#8211;\u00a0Hradec n. M.<\/span><\/p>\n<p style=\"text-align: justify;\"><span style=\"font-size: 12pt; font-family: arial,helvetica,sans-serif;\">R\u00fdma\u0159ov\u00a0&#8211;\u00a0Polanka<\/span><\/p>\n<p style=\"text-align: justify;\"><span style=\"font-size: 12pt; font-family: arial,helvetica,sans-serif;\">Doln\u00ed Bene\u0161ov\u00a0&#8211;\u00a0Svinov<\/span><\/p>\n<p style=\"text-align: justify;\"><span style=\"text-decoration: underline;\"><span style=\"font-size: 14pt; font-family: arial,helvetica,sans-serif;\"><strong>Mu\u017ei \u201eB\u201c hraj\u00ed doma s\u00a0Hradcem nad Moravic\u00ed<\/strong><\/span><\/span><\/p>\n<p style=\"text-align: justify;\"><span style=\"font-size: 12pt; font-family: arial,helvetica,sans-serif;\">Po rem\u00edzov\u00e9m utk\u00e1n\u00ed ve V\u00e1vrovic\u00edch se p\u0159edstav\u00ed na\u0161i mu\u017ei \u201eB\u201c v dom\u00e1c\u00edm prost\u0159ed\u00ed, kde p\u0159iv\u00edtaj\u00ed dev\u00e1t\u00fd celek tabulky Hradec. Mu\u017ei \u201eB\u201c jdou do tohoto utk\u00e1n\u00ed z\u00a0pozice dvan\u00e1ct\u00e9ho mu\u017estva tabulky a s\u00a0odhodl\u00e1n\u00edm v\u00a0utk\u00e1n\u00ed zv\u00edt\u011bzit. Utk\u00e1n\u00ed okresn\u00edho p\u0159eboru Kobe\u0159ice \u201eB\u201c \u2013 Hradec se bude hr\u00e1t v\u00a0sobotu 9. dubna od 15:30 hodin.\u00a0<\/span><\/p>\n<p style=\"text-align: justify;\"><span style=\"font-size: 12pt; font-family: arial,helvetica,sans-serif;\"><strong><u>V\u00a0tomto kole budou hr\u00e1t<\/u><\/strong><\/span><\/p>\n<p style=\"text-align: justify;\"><span style=\"font-size: 12pt; font-family: arial,helvetica,sans-serif;\">Jakartovice\u00a0&#8211;\u00a0Slavia Opava<\/span><\/p>\n<p style=\"text-align: justify;\"><span style=\"font-size: 12pt; font-family: arial,helvetica,sans-serif;\">St\u011bbo\u0159ice\u00a0&#8211;\u00a0B\u011bl\u00e1<\/span><\/p>\n<p style=\"text-align: justify;\"><span style=\"font-size: 12pt; font-family: arial,helvetica,sans-serif;\">Chlebi\u010dov &#8222;B&#8220;\u00a0&#8211;\u00a0V\u0159esina<\/span><\/p>\n<p style=\"text-align: justify;\"><span style=\"font-size: 12pt; font-family: arial,helvetica,sans-serif;\">Pust\u00e1 Polom &#8222;B&#8220;\u00a0&#8211;\u00a0V\u00e1vrovice<\/span><\/p>\n<p style=\"text-align: justify;\"><span style=\"font-size: 12pt; font-family: arial,helvetica,sans-serif;\"><strong>Kobe\u0159ice &#8222;B&#8220;<\/strong><strong>\u00a0&#8211;\u00a0Hradec n\/M<\/strong><\/span><\/p>\n<p style=\"text-align: justify;\"><span style=\"font-size: 12pt; font-family: arial,helvetica,sans-serif;\">Mal\u00e9 Ho\u0161tice\u00a0&#8211;\u00a0Such\u00e9 Lazce<\/span><\/p>\n<p style=\"text-align: justify;\"><span style=\"font-size: 12pt; font-family: arial,helvetica,sans-serif;\">Litultovice\u00a0&#8211;\u00a0Budi\u0161ov n\/B<\/span><\/p>\n<p style=\"text-align: justify;\"><span style=\"font-size: 12pt; font-family: arial,helvetica,sans-serif;\"><u><br \/>\n<\/u><\/span><\/p>\n<p style=\"text-align: justify;\"><span style=\"text-decoration: underline;\"><span style=\"font-size: 14pt; font-family: arial,helvetica,sans-serif;\"><strong>Star\u0161\u00ed a mlad\u0161\u00ed \u017e\u00e1ci proti Ludge\u0159ovic\u00edm<\/strong><\/span><\/span><\/p>\n<p style=\"text-align: justify;\"><span style=\"font-size: 12pt; font-family: arial,helvetica,sans-serif;\"><strong>\u00a0<\/strong>P\u0159\u00ed\u0161t\u00ed utk\u00e1n\u00ed st. a ml. \u017e\u00e1k\u016f se uskute\u010dn\u00ed v\u00a0sobotu 9. dubna, kdy se na\u0161i kluci st\u0159etnou s\u00a0celkem Ludge\u0159ovic. Utk\u00e1n\u00ed st. \u017e\u00e1k\u016f m\u00e1 \u00favodn\u00ed v\u00fdkop v\u00a011:45, mlad\u0161\u00ed ve 13:30 hodin<\/span><\/p>\n<p style=\"text-align: justify;\"><span style=\"font-size: 12pt; font-family: arial,helvetica,sans-serif;\"><strong><br \/>\n<\/strong><\/span><\/p>\n","protected":false},"excerpt":{"rendered":"<p>Na\u0161e \u201eA\u201c mu\u017estvo zaj\u00ed\u017ed\u00ed k\u00a0d\u016fle\u017eit\u00e9mu utk\u00e1n\u00ed do B\u0159idli\u010dn\u00e9 Po prohran\u00e9m utk\u00e1n\u00ed doma s\u00a0Fren\u0161t\u00e1tem se st\u0159etnou na\u0161i hr\u00e1\u010di \u201eA\u201c mu\u017estva s\u00a0celkem B\u0159idli\u010dn\u00e9, kter\u00e1 je na posledn\u00edm m\u00edst\u011b<span class=\"excerpt-hellip\"> [\u2026]<\/span><\/p>\n","protected":false},"author":3,"featured_media":622,"comment_status":"closed","ping_status":"open","sticky":false,"template":"","format":"standard","meta":{"ngg_post_thumbnail":0,"footnotes":""},"categories":[115,112,110,107,117,111],"tags":[],"class_list":["post-1602","post","type-post","status-publish","format-standard","has-post-thumbnail","hentry","category-a-tym","category-b-tym","category-dorost","category-fotbal","category-mladsi-zaci","category-starsi-zaci"],"_links":{"self":[{"href":"https:\/\/tjsokolkoberice.cz\/index.php?rest_route=\/wp\/v2\/posts\/1602","targetHints":{"allow":["GET"]}}],"collection":[{"href":"https:\/\/tjsokolkoberice.cz\/index.php?rest_route=\/wp\/v2\/posts"}],"about":[{"href":"https:\/\/tjsokolkoberice.cz\/index.php?rest_route=\/wp\/v2\/types\/post"}],"author":[{"embeddable":true,"href":"https:\/\/tjsokolkoberice.cz\/index.php?rest_route=\/wp\/v2\/users\/3"}],"replies":[{"embeddable":true,"href":"https:\/\/tjsokolkoberice.cz\/index.php?rest_route=%2Fwp%2Fv2%2Fcomments&post=1602"}],"version-history":[{"count":4,"href":"https:\/\/tjsokolkoberice.cz\/index.php?rest_route=\/wp\/v2\/posts\/1602\/revisions"}],"predecessor-version":[{"id":1855,"href":"https:\/\/tjsokolkoberice.cz\/index.php?rest_route=\/wp\/v2\/posts\/1602\/revisions\/1855"}],"wp:featuredmedia":[{"embeddable":true,"href":"https:\/\/tjsokolkoberice.cz\/index.php?rest_route=\/wp\/v2\/media\/622"}],"wp:attachment":[{"href":"https:\/\/tjsokolkoberice.cz\/index.php?rest_route=%2Fwp%2Fv2%2Fmedia&parent=1602"}],"wp:term":[{"taxonomy":"category","embeddable":true,"href":"https:\/\/tjsokolkoberice.cz\/index.php?rest_route=%2Fwp%2Fv2%2Fcategories&post=1602"},{"taxonomy":"post_tag","embeddable":true,"href":"https:\/\/tjsokolkoberice.cz\/index.php?rest_route=%2Fwp%2Fv2%2Ftags&post=1602"}],"curies":[{"name":"wp","href":"https:\/\/api.w.org\/{rel}","templated":true}]}}