{"id":1725,"date":"2016-04-13T10:25:26","date_gmt":"2016-04-13T09:25:26","guid":{"rendered":"https:\/\/tjsokolkoberice.cz\/?p=1725"},"modified":"2025-10-14T11:58:25","modified_gmt":"2025-10-14T10:58:25","slug":"pozvanka-na-vikendova-utkani-nasich-muzstev","status":"publish","type":"post","link":"https:\/\/tjsokolkoberice.cz\/?p=1725","title":{"rendered":"Pozv\u00e1nka na v\u00edkendov\u00e1 utk\u00e1n\u00ed na\u0161ich mu\u017estev"},"content":{"rendered":"<p style=\"text-align: justify;\"><span style=\"font-size: 14pt; font-family: arial,helvetica,sans-serif;\"><strong>Mu\u017ei \u201eA\u201c hraj\u00ed d\u016fle\u017eit\u00e9 \u201ederby\u201c s\u00a0Krava\u0159emi<\/strong><\/span><\/p>\n<p style=\"text-align: justify;\"><span style=\"font-family: arial,helvetica,sans-serif;\">V\u00a0tomto kole sehrajeme presti\u017en\u00ed utk\u00e1n\u00ed s\u00a0Krava\u0159emi. Bude se hr\u00e1t o hodn\u011b, zvl\u00e1\u0161t\u011b kdy\u017e Krava\u0159e v\u00a0minul\u00e9m kole vyhr\u00e1ly a na\u0161i borci prohr\u00e1li d\u016fle\u017eit\u00e9 utk\u00e1n\u00ed v B\u0159idli\u010dn\u00e9. Do utk\u00e1n\u00ed s\u00a0Krava\u0159emi nastupujeme po dvou por\u00e1\u017ek\u00e1ch a jsme na 15. m\u00edst\u011b tabulky se ziskem 20 bod\u016f. Z\u00a0tohoto pohledu je jasn\u00e9, \u017ee body pot\u0159ebujeme, nebo\u0165 sou\u010dasn\u00e9 um\u00edst\u011bn\u00ed nen\u00ed p\u0159\u00edli\u0161 lichotiv\u00e9 a my se dostali do sestupov\u00e9ho p\u00e1sma. Pokud si na\u0161i fotbalist\u00e9 cht\u011bj\u00ed udr\u017eet nad\u011bji na udr\u017een\u00ed v nejvy\u0161\u0161\u00ed krajsk\u00e9 sout\u011b\u017ei, budou muset v\u00a0utk\u00e1n\u00ed s\u00a0Krava\u0159emi bodovat. \u017de to nebude snadn\u00fd \u00fakol nen\u00ed nutno zd\u016fraz\u0148ovat, zvl\u00e1\u0161t\u011b kdy\u017e jsme v\u00a0minul\u00fdch dvou kolech prohr\u00e1li a neda\u0159\u00ed se n\u00e1m prom\u011b\u0148ovat vytvo\u0159en\u00e9 g\u00f3lov\u00e9 \u0161ance. V\u00a0podzimn\u00edm utk\u00e1n\u00ed jsme v\u00a0Krava\u0159\u00edch prohr\u00e1li 1:2 a tak m\u00e1me sv\u00e9mu soupe\u0159i co opl\u00e1cet.<\/span><\/p>\n<p style=\"text-align: justify;\"><span style=\"font-family: arial,helvetica,sans-serif;\">Krava\u0159e nastupuj\u00ed do utk\u00e1n\u00ed s\u00a0n\u00e1mi jako t\u0159in\u00e1ct\u00e9 mu\u017estvo tabulky. Maj\u00ed o t\u0159i body v\u00edce a jejich um\u00edst\u011bn\u00ed nen\u00ed tak\u00e9 p\u0159\u00edli\u0161 lichotiv\u00e9. Jde tedy o utk\u00e1n\u00ed dvou mu\u017estev z\u00a0doln\u00ed poloviny tabulky a nav\u00edc se jedn\u00e1 o utk\u00e1n\u00ed presti\u017en\u00ed, derby. Lze tedy o\u010dek\u00e1vat, \u017ee ob\u011b mu\u017estva budou hr\u00e1t s\u00a0obrovsk\u00fdm nasazen\u00edm, tak\u017ee lze o\u010dek\u00e1vat zaj\u00edmavou fotbalovou pod\u00edvanou. <strong>Utk\u00e1n\u00ed krajsk\u00e9ho p\u0159eboru Kobe\u0159ice &#8211; Krava\u0159e se bude hr\u00e1t v\u00a0ned\u011bli 17. dubna od 16:00 hodin.<\/strong><\/span><\/p>\n<p style=\"text-align: justify;\"><span style=\"text-decoration: underline;\"><span style=\"font-family: arial,helvetica,sans-serif;\"><strong>V tomto kole d\u00e1le hraj\u00ed<\/strong><\/span><\/span><span style=\"font-family: arial,helvetica,sans-serif;\"><strong>\u00a0<\/strong><\/span><\/p>\n<p style=\"text-align: justify;\"><span style=\"font-family: arial,helvetica,sans-serif;\">Vendryn\u011b\u00a0&#8211;\u00a0Pust\u00e1 Polom<\/span><\/p>\n<p style=\"text-align: justify;\"><span style=\"font-family: arial,helvetica,sans-serif;\">V\u00edtkov\u00a0&#8211;\u00a0\u010cesk\u00fd T\u011b\u0161\u00edn<\/span><\/p>\n<p style=\"text-align: justify;\"><span style=\"font-family: arial,helvetica,sans-serif;\">Slavia Orlov\u00e1\u00a0&#8211;\u00a0Polanka<\/span><\/p>\n<p style=\"text-align: justify;\"><span style=\"font-family: arial,helvetica,sans-serif;\">H\u00e1j ve Slezsku\u00a0&#8211;\u00a0He\u0159manice<\/span><\/p>\n<p style=\"text-align: justify;\"><span style=\"font-family: arial,helvetica,sans-serif;\">\u0160enov\u00a0&#8211;\u00a0B\u0159idli\u010dn\u00e1<\/span><\/p>\n<p style=\"text-align: justify;\"><span style=\"font-family: arial,helvetica,sans-serif;\">Markvartovice\u00a0&#8211;\u00a0D\u011btmarovice<\/span><\/p>\n<p style=\"text-align: justify;\"><span style=\"font-family: arial,helvetica,sans-serif;\">Bohum\u00edn\u00a0&#8211;\u00a0Fren\u0161t\u00e1t p. R.<\/span><span style=\"font-family: arial,helvetica,sans-serif;\"><strong>\u00a0<\/strong><\/span><\/p>\n<p style=\"text-align: justify;\"><span style=\"font-family: arial,helvetica,sans-serif;\"><strong>\u00a0<\/strong><\/span><\/p>\n<p style=\"text-align: justify;\"><span style=\"font-family: arial, helvetica, sans-serif; font-size: 14pt;\"><strong>Mu\u017ei \u201eB\u201c zaj\u00ed\u017ed\u011bj\u00ed k\u00a0utk\u00e1n\u00ed se Slavi\u00ed<\/strong> <strong>Opava <\/strong><\/span><\/p>\n<p style=\"text-align: justify;\"><span style=\"font-family: arial,helvetica,sans-serif;\">Po prohran\u00e9m dom\u00e1c\u00edm utk\u00e1n\u00ed s\u00a0Hradcem budou mu\u017ei \u201eB\u201c hr\u00e1t venku se Slavi\u00ed Opava, kter\u00e1 je na 3. m\u00edst\u011b tabulky. Na\u0161i hr\u00e1\u010di jdou do utk\u00e1n\u00ed jako dvan\u00e1ct\u00e9 mu\u017estvo okresn\u00edho p\u0159eboru. Dom\u00e1c\u00ed jsou tedy favorit\u00e9 a tak jak\u00fdkoli bodov\u00fd zisk na p\u016fd\u011b hork\u00e9ho favorita bude na\u0161\u00edm \u00fasp\u011bchem<strong>. Utk\u00e1n\u00ed okresn\u00edho p\u0159eboru Slavia Opava &#8211; Kobe\u0159ice \u201eB\u201c se bude hr\u00e1t v\u00a0sobotu 16. dubna od 16:00 hodin. <\/strong>Odjezd k\u00a0utk\u00e1n\u00ed je ve14:45.<\/span><\/p>\n<p style=\"text-align: justify;\"><span style=\"text-decoration: underline;\"><span style=\"font-family: arial,helvetica,sans-serif;\"><strong>V tomto kole hraj\u00ed:<\/strong><\/span><\/span><\/p>\n<p style=\"text-align: justify;\"><span style=\"font-family: arial,helvetica,sans-serif;\"><strong>Slavia Opava<\/strong><strong>\u00a0\u2013\u00a0Kobe\u0159ice B<\/strong><\/span><\/p>\n<p style=\"text-align: justify;\"><span style=\"font-family: arial,helvetica,sans-serif;\">V\u00e1vrovice\u00a0&#8211;\u00a0Litultovice<\/span><\/p>\n<p style=\"text-align: justify;\"><span style=\"font-family: arial,helvetica,sans-serif;\">Such\u00e9 Lazce\u00a0&#8211;\u00a0Jakartovice<\/span><\/p>\n<p style=\"text-align: justify;\"><span style=\"font-family: arial,helvetica,sans-serif;\">Hradec n\/M\u00a0&#8211;\u00a0Pust\u00e1 Polom B<\/span><\/p>\n<p style=\"text-align: justify;\"><span style=\"font-family: arial,helvetica,sans-serif;\">B\u011bl\u00e1\u00a0&#8211;\u00a0Mal\u00e9 Ho\u0161tice<\/span><\/p>\n<p style=\"text-align: justify;\"><span style=\"font-family: arial,helvetica,sans-serif;\">Budi\u0161ov n\/B\u00a0&#8211;\u00a0Chlebi\u010dov &#8222;B&#8220;<\/span><\/p>\n<p style=\"text-align: justify;\"><span style=\"font-family: arial,helvetica,sans-serif;\">V\u0159esina\u00a0\u2013\u00a0St\u011bbo\u0159ice<\/span><\/p>\n<p style=\"text-align: justify;\"><span style=\"font-family: arial, helvetica, sans-serif; font-size: 14pt;\"><strong>Dorostenci budou hr\u00e1t v\u00a0p\u0159edz\u00e1pase hlavn\u00edho utk\u00e1n\u00ed s\u00a0Doln\u00edm Bene\u0161ovem<\/strong><\/span><\/p>\n<p style=\"text-align: justify;\"><span style=\"font-family: arial,helvetica,sans-serif;\">Dorostenci d\u011blaj\u00ed na\u0161im fotbalov\u00fdm fanou\u0161k\u016fm radost. Jsou jako nov\u00e1\u010dek sout\u011b\u017ee na 4. m\u00edst\u011b tabulky krajsk\u00e9 sout\u011b\u017ee. Doposud uhr\u00e1li 31 bod\u016f a v utk\u00e1n\u00ed s Doln\u00edm Bene\u0161ovem jsou favority. Nyn\u00ed jde o to tuto \u00falohu splnit. Doln\u00ed Bene\u0161ov je na 10. m\u00edst\u011b s 19 body. V podzimn\u00edm utk\u00e1n\u00ed jsme v Doln\u00edm Bene\u0161ov\u011b vyhr\u00e1li 2:0, kdy\u017e na\u0161e branky dali Tom\u00e1\u0161 Bolack\u00fd a Anton\u00edn Kubn\u00fd. <strong>Utk\u00e1n\u00ed krajsk\u00e9 sout\u011b\u017ee dorostu se hraje v ned\u011bli 17. dubna ve 13:45 hodin. <\/strong><\/span><\/p>\n<p style=\"text-align: justify;\"><span style=\"font-family: arial,helvetica,sans-serif;\"><strong>\u00a0<\/strong><\/span><\/p>\n<p style=\"text-align: justify;\"><span style=\"text-decoration: underline;\"><span style=\"font-family: arial,helvetica,sans-serif;\"><strong>V tomto kole hraj\u00ed:<\/strong><\/span><\/span><\/p>\n<p style=\"text-align: justify;\"><span style=\"font-family: arial,helvetica,sans-serif;\">V\u00e1vrovice\u00a0&#8211;\u00a0Vratimov<\/span><\/p>\n<p style=\"text-align: justify;\"><span style=\"font-family: arial,helvetica,sans-serif;\">Svinov\u00a0&#8211;\u00a0R\u00fdma\u0159ov<\/span><\/p>\n<p style=\"text-align: justify;\"><span style=\"font-family: arial,helvetica,sans-serif;\">Hradec n.M.\u00a0&#8211;\u00a0Stud\u00e9nka<\/span><\/p>\n<p style=\"text-align: justify;\"><span style=\"font-family: arial,helvetica,sans-serif;\">V\u00edtkov\u00a0&#8211;\u00a0Fulnek<\/span><\/p>\n<p style=\"text-align: justify;\"><span style=\"font-family: arial,helvetica,sans-serif;\">Polanka\u00a0&#8211;\u00a0Star\u00e1 B\u011bl\u00e1<\/span><\/p>\n<p style=\"text-align: justify;\"><span style=\"font-family: arial,helvetica,sans-serif;\">Darkovi\u010dky\u00a0&#8211;\u00a0Kr\u00e1sn\u00e9 Pole<\/span><\/p>\n<p style=\"text-align: justify;\"><span style=\"font-family: arial,helvetica,sans-serif;\"><strong>Kobe\u0159ice<\/strong><strong>\u00a0&#8211;\u00a0Doln\u00ed Bene\u0161ov<\/strong><\/span><\/p>\n<p style=\"text-align: justify;\"><span style=\"font-family: arial, helvetica, sans-serif; font-size: 14pt;\"><strong>Star\u0161\u00ed a mlad\u0161\u00ed \u017e\u00e1ci v\u00a0Darkovi\u010dk\u00e1ch<\/strong><\/span><\/p>\n<p style=\"text-align: justify;\"><span style=\"font-family: arial,helvetica,sans-serif;\">V sobotu 16. dubna sehraj\u00ed star\u0161\u00ed a mlad\u0161\u00ed \u017e\u00e1ci utk\u00e1n\u00ed v Darkovi\u010dk\u00e1ch. Bude se hr\u00e1t ve 12:15 a ve 14:00 hodin. Spole\u010dn\u00fd odjezd je v 10:45 hodin.<\/span><\/p>\n<p style=\"text-align: justify;\"><span style=\"font-family: arial,helvetica,sans-serif;\"><strong>\u00a0<\/strong><\/span><\/p>\n<p style=\"text-align: justify;\"><span style=\"font-family: arial, helvetica, sans-serif; font-size: 14pt;\"><strong>Za\u010d\u00ednaj\u00ed rovn\u011b\u017e p\u0159\u00edpravky<\/strong><\/span><\/p>\n<table width=\"540\">\n<tbody>\n<tr style=\"text-align: justify;\">\n<td width=\"64\"><span style=\"font-family: arial,helvetica,sans-serif;\">PO<\/span><\/td>\n<td width=\"159\"><span style=\"font-family: arial,helvetica,sans-serif;\">18.4.2016 16:30<\/span><\/td>\n<td width=\"159\"><span style=\"font-family: arial,helvetica,sans-serif;\">Krava\u0159e<\/span><\/td>\n<td width=\"159\"><span style=\"font-family: arial,helvetica,sans-serif;\">Kobe\u0159ice mini star\u0161\u00ed<\/span><\/td>\n<\/tr>\n<tr style=\"text-align: justify;\">\n<td width=\"64\"><span style=\"font-family: arial,helvetica,sans-serif;\">ST<\/span><\/td>\n<td width=\"159\"><span style=\"font-family: arial,helvetica,sans-serif;\">20.4.2016 16:30<\/span><\/td>\n<td width=\"159\"><span style=\"font-family: arial,helvetica,sans-serif;\">Bolatice<\/span><\/td>\n<td width=\"159\"><span style=\"font-family: arial,helvetica,sans-serif;\">Kobe\u0159ice mini mlad\u0161\u00ed<\/span><\/td>\n<\/tr>\n<tr style=\"text-align: justify;\">\n<td width=\"64\"><span style=\"font-family: arial,helvetica,sans-serif;\">P\u00c1<\/span><\/td>\n<td width=\"159\"><span style=\"font-family: arial,helvetica,sans-serif;\">22.4.2016 16:30<\/span><\/td>\n<td width=\"159\"><span style=\"font-family: arial,helvetica,sans-serif;\">Chlebi\u010dov<\/span><\/td>\n<td width=\"159\"><span style=\"font-family: arial,helvetica,sans-serif;\">Kobe\u0159ice mini star\u0161\u00ed<\/span><\/td>\n<\/tr>\n<\/tbody>\n<\/table>\n","protected":false},"excerpt":{"rendered":"<p>Mu\u017ei \u201eA\u201c hraj\u00ed d\u016fle\u017eit\u00e9 \u201ederby\u201c s\u00a0Krava\u0159emi V\u00a0tomto kole sehrajeme presti\u017en\u00ed utk\u00e1n\u00ed s\u00a0Krava\u0159emi. Bude se hr\u00e1t o hodn\u011b, zvl\u00e1\u0161t\u011b kdy\u017e Krava\u0159e v\u00a0minul\u00e9m kole vyhr\u00e1ly a na\u0161i borci<span class=\"excerpt-hellip\"> [\u2026]<\/span><\/p>\n","protected":false},"author":3,"featured_media":1729,"comment_status":"closed","ping_status":"open","sticky":false,"template":"","format":"standard","meta":{"ngg_post_thumbnail":0,"footnotes":""},"categories":[115,112,110,107,120,119,117,103,111],"tags":[],"class_list":["post-1725","post","type-post","status-publish","format-standard","has-post-thumbnail","hentry","category-a-tym","category-b-tym","category-dorost","category-fotbal","category-mini-mladsi","category-mini-starsi","category-mladsi-zaci","category-pozvanky","category-starsi-zaci"],"_links":{"self":[{"href":"https:\/\/tjsokolkoberice.cz\/index.php?rest_route=\/wp\/v2\/posts\/1725","targetHints":{"allow":["GET"]}}],"collection":[{"href":"https:\/\/tjsokolkoberice.cz\/index.php?rest_route=\/wp\/v2\/posts"}],"about":[{"href":"https:\/\/tjsokolkoberice.cz\/index.php?rest_route=\/wp\/v2\/types\/post"}],"author":[{"embeddable":true,"href":"https:\/\/tjsokolkoberice.cz\/index.php?rest_route=\/wp\/v2\/users\/3"}],"replies":[{"embeddable":true,"href":"https:\/\/tjsokolkoberice.cz\/index.php?rest_route=%2Fwp%2Fv2%2Fcomments&post=1725"}],"version-history":[{"count":8,"href":"https:\/\/tjsokolkoberice.cz\/index.php?rest_route=\/wp\/v2\/posts\/1725\/revisions"}],"predecessor-version":[{"id":2102,"href":"https:\/\/tjsokolkoberice.cz\/index.php?rest_route=\/wp\/v2\/posts\/1725\/revisions\/2102"}],"wp:featuredmedia":[{"embeddable":true,"href":"https:\/\/tjsokolkoberice.cz\/index.php?rest_route=\/wp\/v2\/media\/1729"}],"wp:attachment":[{"href":"https:\/\/tjsokolkoberice.cz\/index.php?rest_route=%2Fwp%2Fv2%2Fmedia&parent=1725"}],"wp:term":[{"taxonomy":"category","embeddable":true,"href":"https:\/\/tjsokolkoberice.cz\/index.php?rest_route=%2Fwp%2Fv2%2Fcategories&post=1725"},{"taxonomy":"post_tag","embeddable":true,"href":"https:\/\/tjsokolkoberice.cz\/index.php?rest_route=%2Fwp%2Fv2%2Ftags&post=1725"}],"curies":[{"name":"wp","href":"https:\/\/api.w.org\/{rel}","templated":true}]}}