{"id":1736,"date":"2016-04-13T11:11:26","date_gmt":"2016-04-13T10:11:26","guid":{"rendered":"https:\/\/tjsokolkoberice.cz\/?p=1736"},"modified":"2025-10-14T11:58:25","modified_gmt":"2025-10-14T10:58:25","slug":"rekonstrukce-tenisovych-kurtu","status":"publish","type":"post","link":"https:\/\/tjsokolkoberice.cz\/?p=1736","title":{"rendered":"Rekonstrukce kurt\u016f"},"content":{"rendered":"<p style=\"text-align: justify;\"><span style=\"font-family: arial,helvetica,sans-serif; font-size: 12pt;\">P\u0159ed novou sez\u00f3nou prob\u00edh\u00e1 na kurtech, jako ka\u017ed\u00fd rok, pravideln\u00e1 brig\u00e1da \u010dlen\u016f tenisov\u00e9ho a volejbalov\u00e9ho odd\u00edlu TJ Sokol Kobe\u0159ice. V&nbsp;leto\u0161n\u00edm roce se tenist\u00e9 mohou t\u011b\u0161it na 2 zrekonstruovan\u00e9 kurty. V&nbsp;p\u0159edchoz\u00edch letech byl k&nbsp;tenisu vyu\u017e\u00edv\u00e1n p\u0159ev\u00e1\u017en\u011b jeden kurt, druh\u00fd vyu\u017e\u00edvaly i na\u0161e volejbalistky. Kvalita tohoto kurtu byla o pozn\u00e1n\u00ed hor\u0161\u00ed d\u00edky \u0161patn\u00e9mu podlo\u017e\u00ed, co\u017e zp\u016fsobovalo, \u017ee tenis se zde hr\u00e1l \u0161patn\u011b a rovn\u011b\u017e doch\u00e1zelo k&nbsp;term\u00ednov\u00e9 kolizi s&nbsp;volejbalistkami. Proto veden\u00ed obce p\u0159istoupilo, na z\u00e1klad\u011b \u017e\u00e1dosti odd\u00edlu volejbalu a tenisu, po 12 letech \u010dinnosti obou odd\u00edl\u016f k&nbsp;investici na rekonstrukci dvou kurt\u016f a v\u00fdstavbu dvou h\u0159i\u0161\u0165 pro volejbalistky s&nbsp;povrchem antuka a p\u00edsek. Aby se u\u0161et\u0159ily finance, prov\u00e1d\u00ed stavbu obec sv\u00e9pomoci za sou\u010dasn\u00e9 konzultace s odbornou firmou. Hlavn\u00edm c\u00edlem nov\u00e9 investice je vytvo\u0159it pro d\u011bti, ml\u00e1de\u017e a dosp\u011bl\u00e9 podm\u00ednky pro sportov\u00e1n\u00ed a vyu\u017eit\u00ed voln\u00e9ho \u010dasu. Are\u00e1l kurt\u016f bude moci vyu\u017e\u00edvat \u0161irok\u00e1 ve\u0159ejnost.<\/span><\/p>\n<p style=\"text-align: justify;\"><span style=\"font-family: arial,helvetica,sans-serif; font-size: 12pt;\">O dal\u0161\u00edm pr\u016fb\u011bhu rekonstrukce V\u00e1s budeme informovat na tomto webu.<\/span><\/p>\n","protected":false},"excerpt":{"rendered":"<p>P\u0159ed novou sez\u00f3nou prob\u00edh\u00e1 na kurtech, jako ka\u017ed\u00fd rok, pravideln\u00e1 brig\u00e1da \u010dlen\u016f tenisov\u00e9ho a volejbalov\u00e9ho odd\u00edlu TJ Sokol Kobe\u0159ice. V&nbsp;leto\u0161n\u00edm roce se tenist\u00e9 mohou t\u011b\u0161it na<span class=\"excerpt-hellip\"> [\u2026]<\/span><\/p>\n","protected":false},"author":3,"featured_media":1737,"comment_status":"closed","ping_status":"open","sticky":false,"template":"","format":"standard","meta":{"ngg_post_thumbnail":0,"footnotes":""},"categories":[122,131],"tags":[],"class_list":["post-1736","post","type-post","status-publish","format-standard","has-post-thumbnail","hentry","category-tenis","category-volejbal"],"_links":{"self":[{"href":"https:\/\/tjsokolkoberice.cz\/index.php?rest_route=\/wp\/v2\/posts\/1736","targetHints":{"allow":["GET"]}}],"collection":[{"href":"https:\/\/tjsokolkoberice.cz\/index.php?rest_route=\/wp\/v2\/posts"}],"about":[{"href":"https:\/\/tjsokolkoberice.cz\/index.php?rest_route=\/wp\/v2\/types\/post"}],"author":[{"embeddable":true,"href":"https:\/\/tjsokolkoberice.cz\/index.php?rest_route=\/wp\/v2\/users\/3"}],"replies":[{"embeddable":true,"href":"https:\/\/tjsokolkoberice.cz\/index.php?rest_route=%2Fwp%2Fv2%2Fcomments&post=1736"}],"version-history":[{"count":5,"href":"https:\/\/tjsokolkoberice.cz\/index.php?rest_route=\/wp\/v2\/posts\/1736\/revisions"}],"predecessor-version":[{"id":3213,"href":"https:\/\/tjsokolkoberice.cz\/index.php?rest_route=\/wp\/v2\/posts\/1736\/revisions\/3213"}],"wp:featuredmedia":[{"embeddable":true,"href":"https:\/\/tjsokolkoberice.cz\/index.php?rest_route=\/wp\/v2\/media\/1737"}],"wp:attachment":[{"href":"https:\/\/tjsokolkoberice.cz\/index.php?rest_route=%2Fwp%2Fv2%2Fmedia&parent=1736"}],"wp:term":[{"taxonomy":"category","embeddable":true,"href":"https:\/\/tjsokolkoberice.cz\/index.php?rest_route=%2Fwp%2Fv2%2Fcategories&post=1736"},{"taxonomy":"post_tag","embeddable":true,"href":"https:\/\/tjsokolkoberice.cz\/index.php?rest_route=%2Fwp%2Fv2%2Ftags&post=1736"}],"curies":[{"name":"wp","href":"https:\/\/api.w.org\/{rel}","templated":true}]}}