{"id":1985,"date":"2016-04-18T10:25:21","date_gmt":"2016-04-18T09:25:21","guid":{"rendered":"https:\/\/tjsokolkoberice.cz\/?p=1985"},"modified":"2025-10-14T11:58:25","modified_gmt":"2025-10-14T10:58:25","slug":"kobericka-dvacitka-2016-tradicni-zavod-ao-tj-sokol-koberice","status":"publish","type":"post","link":"https:\/\/tjsokolkoberice.cz\/?p=1985","title":{"rendered":"KOBE\u0158ICK\u00c1 DVAC\u00cdTKA 2016 (tradi\u010dn\u00ed z\u00e1vod AO TJ Sokol Kobe\u0159ice)"},"content":{"rendered":"<p style=\"text-align: justify;\"><span style=\"font-size: 12pt; font-family: arial,helvetica,sans-serif;\">Leto\u0161n\u00edmu jubilejn\u00edmu 35. ro\u010dn\u00edku Kobe\u0159ick\u00e9 dvac\u00edtky po\u010das\u00ed moc nep\u0159\u00e1lo. Za pochmurn\u00e9ho, mlhav\u00e9ho a studen\u00e9ho po\u010das\u00ed se v ned\u011bli 13. 3. 2016 z\u00e1vodu z\u00fa\u010dastnilo 208 b\u011b\u017ec\u016f. Do hlavn\u00edho z\u00e1vodu na 20 km vyb\u011bhlo celkem 136 b\u011b\u017ec\u016f, na tra\u0165 10 a 6 km 50 b\u011b\u017ec\u016f. V \u017e\u00e1kovsk\u00fdch kategori\u00edch bylo dohromady 22 d\u011bt\u00ed. V\u00a0hlavni kategorii A do 39 let zv\u00edt\u011bzil Jakub Zemanik z klubu\u00a0SSK V\u00edtkovice p\u0159ed Janem S\u00fdkorou z\u00a0Dukly Praha a sv\u00fdm bratrem Janem Zemanikem ze\u00a0Salomon Teamu. Z\u00a0\u017een zv\u00edt\u011bzila Petra Pastorov\u00e1 z\u00a0MK Seitel Ostrava p\u0159ed Bluchovou Kate\u0159inou z\u00a0AUSMING Team a Krstevovou Andreou z PEARL Rumi Czech. Z\u00a0na\u0161ich Kobe\u0159ick\u00fdch b\u011b\u017ec\u016f se na 20 km trati um\u00edstil Tom\u00e1\u0161 Mrovec v\u00a0kategorii A do 39 let na 40 m\u00edst\u011b \u010dasem 1:35:36, d\u00e1le Roman Ja\u0161ek v\u00a0kategorii B do 49 let na 15 m\u00edst\u011b \u010dasem 1:30:26 a Urbi\u0161 Jan v kategorii D do 69 let na 6 m\u00edst\u011b s \u010dasem 1:48:05. Na 6 km trati se n\u00e1\u0161 Marek Ja\u0161ek um\u00edstil na 11 m\u00edst\u011b \u010dasem 0:31:48. Mezi \u017e\u00e1ky do 15 let se na trati dlouh\u00e9 1300 m um\u00edstili na 3. m\u00edst\u011b Filip Stromsk\u00fd, na 4. m\u00edst\u011b St\u0159\u00edbn\u00fd \u0160t\u011bp\u00e1n, na 5. m\u00edst\u011b \u0160van\u010dar Sebastian, na 6. m\u00edst\u011b Kubn\u00fd Mat\u011bj, na 7. m\u00edst\u011b Schindelek Daniel a na 8. m\u00edst\u011b Urbi\u0161 Franti\u0161ek. V\u00a0kategorii \u017d\u00e1ci do 12 let se na trati 650 m um\u00edstil na 1. m\u00edst\u011b Mrovec Max a na 2. m\u00edst\u011b Halfar V\u00edt, oba z Kobe\u0159ic. V\u00a0kategorii D\u011bti do 6 let se na tra\u0165 vydali: Mo\u0161a Richard, Mo\u0161a Robin, Mrovec Michal a \u017d\u00eddek Alexandr.<\/span><\/p>\n<p style=\"text-align: justify;\"><span style=\"font-size: 12pt; font-family: arial,helvetica,sans-serif;\">Z\u00e1vod se velmi vyda\u0159il d\u00edky skv\u011bl\u00e9 \u00farovni a organizaci po\u0159adatel\u016f, kte\u0159\u00ed t\u00edmto d\u011bkuj\u00ed sponzor\u016fm a v\u0161em, kte\u0159\u00ed se zaslou\u017eili svou spolupr\u00e1ci o zd\u00e1rn\u00fd pr\u016fb\u011bh z\u00e1vodu.<\/span><\/p>\n<p style=\"text-align: justify;\"><span style=\"font-size: 12pt; font-family: arial,helvetica,sans-serif;\">\u00a0\u00a0\u00a0\u00a0\u00a0\u00a0\u00a0\u00a0\u00a0\u00a0\u00a0\u00a0\u00a0\u00a0\u00a0\u00a0\u00a0\u00a0\u00a0\u00a0\u00a0\u00a0\u00a0\u00a0\u00a0\u00a0\u00a0\u00a0\u00a0\u00a0\u00a0\u00a0\u00a0\u00a0\u00a0\u00a0\u00a0\u00a0\u00a0\u00a0\u00a0\u00a0\u00a0\u00a0\u00a0\u00a0\u00a0\u00a0\u00a0\u00a0\u00a0\u00a0\u00a0\u00a0\u00a0\u00a0\u00a0\u00a0\u00a0\u00a0\u00a0\u00a0\u00a0\u00a0\u00a0\u00a0\u00a0\u00a0\u00a0\u00a0\u00a0\u00a0\u00a0\u00a0\u00a0\u00a0\u00a0\u00a0\u00a0\u00a0\u00a0 Stanislav Halfar, \u010dlen AO TJ Sokol<\/span><\/p>\n","protected":false},"excerpt":{"rendered":"<p>Leto\u0161n\u00edmu jubilejn\u00edmu 35. ro\u010dn\u00edku Kobe\u0159ick\u00e9 dvac\u00edtky po\u010das\u00ed moc nep\u0159\u00e1lo. Za pochmurn\u00e9ho, mlhav\u00e9ho a studen\u00e9ho po\u010das\u00ed se v ned\u011bli 13. 3. 2016 z\u00e1vodu z\u00fa\u010dastnilo 208 b\u011b\u017ec\u016f. Do<span class=\"excerpt-hellip\"> [\u2026]<\/span><\/p>\n","protected":false},"author":3,"featured_media":1991,"comment_status":"closed","ping_status":"open","sticky":false,"template":"","format":"standard","meta":{"ngg_post_thumbnail":0,"footnotes":""},"categories":[126],"tags":[],"class_list":["post-1985","post","type-post","status-publish","format-standard","has-post-thumbnail","hentry","category-atletika"],"_links":{"self":[{"href":"https:\/\/tjsokolkoberice.cz\/index.php?rest_route=\/wp\/v2\/posts\/1985","targetHints":{"allow":["GET"]}}],"collection":[{"href":"https:\/\/tjsokolkoberice.cz\/index.php?rest_route=\/wp\/v2\/posts"}],"about":[{"href":"https:\/\/tjsokolkoberice.cz\/index.php?rest_route=\/wp\/v2\/types\/post"}],"author":[{"embeddable":true,"href":"https:\/\/tjsokolkoberice.cz\/index.php?rest_route=\/wp\/v2\/users\/3"}],"replies":[{"embeddable":true,"href":"https:\/\/tjsokolkoberice.cz\/index.php?rest_route=%2Fwp%2Fv2%2Fcomments&post=1985"}],"version-history":[{"count":5,"href":"https:\/\/tjsokolkoberice.cz\/index.php?rest_route=\/wp\/v2\/posts\/1985\/revisions"}],"predecessor-version":[{"id":2131,"href":"https:\/\/tjsokolkoberice.cz\/index.php?rest_route=\/wp\/v2\/posts\/1985\/revisions\/2131"}],"wp:featuredmedia":[{"embeddable":true,"href":"https:\/\/tjsokolkoberice.cz\/index.php?rest_route=\/wp\/v2\/media\/1991"}],"wp:attachment":[{"href":"https:\/\/tjsokolkoberice.cz\/index.php?rest_route=%2Fwp%2Fv2%2Fmedia&parent=1985"}],"wp:term":[{"taxonomy":"category","embeddable":true,"href":"https:\/\/tjsokolkoberice.cz\/index.php?rest_route=%2Fwp%2Fv2%2Fcategories&post=1985"},{"taxonomy":"post_tag","embeddable":true,"href":"https:\/\/tjsokolkoberice.cz\/index.php?rest_route=%2Fwp%2Fv2%2Ftags&post=1985"}],"curies":[{"name":"wp","href":"https:\/\/api.w.org\/{rel}","templated":true}]}}