{"id":2094,"date":"2016-04-20T14:29:33","date_gmt":"2016-04-20T13:29:33","guid":{"rendered":"https:\/\/tjsokolkoberice.cz\/?p=2094"},"modified":"2025-10-14T11:58:25","modified_gmt":"2025-10-14T10:58:25","slug":"muzi-porazili-doma-kravare","status":"publish","type":"post","link":"https:\/\/tjsokolkoberice.cz\/?p=2094","title":{"rendered":"Mu\u017ei &#8222;A&#8220; ovl\u00e1dli derby s Krava\u0159emi"},"content":{"rendered":"<h3 style=\"text-align: justify;\"><span style=\"color: #333333;\"><strong><span style=\"font-family: arial,helvetica,sans-serif; font-size: 12pt;\">TJ Sokol Kobe\u0159ice &#8211; MFK Krava\u0159e \u00a03:0 (2:0)<\/span><\/strong><\/span><\/h3>\n<p style=\"text-align: justify;\"><span style=\"font-family: arial,helvetica,sans-serif; font-size: 12pt; color: #333333;\">Ned\u011bln\u00ed derby s\u00a0Krava\u0159emi se hr\u00e1lo p\u0159ed v\u00fdbornou div\u00e1ckou kulisou. Jak si oba celky v\u00a0utk\u00e1n\u00ed povedou se p\u0159i\u0161lo pod\u00edvat na 700 div\u00e1k\u016f. Tato div\u00e1ck\u00e1 kulisa nen\u00ed n\u011bkdy ani na druholigov\u00e9m z\u00e1pase. <\/span><\/p>\n<p style=\"text-align: justify;\"><span style=\"font-family: arial,helvetica,sans-serif; font-size: 12pt; color: #333333;\">Dobr\u00e1 brankov\u00e1 p\u0159\u00edle\u017eitost na\u0161eho celku se za\u010dala rodit u\u017e v\u00a05. minut\u011b. Bal\u00f3n vyslal na rozb\u011bhnut\u00e9ho \u0160ime\u010dka \u017dmol\u00edk, ten vid\u011bl dob\u0159e postaven\u00e9ho Wirtha, kter\u00fd v\u0161ak netrefil bal\u00f3n a dob\u00edhaj\u00edc\u00ed Hartmann jen prot\u00e1hl hostuj\u00edc\u00edho brank\u00e1\u0159e. Za malou chv\u00edli zahr\u00e1valy Krava\u0159e trestn\u00fd kop, na kter\u00fd v\u00fdborn\u00fdm z\u00e1krokem zareagoval brank\u00e1\u0159 Ziegl. Bezbrankov\u00fd stav vydr\u017eel a\u017e do 15. minuty, kdy se \u0160ime\u010dek prohnal kolem chybuj\u00edc\u00edho hr\u00e1\u010de Krava\u0159 a Ren\u00e9 Wirth vs\u00edtil \u00favodn\u00ed branku utk\u00e1n\u00ed &#8211; 1:0. Host\u00e9 se v\u0161ak nevzd\u00e1vali, kdy\u017e po dvou pokusech nesm\u011broval m\u00ed\u010d mezi ty\u010de na\u0161\u00ed branky. Ve 28. minut\u011b se dob\u0159e vyznamenal n\u00e1\u0161 brank\u00e1\u0159 Ziegl, kter\u00fd nebezpe\u010dn\u00fd centr host\u00ed vy\u0161kr\u00e1bl nad b\u0159evno. Zanedlouho zkusil \u0161t\u011bst\u00ed dal\u0161\u00ed z\u00a0hr\u00e1\u010d\u016f Krava\u0159, ale jeho st\u0159ela prolet\u011bla jen kolem na\u0161\u00ed branky. \u010cty\u0159i minuty p\u0159ed koncem prvn\u00edho polo\u010dasu jsme vs\u00edtili druhou branku. Ren\u00e9 Wirth na\u0161el nik\u00fdm nepokryt\u00e9ho \u0160ime\u010dka a ten nekompromisn\u011b zv\u00fd\u0161il n\u00e1\u0161 n\u00e1skok na 2:0. Host\u00e9 z\u00a0Krava\u0159 postupn\u011b otev\u00edrali obranu, \u010deho\u017e jsme vyu\u017e\u00edvali k\u00a0rychl\u00fdm akc\u00edm. Nejprve si \u0160ime\u010dek po\u010d\u00edhal na centr st\u0159\u00eddaj\u00edc\u00edho Petra Stuchl\u00edka, ov\u0161em m\u00ed\u0159il p\u0159\u00edli\u0161 vysoko. Pot\u00e9 se dostal do s\u00f3lov\u00e9ho n\u00e1jezdu Kry\u0161tof a n\u00e1slednou r\u00e1nu v\u0161ak zlikvidoval krava\u0159sk\u00fd str\u00e1\u017ece svatyn\u011b. V\u00a083. minut\u011b jsme mohli oslavovat t\u0159et\u00ed \u00fasp\u011bch na\u0161eho celku, kdy se individu\u00e1ln\u00ed akc\u00ed bl\u00fdskl Robin Wirth, jeho\u017e p\u0159ihr\u00e1vku n\u00e1sledn\u011b prom\u011bnil v\u00a0n\u00e1\u0161 t\u0159et\u00ed \u00a0\u00fasp\u011bch \u0160ime\u010dek. D\u016fle\u017eit\u00e9 utk\u00e1n\u00ed o z\u00e1chranu jsme tak zvl\u00e1dli na jedni\u010dku.<\/span><\/p>\n<p style=\"text-align: justify;\"><span style=\"color: #333333;\"><em><span style=\"font-family: arial,helvetica,sans-serif; font-size: 12pt;\">\u201eBylo to bojovn\u00e9 derby bez n\u011bjak\u00fdch vylo\u017een\u00fdch \u0161anc\u00ed. Kluci byli zpo\u010d\u00e1tku p\u0159ed vysokou div\u00e1ckou n\u00e1v\u0161t\u011bvou tro\u0161ku sv\u00e1z\u00e1n\u00ed, ale na\u0161t\u011bst\u00ed jsme se ujali veden\u00ed a definitivn\u011b n\u00e1s uklidnil g\u00f3l do \u0161atny. Potom u\u017e jsme si to zku\u0161en\u011b hl\u00eddali, kdy\u017e jsme soupe\u0159e k\u00a0ni\u010demu nepustili\u201c <\/span><\/em><span style=\"font-family: arial,helvetica,sans-serif; font-size: 12pt;\">radoval se vedouc\u00ed na\u0161eho mu\u017estva Martin Halfar (zdroj Region Opavsko).<\/span><\/span><\/p>\n<p style=\"text-align: justify;\"><span style=\"font-family: arial,helvetica,sans-serif; font-size: 12pt; color: #333333;\"><strong>Sestava na\u0161eho mu\u017estva:<\/strong> Ziegl, J. Oberherr, D. Jan\u00edk, Robin Wirth, J. Jan\u00edk (69. P. Stuchl\u00edk), Hartmann (62. Gor\u010dakovsk\u00fd), \u017dmol\u00edk, Ren\u00e9 Wirt, Ja\u0161ek (86. N\u00e1hl\u00edk ), Kry\u0161tof (85. A. Oberherr), \u0160ime\u010dek (86. Stuchl\u00edk) <span style=\"text-decoration: underline;\">Tren\u00e9r:<\/span> Tom\u00e1\u0161 Kamr\u00e1d.<\/span><\/p>\n<p><span style=\"color: #0000ff; font-size: 12pt; font-family: arial,helvetica,sans-serif;\"><a style=\"color: #0000ff;\" href=\"https:\/\/tjsokolkoberice.cz\/fotbal\/skupina-a\/\">&gt;&gt; odkaz na str\u00e1nky mu\u017e\u016f &#8222;A&#8220;<\/a><\/span><\/p>\n","protected":false},"excerpt":{"rendered":"<p>TJ Sokol Kobe\u0159ice &#8211; MFK Krava\u0159e \u00a03:0 (2:0) Ned\u011bln\u00ed derby s\u00a0Krava\u0159emi se hr\u00e1lo p\u0159ed v\u00fdbornou div\u00e1ckou kulisou. Jak si oba celky v\u00a0utk\u00e1n\u00ed povedou se p\u0159i\u0161lo pod\u00edvat<span class=\"excerpt-hellip\"> [\u2026]<\/span><\/p>\n","protected":false},"author":3,"featured_media":2095,"comment_status":"closed","ping_status":"open","sticky":false,"template":"","format":"standard","meta":{"ngg_post_thumbnail":0,"footnotes":""},"categories":[115,107],"tags":[],"class_list":["post-2094","post","type-post","status-publish","format-standard","has-post-thumbnail","hentry","category-a-tym","category-fotbal"],"_links":{"self":[{"href":"https:\/\/tjsokolkoberice.cz\/index.php?rest_route=\/wp\/v2\/posts\/2094","targetHints":{"allow":["GET"]}}],"collection":[{"href":"https:\/\/tjsokolkoberice.cz\/index.php?rest_route=\/wp\/v2\/posts"}],"about":[{"href":"https:\/\/tjsokolkoberice.cz\/index.php?rest_route=\/wp\/v2\/types\/post"}],"author":[{"embeddable":true,"href":"https:\/\/tjsokolkoberice.cz\/index.php?rest_route=\/wp\/v2\/users\/3"}],"replies":[{"embeddable":true,"href":"https:\/\/tjsokolkoberice.cz\/index.php?rest_route=%2Fwp%2Fv2%2Fcomments&post=2094"}],"version-history":[{"count":4,"href":"https:\/\/tjsokolkoberice.cz\/index.php?rest_route=\/wp\/v2\/posts\/2094\/revisions"}],"predecessor-version":[{"id":2107,"href":"https:\/\/tjsokolkoberice.cz\/index.php?rest_route=\/wp\/v2\/posts\/2094\/revisions\/2107"}],"wp:featuredmedia":[{"embeddable":true,"href":"https:\/\/tjsokolkoberice.cz\/index.php?rest_route=\/wp\/v2\/media\/2095"}],"wp:attachment":[{"href":"https:\/\/tjsokolkoberice.cz\/index.php?rest_route=%2Fwp%2Fv2%2Fmedia&parent=2094"}],"wp:term":[{"taxonomy":"category","embeddable":true,"href":"https:\/\/tjsokolkoberice.cz\/index.php?rest_route=%2Fwp%2Fv2%2Fcategories&post=2094"},{"taxonomy":"post_tag","embeddable":true,"href":"https:\/\/tjsokolkoberice.cz\/index.php?rest_route=%2Fwp%2Fv2%2Ftags&post=2094"}],"curies":[{"name":"wp","href":"https:\/\/api.w.org\/{rel}","templated":true}]}}