{"id":2117,"date":"2016-04-21T08:52:08","date_gmt":"2016-04-21T07:52:08","guid":{"rendered":"https:\/\/tjsokolkoberice.cz\/?p=2117"},"modified":"2025-10-14T11:58:08","modified_gmt":"2025-10-14T10:58:08","slug":"pozvanka-na-utkani-nasich-muzstev","status":"publish","type":"post","link":"https:\/\/tjsokolkoberice.cz\/?p=2117","title":{"rendered":"Pozv\u00e1nka na utk\u00e1n\u00ed na\u0161ich mu\u017estev"},"content":{"rendered":"<h1 style=\"text-align: justify;\"><span style=\"font-family: arial,helvetica,sans-serif; font-size: 12pt;\"><strong><span style=\"font-size: 14pt;\">Zopakuj\u00ed na\u0161i fotbalist\u00e9 v\u00a0utk\u00e1n\u00ed s\u00a0Vendryn\u00ed podzimn\u00ed \u00fasp\u011bch?<\/span> <\/strong><\/span><\/h1>\n<p style=\"text-align: justify;\"><span style=\"font-family: arial,helvetica,sans-serif; font-size: 12pt;\">Po utk\u00e1n\u00ed s\u00a0Krava\u0159emi budou hr\u00e1t na\u0161i fotbalist\u00e9\u00a0 \u201eA\u201c mu\u017estva op\u011bt v\u00a0dom\u00e1c\u00edm prost\u0159ed\u00ed, kde se st\u0159etnou s\u00a0celkem Vendryn\u011b. Ta je na 6. m\u00edst\u011b tabulky a z\u00a0tohoto pohledu se zd\u00e1, \u017ee bude rozhodn\u011b t\u011b\u017e\u0161\u00edm soupe\u0159em ne\u017e byly Krava\u0159e. Na ja\u0159e sehr\u00e1la Vendryn\u011b 5 utk\u00e1n\u00ed. Doma vyhr\u00e1la s\u00a0V\u00edtkovem, pak prohr\u00e1la na h\u0159i\u0161ti v\u00a0B\u0159idli\u010dn\u00e9. Da\u0159ilo se j\u00ed v\u00a0Markvartovic\u00edch, ale v\u00a0posledn\u00edch dvou kolech prohr\u00e1la. V\u00a0Krava\u0159\u00edch 1:4 a dokonce doma s\u00a0Pustou Polomi 2:4. Na\u0161i na ja\u0159e remizovali doma s\u00a0Polankou a vyhr\u00e1li v\u00a0He\u0159manic\u00edch. Pak ale prohr\u00e1li doma s\u00a0Fren\u0161t\u00e1tem a v\u00a0B\u0159idli\u010dn\u00e9.<\/span><\/p>\n<p style=\"text-align: justify;\"><span style=\"font-family: arial,helvetica,sans-serif; font-size: 12pt;\">Podzimn\u00ed vz\u00e1jemn\u00fd duel skon\u010dil na\u0161\u00edm vysok\u00fdm v\u00edt\u011bzstv\u00edm 5:0, kdy\u017e brankov\u011b byli \u00fasp\u011b\u0161n\u00ed Kry\u0161tof 2, Jan\u00edk, Ren\u00e9 Wirth a Hartmann. Soupe\u0159 n\u00e1m m\u00e1 tedy co opl\u00e1cet, ale na\u0161i by m\u011bli j\u00edt op\u011bt s\u00a0obrovsk\u00fdm nasazen\u00edm a nedat soupe\u0159i \u0161anci bodovat. Do utk\u00e1n\u00ed s\u00a0Vendryni nastupujeme po v\u00edt\u011bzstv\u00ed s\u00a0Krava\u0159emi a tak jde jen o to potvrdit v\u00edt\u011bzstv\u00ed a dok\u00e1zat fotbalov\u00fdm fanou\u0161k\u016fm, \u017ee nebylo n\u00e1hodn\u00e9. Utk\u00e1n\u00ed krajsk\u00e9ho p\u0159eboru <strong>Kobe\u0159ice &#8211; Vendryn\u011b se bude hr\u00e1t v\u00a0ned\u011bli 24. dubna od 16:00 hodin na na\u0161em h\u0159i\u0161ti. Zveme v\u0161echny fotbalov\u00e9 fanou\u0161ky. <\/strong><\/span><\/p>\n<p style=\"text-align: justify;\"><span style=\"text-decoration: underline;\"><span style=\"font-family: arial,helvetica,sans-serif; font-size: 12pt;\"><strong>V tomto kole hraj\u00ed :<\/strong><\/span><\/span><\/p>\n<p style=\"text-align: justify;\"><span style=\"font-family: arial,helvetica,sans-serif; font-size: 12pt;\">B\u0159idli\u010dn\u00e1\u00a0&#8211;\u00a0Bohum\u00edn<\/span><\/p>\n<p style=\"text-align: justify;\"><span style=\"font-family: arial,helvetica,sans-serif; font-size: 12pt;\">He\u0159manice\u00a0&#8211;\u00a0Slavia Orlov\u00e1<\/span><\/p>\n<p style=\"text-align: justify;\"><span style=\"font-family: arial,helvetica,sans-serif; font-size: 12pt;\">\u010cesk\u00fd T\u011b\u0161\u00edn\u00a0&#8211;\u00a0Markvartovice<\/span><\/p>\n<p style=\"text-align: justify;\"><span style=\"font-family: arial,helvetica,sans-serif; font-size: 12pt;\">D\u011btmarovice\u00a0&#8211;\u00a0Pust\u00e1 Polom<\/span><\/p>\n<p style=\"text-align: justify;\"><span style=\"font-family: arial,helvetica,sans-serif; font-size: 12pt;\"><strong>Kobe\u0159ice<\/strong><strong>\u00a0&#8211;\u00a0Vendryn\u011b<\/strong><\/span><\/p>\n<p style=\"text-align: justify;\"><span style=\"font-family: arial,helvetica,sans-serif; font-size: 12pt;\">Krava\u0159e\u00a0&#8211;\u00a0\u0160enov<\/span><\/p>\n<p style=\"text-align: justify;\"><span style=\"font-family: arial,helvetica,sans-serif; font-size: 12pt;\">Fren\u0161t\u00e1t p. R.\u00a0&#8211;\u00a0H\u00e1j ve Slezsku<\/span><\/p>\n<p style=\"text-align: justify;\"><span style=\"font-family: arial,helvetica,sans-serif; font-size: 12pt;\">Polanka\u00a0\u2013\u00a0V\u00edtkov<\/span><\/p>\n<p style=\"text-align: justify;\"><span style=\"text-decoration: underline;\"><span style=\"font-family: arial,helvetica,sans-serif; font-size: 12pt;\"><strong>V\u00a0p\u0159\u00ed\u0161t\u00edm kole budou hr\u00e1t:<\/strong><\/span><\/span><\/p>\n<p style=\"text-align: justify;\"><span style=\"font-family: arial,helvetica,sans-serif; font-size: 12pt;\">Vendryn\u011b\u00a0&#8211;\u00a0D\u011btmarovice<\/span><\/p>\n<p style=\"text-align: justify;\"><span style=\"font-family: arial,helvetica,sans-serif; font-size: 12pt;\">V\u00edtkov\u00a0&#8211;\u00a0He\u0159manice<\/span><\/p>\n<p style=\"text-align: justify;\"><span style=\"font-family: arial,helvetica,sans-serif; font-size: 12pt;\">Slavia Orlov\u00e1\u00a0&#8211;\u00a0Fren\u0161t\u00e1t p. R.<\/span><\/p>\n<p style=\"text-align: justify;\"><span style=\"font-family: arial,helvetica,sans-serif; font-size: 12pt;\">H\u00e1j ve Slezsku\u00a0&#8211;\u00a0B\u0159idli\u010dn\u00e1<\/span><\/p>\n<p style=\"text-align: justify;\"><span style=\"font-family: arial,helvetica,sans-serif; font-size: 12pt;\"><strong>\u0160enov<\/strong><strong>\u00a0&#8211;\u00a0Kobe\u0159ice<\/strong><\/span><\/p>\n<p style=\"text-align: justify;\"><span style=\"font-family: arial,helvetica,sans-serif; font-size: 12pt;\">Pust\u00e1 Polom\u00a0&#8211;\u00a0\u010cesk\u00fd T\u011b\u0161\u00edn<\/span><\/p>\n<p style=\"text-align: justify;\"><span style=\"font-family: arial,helvetica,sans-serif; font-size: 12pt;\">Markvartovice\u00a0&#8211;\u00a0Polanka<\/span><\/p>\n<p style=\"text-align: justify;\"><span style=\"font-family: arial,helvetica,sans-serif; font-size: 12pt;\">Bohum\u00edn\u00a0&#8211;\u00a0Krava\u0159e<\/span><\/p>\n<hr \/>\n<p style=\"text-align: justify;\"><span style=\"font-family: arial,helvetica,sans-serif; font-size: 12pt;\"><strong>\u00a0<\/strong><\/span><\/p>\n<p style=\"text-align: justify;\"><span style=\"font-family: arial,helvetica,sans-serif; font-size: 12pt;\"><strong>\u00a0<\/strong><\/span><span style=\"font-family: arial,helvetica,sans-serif; font-size: 14pt;\"><strong>Mu\u017ei \u201eB\u201c budou hr\u00e1t v\u00a0Pust\u00e9 Polomi<\/strong><\/span><\/p>\n<p style=\"text-align: justify;\"><span style=\"font-family: arial,helvetica,sans-serif; font-size: 12pt;\">Po prohran\u00e9m utk\u00e1n\u00ed se Slavi\u00ed Opava budou mu\u017ei \u201eB\u201c hr\u00e1t venku tentokr\u00e1t s\u00a0Pustou Polom\u00ed. Ta je na 11. m\u00edst\u011b tabulky se ziskem 16 bod\u016f. Dosud Pust\u00e1 Polom vyhr\u00e1la 4 utk\u00e1n\u00ed, 4x remizovala a v\u00a0dev\u00edti utk\u00e1n\u00edch byly pora\u017eena. Na\u0161i jdou do utk\u00e1n\u00ed z\u00a012. m\u00edsta, kdy\u017e jsme z\u00edskali 13 bod\u016f za 3 v\u00edt\u011bzstv\u00ed a 4 rem\u00edzy, v\u00a0deseti utk\u00e1n\u00edch jsme byli pora\u017eeni. Podzimn\u00ed vz\u00e1jemn\u00fd duel skon\u010dil na\u0161\u00edm v\u00edt\u011bzstv\u00edm 2:0, kdy\u017e na\u0161e branky vst\u0159elili b\u00fdval\u00ed hr\u00e1\u010di \u201ejedni\u010dky\u201c Hlavenka a Bo\u010dek. <strong>Utk\u00e1n\u00ed Pust\u00e1 Polom &#8211; Kobe\u0159ice \u201eB\u201e se bude hr\u00e1t v\u00a0sobotu 23. dubna od 16:00 hodin. Odjezd k\u00a0utk\u00e1n\u00ed je ve 14:45 hodin. Zveme v\u0161echny p\u0159\u00edznivce na\u0161i \u201edvojky\u201c.<\/strong><\/span><\/p>\n<p style=\"text-align: justify;\"><span style=\"font-family: arial,helvetica,sans-serif; font-size: 12pt;\"><strong><u><br \/>\n<\/u><\/strong><\/span><\/p>\n<p style=\"text-align: justify;\"><span style=\"text-decoration: underline;\"><span style=\"font-family: arial,helvetica,sans-serif; font-size: 12pt;\"><strong>V tomto kole hraj\u00ed :<\/strong><\/span><\/span><\/p>\n<p style=\"text-align: justify;\"><span style=\"font-family: arial,helvetica,sans-serif; font-size: 12pt;\">Such\u00e9 Lazce\u00a0&#8211;\u00a0Slavia Opava<\/span><\/p>\n<p style=\"text-align: justify;\"><span style=\"font-family: arial,helvetica,sans-serif; font-size: 12pt;\">Jakartovice\u00a0&#8211;\u00a0B\u011bl\u00e1<\/span><\/p>\n<p style=\"text-align: justify;\"><span style=\"font-family: arial,helvetica,sans-serif; font-size: 12pt;\">St\u011bbo\u0159ice\u00a0&#8211;\u00a0Budi\u0161ov n\/B<\/span><\/p>\n<p style=\"text-align: justify;\"><span style=\"font-family: arial,helvetica,sans-serif; font-size: 12pt;\">Chlebi\u010dov &#8222;B&#8220;\u00a0&#8211;\u00a0V\u00e1vrovice<\/span><\/p>\n<p style=\"text-align: justify;\"><span style=\"font-family: arial,helvetica,sans-serif; font-size: 12pt;\"><strong>Pust\u00e1 Polom &#8222;B&#8220;<\/strong><strong>\u00a0&#8211;\u00a0Kobe\u0159ice &#8222;B&#8220;<\/strong><\/span><\/p>\n<p style=\"text-align: justify;\"><span style=\"font-family: arial,helvetica,sans-serif; font-size: 12pt;\">Mal\u00e9 Ho\u0161tice\u00a0&#8211;\u00a0V\u0159esina<\/span><\/p>\n<p style=\"text-align: justify;\"><span style=\"font-family: arial,helvetica,sans-serif; font-size: 12pt;\">Litultovice\u00a0&#8211;\u00a0Hradec n\/M<\/span><\/p>\n<p style=\"text-align: justify;\"><span style=\"font-family: arial,helvetica,sans-serif; font-size: 12pt;\"><strong>\u00a0<\/strong><\/span><\/p>\n<p style=\"text-align: justify;\"><span style=\"text-decoration: underline;\"><span style=\"font-family: arial,helvetica,sans-serif; font-size: 12pt;\"><strong>V\u00a0p\u0159\u00ed\u0161t\u00edm kole budou hr\u00e1t:<\/strong><\/span><\/span><\/p>\n<p style=\"text-align: justify;\"><span style=\"font-family: arial,helvetica,sans-serif; font-size: 12pt;\">Slavia Opava\u00a0&#8211;\u00a0Pust\u00e1 Polom &#8222;B&#8220;<\/span><\/p>\n<p style=\"text-align: justify;\"><span style=\"font-family: arial,helvetica,sans-serif; font-size: 12pt;\"><strong>Kobe\u0159ice &#8222;B&#8220;<\/strong><strong>\u00a0&#8211;\u00a0Litultovice<\/strong><\/span><\/p>\n<p style=\"text-align: justify;\"><span style=\"font-family: arial,helvetica,sans-serif; font-size: 12pt;\">V\u00e1vrovice\u00a0&#8211;\u00a0St\u011bbo\u0159ice<\/span><\/p>\n<p style=\"text-align: justify;\"><span style=\"font-family: arial,helvetica,sans-serif; font-size: 12pt;\">Hradec n\/M\u00a0&#8211;\u00a0Chlebi\u010dov &#8222;B&#8220;<\/span><\/p>\n<p style=\"text-align: justify;\"><span style=\"font-family: arial,helvetica,sans-serif; font-size: 12pt;\">B\u011bl\u00e1\u00a0&#8211;\u00a0Such\u00e9 Lazce<\/span><\/p>\n<p style=\"text-align: justify;\"><span style=\"font-family: arial,helvetica,sans-serif; font-size: 12pt;\">Budi\u0161ov n\/B\u00a0&#8211;\u00a0Mal\u00e9 Ho\u0161tice<\/span><\/p>\n<p style=\"text-align: justify;\"><span style=\"font-family: arial,helvetica,sans-serif; font-size: 12pt;\">V\u0159esina\u00a0&#8211;\u00a0Jakartovice<\/span><\/p>\n<hr \/>\n<p style=\"text-align: justify;\"><span style=\"font-family: arial,helvetica,sans-serif; font-size: 14pt;\"><strong>Dorostenci zaj\u00ed\u017ed\u011bj\u00ed do R\u00fdma\u0159ova<\/strong><\/span><\/p>\n<p style=\"text-align: justify;\"><span style=\"font-family: arial,helvetica,sans-serif; font-size: 12pt;\">Na programu p\u0159\u00ed\u0161t\u00edho kola krajsk\u00e9 sout\u011b\u017ee dorostu bude mimo jin\u00e9 souboj t\u0159et\u00edho a \u010dtvrt\u00e9ho celku tabulky. St\u0159etnou se na\u0161i dorostenci s dorostenci R\u00fdma\u0159ova. Mu\u017estvo R\u00fdma\u0159ova po16 utk\u00e1n\u00edch z\u00edskalo 33 bod\u016f p\u0159i 11 v\u00edt\u011bzstv\u00edch a p\u011bti pora\u017ek\u00e1ch. Soupe\u0159\u016fm vs\u00edtili fotbalist\u00e9\u00a0 R\u00fdma\u0159ova 49 a obdr\u017eeli 23 branek. Na\u0161i jsou po 17 z\u00e1pasech na 3. m\u00edst\u011b. Dosud jsme vyhr\u00e1li 11 utk\u00e1n\u00ed, jednou remizovali a 5x prohr\u00e1li. Vs\u00edtili jsme 60 a obdr\u017eeli 27 branek. Podzimn\u00ed duel skon\u010dil na\u0161im v\u00edt\u011bzstv\u00edm 1:0, kdy\u017e v\u00edt\u011bznou branku vs\u00edtil Kubn\u00fd Anton\u00edn.<\/span><\/p>\n<p style=\"text-align: justify;\"><span style=\"font-family: arial,helvetica,sans-serif; font-size: 12pt;\"><strong>Utk\u00e1n\u00ed krajsk\u00e9 sout\u011b\u017ee dorostu R\u00fdma\u0159ov &#8211; Kobe\u0159ice se bude hr\u00e1t v ned\u011bli 24. dubna od 11:00 hodin. <\/strong>Odjezd k utk\u00e1n\u00ed bude v 8:30 hodin. Zveme v\u0161echny p\u0159\u00edznivce dorostu.<\/span><\/p>\n<p style=\"text-align: justify;\"><span style=\"font-family: arial,helvetica,sans-serif; font-size: 12pt;\"><strong><u><br \/>\n<\/u><\/strong><\/span><\/p>\n<p style=\"text-align: justify;\"><span style=\"text-decoration: underline;\"><span style=\"font-family: arial,helvetica,sans-serif; font-size: 12pt;\"><strong>V tomto kole hraj\u00ed:<\/strong><\/span><\/span><\/p>\n<p style=\"text-align: justify;\"><span style=\"font-family: arial,helvetica,sans-serif; font-size: 12pt;\">Kr\u00e1sn\u00e9 Pole\u00a0&#8211;\u00a0V\u00e1vrovice<\/span><\/p>\n<p style=\"text-align: justify;\"><span style=\"font-family: arial,helvetica,sans-serif; font-size: 12pt;\">Vratimov\u00a0&#8211;\u00a0V\u00edtkov<\/span><\/p>\n<p style=\"text-align: justify;\"><span style=\"font-family: arial,helvetica,sans-serif; font-size: 12pt;\">Fulnek\u00a0&#8211;\u00a0Hradec n.M.<\/span><\/p>\n<p style=\"text-align: justify;\"><span style=\"font-family: arial,helvetica,sans-serif; font-size: 12pt;\">Stud\u00e9nka\u00a0&#8211;\u00a0Star\u00e1 B\u011bl\u00e1<\/span><\/p>\n<p style=\"text-align: justify;\"><span style=\"font-family: arial,helvetica,sans-serif; font-size: 12pt;\">Svinov\u00a0&#8211;\u00a0Polanka<\/span><\/p>\n<p style=\"text-align: justify;\"><span style=\"font-family: arial,helvetica,sans-serif; font-size: 12pt;\"><strong>R\u00fdma\u0159ov<\/strong><strong>\u00a0&#8211;\u00a0Kobe\u0159ice<\/strong><\/span><\/p>\n<p style=\"text-align: justify;\"><span style=\"font-family: arial,helvetica,sans-serif; font-size: 12pt;\">Doln\u00ed Bene\u0161ov\u00a0\u2013\u00a0Darkovi\u010dky<\/span><\/p>\n<p style=\"text-align: justify;\"><span style=\"font-family: arial,helvetica,sans-serif; font-size: 12pt;\"><strong>\u00a0<\/strong><\/span><\/p>\n<p style=\"text-align: justify;\"><span style=\"text-decoration: underline;\"><span style=\"font-family: arial,helvetica,sans-serif; font-size: 12pt;\"><strong>P\u0159\u00ed\u0161t\u00ed kole budou hr\u00e1t:<\/strong><\/span><\/span><\/p>\n<p style=\"text-align: justify;\"><span style=\"font-family: arial,helvetica,sans-serif; font-size: 12pt;\">V\u00e1vrovice\u00a0&#8211;\u00a0Doln\u00ed Bene\u0161ov<\/span><\/p>\n<p style=\"text-align: justify;\"><span style=\"font-family: arial,helvetica,sans-serif; font-size: 12pt;\">Star\u00e1 B\u011bl\u00e1\u00a0&#8211;\u00a0Fulnek<\/span><\/p>\n<p style=\"text-align: justify;\"><span style=\"font-family: arial,helvetica,sans-serif; font-size: 12pt;\">Hradec n.M.\u00a0&#8211;\u00a0Vratimov<\/span><\/p>\n<p style=\"text-align: justify;\"><span style=\"font-family: arial,helvetica,sans-serif; font-size: 12pt;\">V\u00edtkov\u00a0&#8211;\u00a0Kr\u00e1sn\u00e9 Pole<\/span><\/p>\n<p style=\"text-align: justify;\"><span style=\"font-family: arial,helvetica,sans-serif; font-size: 12pt;\">Polanka\u00a0&#8211;\u00a0Stud\u00e9nka<\/span><\/p>\n<p style=\"text-align: justify;\"><span style=\"font-family: arial,helvetica,sans-serif; font-size: 12pt;\">Darkovi\u010dky\u00a0&#8211;\u00a0R\u00fdma\u0159ov<\/span><\/p>\n<p style=\"text-align: justify;\"><span style=\"font-family: arial,helvetica,sans-serif; font-size: 12pt;\"><strong>Kobe\u0159ice<\/strong><strong>\u00a0&#8211;\u00a0Svinov<\/strong><\/span><\/p>\n<p style=\"text-align: justify;\"><span style=\"font-family: arial,helvetica,sans-serif; font-size: 12pt;\"><strong>\u00a0<\/strong><\/span><\/p>\n<hr \/>\n<p style=\"text-align: justify;\"><span style=\"font-family: arial,helvetica,sans-serif; font-size: 12pt;\"><strong><span style=\"font-size: 14pt;\">\u017d\u00e1ci budou hr\u00e1t v ned\u011bli doma v p\u0159edz\u00e1pasov\u00e9m utk\u00e1n\u00ed na\u0161eho &#8222;A&#8220; mu\u017estva <\/span><br \/>\n<\/strong><\/span><\/p>\n<p style=\"text-align: justify;\"><span style=\"font-family: arial,helvetica,sans-serif; font-size: 12pt;\">Do\u0161lo ke zm\u011bn\u011b v po\u0159adatelstv\u00ed utk\u00e1n\u00ed na\u0161ich \u017e\u00e1kovsk\u00fdch mu\u017estev s celkem Juventusu Brunt\u00e1l, kter\u00e1 se m\u011bla p\u016fvodn\u011b odehr\u00e1t v sobotu v Brunt\u00e1le. Po domluv\u011b do\u0161lo ke zm\u011bn\u011b po\u0159adatelstv\u00ed, tak\u017ee nov\u011b se z\u00e1pas 19. kola TJ Sokol Kobe\u0159ice &#8211; Juventus Brunt\u00e1l odehraje <strong>v ned\u011bli 24. 4. 2016 v 14:15 hod. star\u0161\u00ed a v 12:45 hod. mlad\u0161\u00ed na na\u0161em h\u0159i\u0161ti.<\/strong>\u00a0<\/span><\/p>\n<p style=\"text-align: justify;\"><span style=\"font-family: arial,helvetica,sans-serif; font-size: 12pt;\"><br \/>\n<\/span><\/p>\n<p style=\"text-align: justify;\"><span style=\"font-family: arial,helvetica,sans-serif; font-size: 12pt;\"><strong><br \/>\n<\/strong><\/span><\/p>\n<p style=\"text-align: justify;\"><span style=\"font-family: arial,helvetica,sans-serif; font-size: 12pt;\"><strong>\u00a0<\/strong><\/span><\/p>\n<p style=\"text-align: justify;\"><span style=\"font-family: arial,helvetica,sans-serif; font-size: 12pt;\"><strong>\u00a0<\/strong><\/span><\/p>\n","protected":false},"excerpt":{"rendered":"<p>Zopakuj\u00ed na\u0161i fotbalist\u00e9 v\u00a0utk\u00e1n\u00ed s\u00a0Vendryn\u00ed podzimn\u00ed \u00fasp\u011bch? Po utk\u00e1n\u00ed s\u00a0Krava\u0159emi budou hr\u00e1t na\u0161i fotbalist\u00e9\u00a0 \u201eA\u201c mu\u017estva op\u011bt v\u00a0dom\u00e1c\u00edm prost\u0159ed\u00ed, kde se st\u0159etnou s\u00a0celkem Vendryn\u011b. Ta je<span class=\"excerpt-hellip\"> [\u2026]<\/span><\/p>\n","protected":false},"author":3,"featured_media":2062,"comment_status":"closed","ping_status":"open","sticky":false,"template":"","format":"standard","meta":{"ngg_post_thumbnail":0,"footnotes":""},"categories":[115,112,110,107,117,103,111],"tags":[],"class_list":["post-2117","post","type-post","status-publish","format-standard","has-post-thumbnail","hentry","category-a-tym","category-b-tym","category-dorost","category-fotbal","category-mladsi-zaci","category-pozvanky","category-starsi-zaci"],"_links":{"self":[{"href":"https:\/\/tjsokolkoberice.cz\/index.php?rest_route=\/wp\/v2\/posts\/2117","targetHints":{"allow":["GET"]}}],"collection":[{"href":"https:\/\/tjsokolkoberice.cz\/index.php?rest_route=\/wp\/v2\/posts"}],"about":[{"href":"https:\/\/tjsokolkoberice.cz\/index.php?rest_route=\/wp\/v2\/types\/post"}],"author":[{"embeddable":true,"href":"https:\/\/tjsokolkoberice.cz\/index.php?rest_route=\/wp\/v2\/users\/3"}],"replies":[{"embeddable":true,"href":"https:\/\/tjsokolkoberice.cz\/index.php?rest_route=%2Fwp%2Fv2%2Fcomments&post=2117"}],"version-history":[{"count":8,"href":"https:\/\/tjsokolkoberice.cz\/index.php?rest_route=\/wp\/v2\/posts\/2117\/revisions"}],"predecessor-version":[{"id":2122,"href":"https:\/\/tjsokolkoberice.cz\/index.php?rest_route=\/wp\/v2\/posts\/2117\/revisions\/2122"}],"wp:featuredmedia":[{"embeddable":true,"href":"https:\/\/tjsokolkoberice.cz\/index.php?rest_route=\/wp\/v2\/media\/2062"}],"wp:attachment":[{"href":"https:\/\/tjsokolkoberice.cz\/index.php?rest_route=%2Fwp%2Fv2%2Fmedia&parent=2117"}],"wp:term":[{"taxonomy":"category","embeddable":true,"href":"https:\/\/tjsokolkoberice.cz\/index.php?rest_route=%2Fwp%2Fv2%2Fcategories&post=2117"},{"taxonomy":"post_tag","embeddable":true,"href":"https:\/\/tjsokolkoberice.cz\/index.php?rest_route=%2Fwp%2Fv2%2Ftags&post=2117"}],"curies":[{"name":"wp","href":"https:\/\/api.w.org\/{rel}","templated":true}]}}