{"id":2177,"date":"2016-05-04T20:32:21","date_gmt":"2016-05-04T19:32:21","guid":{"rendered":"https:\/\/tjsokolkoberice.cz\/?p=2177"},"modified":"2025-10-14T11:58:07","modified_gmt":"2025-10-14T10:58:07","slug":"muzi-se-vratili-ze-senova-s-debaklem","status":"publish","type":"post","link":"https:\/\/tjsokolkoberice.cz\/?p=2177","title":{"rendered":"Mu\u017ei \u201eA\u201c se vr\u00e1tili ze \u0160enova s debaklem"},"content":{"rendered":"<h1 style=\"text-align: justify;\"><span style=\"font-family: arial,helvetica,sans-serif; font-size: 14pt;\">\u0160enov &#8211; Kobe\u0159ice \u201eA\u201c 6:1 (5:1)<\/span><\/h1>\n<p style=\"text-align: justify;\"><span style=\"font-family: arial,helvetica,sans-serif; font-size: 12pt;\">V\u00a0notn\u011b oslaben\u00e9 sestav\u011b zaj\u00ed\u017ed\u011bli na\u0161i fotbalist\u00e9 na p\u016fdu \u0160enova. Na\u0161im z\u00a0nejr\u016fzn\u011bj\u0161\u00edch d\u016fvod\u016f chyb\u011bli Schreier, \u017dmol\u00edk, Petr Stuchl\u00edk, je\u0161t\u011b ne zcela fit Buchta a Hartmann, kter\u00fd odcestoval pracovn\u011b do zahrani\u010d\u00ed. Z\u00a0p\u0159edchoz\u00edch dvou kol na\u0161i fotbalist\u00e9 vyt\u011b\u017eili d\u016fle\u017eit\u00fdch \u0161est bod\u016f, jen\u017ee proti \u0160enovu si hodn\u011b pokazili renom\u00e9.<\/span><\/p>\n<p style=\"text-align: justify;\"><span style=\"font-family: arial,helvetica,sans-serif; font-size: 12pt;\">Dom\u00e1c\u00ed na nic ne\u010dekali, kdy\u017e ude\u0159ili hned v 5. minut\u011b. Z rohu velk\u00e9ho \u010dtverce vyp\u00e1lil Macko a vm\u011bstnal balon uk\u00e1zkov\u011b ke vzd\u00e1len\u011bj\u0161\u00ed ty\u010di &#8211; 1:0. Host\u00e9 sice p\u0159isp\u011bchali s bleskovou odpov\u011b\u00add\u00ed, ale Jakub Jan\u00edk pouze otesto\u00adval pevnost \u0161enovsk\u00e9 klece. Po\u00adtom u\u017e ovl\u00e1dli d\u011bn\u00ed na tr\u00e1vn\u00edku borci z Ostravy. Po dob\u0159e zahra\u00adn\u00fdch rohov\u00fdch kopech utekli z\u00e1\u00adsluhou Ber\u00e1nka do t\u0159\u00edg\u00f3lov\u00e9ho trh\u00e1ku. A kdy\u017e vz\u00e1p\u011bt\u00ed Jakub Jan\u00edk sejmul uvnit\u0159 \u0161est\u00adn\u00e1ctky Schovajsu, tak Gorovi\u010d z na\u0159\u00edzen\u00e9 pentle zv\u00fd\u0161il n\u00e1skok dom\u00e1c\u00edch na pohodln\u00fdch 4:0. Kobe\u0159ice pak vyu\u017eily chvilkov\u00e9 nepozornosti soupe\u0159e, kdy\u017e se prosadil \u0160ime\u010dek &#8211; 4:1. Posled\u00adn\u00ed slovo v\u0161ak v prvn\u00ed p\u016fli pat\u0159ilo dom\u00e1c\u00edm, kdy se kopala dal\u0161\u00ed \u201edes\u00edtka&#8220; a Ber\u00e1\u00adnek zkompletoval hattrick &#8211; 5:1.<\/span><\/p>\n<p style=\"text-align: justify;\"><span style=\"font-family: arial,helvetica,sans-serif; font-size: 12pt;\">Po p\u0159est\u00e1vce nejprve Jakub Jan\u00edk podruh\u00e9 v utk\u00e1n\u00ed rozezvu\u010del ty\u010d\u00adku, aby pak dom\u00e1c\u00ed Bedn\u00e1\u0159 d\u011blo\u00advou ranou pod b\u0159evno pe\u010detil na v\u00fdsledn\u00fdch 6:1.<\/span><\/p>\n<p style=\"text-align: justify;\"><span style=\"font-family: arial,helvetica,sans-serif; font-size: 12pt;\"><em>\u201eN\u011bco podobn\u00e9\u00adho nepamatuji. Tohle byl snad nejhor\u0161\u00ed z\u00e1pas, jak\u00fd jsem kdy za\u017eil. Hr\u00e1li jsme v tr\u00e9ninkov\u00e9m tempu. Na na\u0161em v\u00fdkonu se asi podepsaly n\u011bkter\u00e9 absence. P\u0159es\u00adto se nad sebou mus\u00edme po\u0159\u00e1dn\u011b zamyslet. Podali jsme naprosto odevzdan\u00fd v\u00fdkon,&#8220; zlobil se kobe\u0159ick\u00fd vedouc\u00ed Martin Halfar (zdroj Region Opavsko).<\/em><\/span><\/p>\n<p style=\"text-align: justify;\"><span style=\"font-family: arial,helvetica,sans-serif; font-size: 12pt;\">Branky: 14., 27. a 40. z pen. Ber\u00e1nek, 5. Macko, 36. Gorovi\u010d z pen., 62. Bedn\u00e1\u0159 &#8211; 37. \u0160ime\u010dek.<\/span><\/p>\n<p style=\"text-align: justify;\"><span style=\"font-family: arial,helvetica,sans-serif; font-size: 12pt;\">Kobe\u0159ice: Ziegl &#8211; J. Oberherr, Gor\u010dakovsk\u00fd, D. Jan\u00edk, J. Jan\u00edk &#8211; Ja\u0161ek, Ren\u00e9 Wirth, Robin Wirth, Kry\u0161tof \u2013 A. Kubn\u00fd (52. R. Stuchl\u00edk), \u0160ime\u010dek. Tren\u00e9r: Tom\u00e1\u0161 Kamr\u00e1d.<\/span><\/p>\n<h2 style=\"text-align: justify;\"><span style=\"font-family: arial,helvetica,sans-serif; font-size: 12pt;\">\u00a0<strong><u>V\u00fdsledky krajsk\u00e9ho p\u0159eboru<\/u><\/strong><\/span><\/h2>\n<p style=\"text-align: justify;\"><span style=\"font-family: arial,helvetica,sans-serif; font-size: 12pt;\"><strong>\u0160enov\u00a0&#8211;\u00a0Kobe\u0159ice\u00a06:1\u00a0(5:1)<\/strong><\/span><\/p>\n<p style=\"text-align: justify;\"><span style=\"font-family: arial,helvetica,sans-serif; font-size: 12pt;\">Pust\u00e1 Polom\u00a0&#8211;\u00a0\u010cesk\u00fd T\u011b\u0161\u00edn\u00a01:0\u00a0(1:0)<\/span><\/p>\n<p style=\"text-align: justify;\"><span style=\"font-family: arial,helvetica,sans-serif; font-size: 12pt;\">Markvartovice\u00a0&#8211;\u00a0Polanka\u00a00:5\u00a0(0:2)<\/span><\/p>\n<p style=\"text-align: justify;\"><span style=\"font-family: arial,helvetica,sans-serif; font-size: 12pt;\">Bohum\u00edn\u00a0&#8211;\u00a0Krava\u0159e\u00a05:0\u00a0(1:0)<\/span><\/p>\n<p style=\"text-align: justify;\"><span style=\"font-family: arial,helvetica,sans-serif; font-size: 12pt;\">Vendryn\u011b\u00a0&#8211;\u00a0D\u011btmarovice\u00a01:0\u00a0(0:0)<\/span><\/p>\n<p style=\"text-align: justify;\"><span style=\"font-family: arial,helvetica,sans-serif; font-size: 12pt;\">V\u00edtkov\u00a0&#8211;\u00a0He\u0159manice\u00a03:5\u00a0(2:5)<\/span><\/p>\n<p style=\"text-align: justify;\"><span style=\"font-family: arial,helvetica,sans-serif; font-size: 12pt;\">Slavia Orlov\u00e1\u00a0&#8211;\u00a0Fren\u0161t\u00e1t p. R.\u00a03:0\u00a0(2:0)<\/span><\/p>\n<p style=\"text-align: justify;\"><span style=\"font-family: arial,helvetica,sans-serif; font-size: 12pt;\">H\u00e1j ve Slezsku\u00a0&#8211;\u00a0B\u0159idli\u010dn\u00e1\u00a02:3\u00a0(1:2)<\/span><\/p>\n","protected":false},"excerpt":{"rendered":"<p>\u0160enov &#8211; Kobe\u0159ice \u201eA\u201c 6:1 (5:1) V\u00a0notn\u011b oslaben\u00e9 sestav\u011b zaj\u00ed\u017ed\u011bli na\u0161i fotbalist\u00e9 na p\u016fdu \u0160enova. Na\u0161im z\u00a0nejr\u016fzn\u011bj\u0161\u00edch d\u016fvod\u016f chyb\u011bli Schreier, \u017dmol\u00edk, Petr Stuchl\u00edk, je\u0161t\u011b ne zcela<span class=\"excerpt-hellip\"> [\u2026]<\/span><\/p>\n","protected":false},"author":3,"featured_media":2178,"comment_status":"closed","ping_status":"open","sticky":false,"template":"","format":"standard","meta":{"ngg_post_thumbnail":0,"footnotes":""},"categories":[115,107],"tags":[],"class_list":["post-2177","post","type-post","status-publish","format-standard","has-post-thumbnail","hentry","category-a-tym","category-fotbal"],"_links":{"self":[{"href":"https:\/\/tjsokolkoberice.cz\/index.php?rest_route=\/wp\/v2\/posts\/2177","targetHints":{"allow":["GET"]}}],"collection":[{"href":"https:\/\/tjsokolkoberice.cz\/index.php?rest_route=\/wp\/v2\/posts"}],"about":[{"href":"https:\/\/tjsokolkoberice.cz\/index.php?rest_route=\/wp\/v2\/types\/post"}],"author":[{"embeddable":true,"href":"https:\/\/tjsokolkoberice.cz\/index.php?rest_route=\/wp\/v2\/users\/3"}],"replies":[{"embeddable":true,"href":"https:\/\/tjsokolkoberice.cz\/index.php?rest_route=%2Fwp%2Fv2%2Fcomments&post=2177"}],"version-history":[{"count":3,"href":"https:\/\/tjsokolkoberice.cz\/index.php?rest_route=\/wp\/v2\/posts\/2177\/revisions"}],"predecessor-version":[{"id":2223,"href":"https:\/\/tjsokolkoberice.cz\/index.php?rest_route=\/wp\/v2\/posts\/2177\/revisions\/2223"}],"wp:featuredmedia":[{"embeddable":true,"href":"https:\/\/tjsokolkoberice.cz\/index.php?rest_route=\/wp\/v2\/media\/2178"}],"wp:attachment":[{"href":"https:\/\/tjsokolkoberice.cz\/index.php?rest_route=%2Fwp%2Fv2%2Fmedia&parent=2177"}],"wp:term":[{"taxonomy":"category","embeddable":true,"href":"https:\/\/tjsokolkoberice.cz\/index.php?rest_route=%2Fwp%2Fv2%2Fcategories&post=2177"},{"taxonomy":"post_tag","embeddable":true,"href":"https:\/\/tjsokolkoberice.cz\/index.php?rest_route=%2Fwp%2Fv2%2Ftags&post=2177"}],"curies":[{"name":"wp","href":"https:\/\/api.w.org\/{rel}","templated":true}]}}