{"id":2201,"date":"2016-05-05T07:26:29","date_gmt":"2016-05-05T06:26:29","guid":{"rendered":"https:\/\/tjsokolkoberice.cz\/?p=2201"},"modified":"2025-10-14T11:58:07","modified_gmt":"2025-10-14T10:58:07","slug":"sportovni-slavnost-2016","status":"publish","type":"post","link":"https:\/\/tjsokolkoberice.cz\/?p=2201","title":{"rendered":"Sportovn\u00ed slavnost 2016"},"content":{"rendered":"<p style=\"text-align: justify;\"><span style=\"font-family: arial,helvetica,sans-serif; font-size: 12pt;\">M\u016f\u017eeme s jistotou konstatovat, \u017ee Sportovn\u00ed slavnost, kterou po\u0159\u00e1d\u00e1 TJ Sokol Kobe\u0159ice, je ji\u017e tradi\u010dn\u00ed akc\u00ed, kter\u00e1 p\u0159in\u00e1\u0161\u00ed lidem kulturn\u00ed, spole\u010densk\u00e9 a v neposledn\u00ed \u0159ad\u011b sportovn\u00ed z\u00e1\u017eitky. Tato tradi\u010dn\u00ed pr\u00e1zdninov\u00e1 akce stmeluje lidi nap\u0159\u00ed\u010d generacemi nejen z Kobe\u0159ic, ale i z bl\u00edzk\u00e9ho okol\u00ed.<\/span><\/p>\n<p style=\"text-align: justify;\"><span style=\"font-family: arial,helvetica,sans-serif; font-size: 12pt;\">Co se t\u00fd\u010de kulturn\u00edho programu, posledn\u00ed roky byly slavnosti \u201cna\u0161lapan\u00e9\u201d. Zahr\u00e1ly si u n\u00e1 kapely jako Argema, Buty a v neposledn\u00ed \u0159ad\u011b to byla skupina Chinaski, kter\u00e1 vystoupila u p\u0159\u00edle\u017eitosti 90. v\u00fdro\u010d\u00ed zalo\u017een\u00ed TJ Sokol. Od tohoto v\u00fdro\u010d\u00ed u\u017e uplynuly 3 roky, dal\u0161\u00ed ro\u010dn\u00edk Sportovn\u00ed slavnosti je p\u0159ed n\u00e1mi a na\u0161\u00ed milou povinnost\u00ed je v\u00e1m prozradit, co jsme si pro v\u00e1s letos p\u0159ipravili a na co se m\u016f\u017eete t\u011b\u0161it!<\/span><\/p>\n<p style=\"text-align: justify;\"><span style=\"font-family: arial,helvetica,sans-serif; font-size: 12pt;\">Sportovn\u00ed slavnost 2016 se uskute\u010dn\u00ed v term\u00ednu od <strong>22. 7. \u2013 24. 7. 2016<\/strong>. B\u011bhem t\u011bchto t\u0159\u00ed dn\u016f si p\u0159ijdou na sv\u00e9 milovn\u00edci sportu, poslucha\u010di kvalitn\u00ed hudby i p\u0159\u00edznivci dobr\u00e9ho j\u00eddla a pit\u00ed.<\/span><\/p>\n<h2 style=\"text-align: justify;\"><span style=\"font-family: arial,helvetica,sans-serif; font-size: 12pt;\"><strong><u>P\u00c1TEK 22. 7. 2016<\/u><\/strong><\/span><\/h2>\n<p style=\"text-align: justify;\"><span style=\"font-family: arial,helvetica,sans-serif; font-size: 12pt;\">P\u00e1te\u010dn\u00ed ve\u010der\u2026 Kdo by se necht\u011bl j\u00edt bavit? J Na\u0161e pozv\u00e1n\u00ed p\u0159ijal DJ R\u00e1dia \u010cas \u2013 Ale\u0161 \u0160klubal, kter\u00fd v\u00e1s bude po cel\u00fd ve\u010der prov\u00e1zet t\u011bmi nejv\u011bt\u0161\u00edmi \u010desk\u00fdmi i zahrani\u010dn\u00edmi hity minulosti i sou\u010dasnosti. Mysl\u00edme si, \u017ee lep\u0161\u00ed za\u010d\u00e1tek jsme si nemohli p\u0159\u00e1t J<\/span><\/p>\n<p style=\"text-align: justify;\"><span style=\"font-family: arial,helvetica,sans-serif; font-size: 12pt;\">Vstupn\u00e9 na akci: (bude zve\u0159ejn\u011bno)<\/span><\/p>\n<h2 style=\"text-align: justify;\"><span style=\"font-family: arial,helvetica,sans-serif; font-size: 12pt;\"><strong><u>SOBOTA 23. 7. 2016<\/u><\/strong><\/span><\/h2>\n<p style=\"text-align: justify;\"><span style=\"font-family: arial,helvetica,sans-serif; font-size: 12pt;\">Volejbalov\u00fd turnaj (\u010das bude up\u0159esn\u011bn)<\/span><\/p>\n<p style=\"text-align: justify;\"><span style=\"font-family: arial,helvetica,sans-serif; font-size: 12pt;\">Fotbalov\u00fd turnaj &#8211; Memorial Bernarda V\u00e1clav\u00edka (\u010das bude up\u0159esn\u011bn)<\/span><\/p>\n<p style=\"text-align: justify;\"><span style=\"font-family: arial,helvetica,sans-serif; font-size: 12pt;\">Sobotn\u00ed program je z pohledu kultury vrcholem slavnosti.<\/span><\/p>\n<p style=\"text-align: justify;\"><span style=\"font-family: arial,helvetica,sans-serif; font-size: 12pt;\"><a href=\"https:\/\/tjsokolkoberice.cz\/wp-content\/uploads\/2016\/03\/kofe-in.jpg\" rel=\"attachment wp-att-1052\"><img loading=\"lazy\" decoding=\"async\" class=\"alignleft wp-image-1052 size-medium\" src=\"https:\/\/tjsokolkoberice.cz\/wp-content\/uploads\/2016\/03\/kofe-in-300x199.jpg\" alt=\"kofe-in\" height=\"199\" width=\"300\" srcset=\"https:\/\/tjsokolkoberice.cz\/wp-content\/uploads\/2016\/03\/kofe-in-300x199.jpg 300w, https:\/\/tjsokolkoberice.cz\/wp-content\/uploads\/2016\/03\/kofe-in.jpg 380w\" sizes=\"auto, (max-width:767px) 300px, 300px\" \/><\/a>Cel\u00e1 akce vypukne od 19:30, kdy p\u0159edskokanem na\u0161eho headlinera bude opavsko-pra\u017esk\u00e1 kapela KOFE-IN. Kluky z Kofe-inu ji\u017e dob\u0159e zn\u00e1me, r\u00e1di se do Kobe\u0159ic vracej\u00ed, \u010deho\u017e si v\u00e1\u017e\u00edme a jsme moc r\u00e1di, \u017ee pozv\u00e1n\u00ed na na\u0161i akci p\u0159ijali i letos!<\/span><\/p>\n<p style=\"text-align: justify;\"><span style=\"font-family: arial,helvetica,sans-serif; font-size: 12pt;\">Domluvit headlinera nen\u00ed nic jednoduch\u00e9ho, proto jsme moc r\u00e1di, \u017ee se n\u00e1m letos poda\u0159ilo domluvit spolupr\u00e1ci s kapelou, kter\u00e1 m\u00e1 na tuzemsk\u00e9 sc\u00e9n\u011b opravdu sv\u00e9 m\u00edsto. Hity jako: Hled\u00e1 se \u017eena, \u0160rouby a matice, Franti\u0161kovy l\u00e1zn\u011b, Brouci \u2026 mohli bychom pokra\u010dovat je\u0161t\u011b dlouho.<\/span><\/p>\n<p style=\"text-align: justify;\"><a href=\"https:\/\/tjsokolkoberice.cz\/wp-content\/uploads\/2016\/03\/mandrage.jpg\" rel=\"attachment wp-att-1054\"><img loading=\"lazy\" decoding=\"async\" class=\"alignright wp-image-1054 size-medium\" src=\"https:\/\/tjsokolkoberice.cz\/wp-content\/uploads\/2016\/03\/mandrage-300x200.jpg\" alt=\"mandrage\" height=\"200\" width=\"300\" srcset=\"https:\/\/tjsokolkoberice.cz\/wp-content\/uploads\/2016\/03\/mandrage-300x200.jpg 300w, https:\/\/tjsokolkoberice.cz\/wp-content\/uploads\/2016\/03\/mandrage-768x513.jpg 768w, https:\/\/tjsokolkoberice.cz\/wp-content\/uploads\/2016\/03\/mandrage.jpg 1024w\" sizes=\"auto, (max-width:767px) 300px, 300px\" \/><\/a><\/p>\n<p style=\"text-align: justify;\"><span style=\"font-family: arial,helvetica,sans-serif; font-size: 12pt;\">Ano, na\u0161e pozv\u00e1n\u00ed p\u0159ijala skupina <strong><u>MANDRAGE<\/u><\/strong>, kter\u00e1 letos vydala nov\u00e9 album a v r\u00e1mci sv\u00e9ho turn\u00e9: \u201cV\u0161echny ko\u010dky tour\u201d vyr\u00e1\u017e\u00ed koncertovat po cel\u00e9 zemi. Jednou ze zast\u00e1vek bude pr\u00e1v\u011b na\u0161e slavnost v are\u00e1lu TJ Sokol.<\/span><\/p>\n<p style=\"text-align: justify;\"><span style=\"font-family: arial,helvetica,sans-serif; font-size: 12pt;\">Koncertem MANDRAGE na\u0161e z\u00e1bava nekon\u010d\u00ed. Po jejich vystoupen\u00ed se o dal\u0161\u00ed vlnu z\u00e1bavy postar\u00e1 DJ. Sobotn\u00ed ve\u010der bude na\u0161lapan\u00fd skv\u011blou hudbou a\u017e do rann\u00edch hodin.<br \/>\n<\/span><\/p>\n<p style=\"text-align: justify;\"><span style=\"font-family: arial,helvetica,sans-serif; font-size: 12pt;\">[cs_button button_size=&#8220;medium-btn&#8220; button_title=&#8220;P\u0159edprodej vstupenek &#8211; MANDRAGE&#8220; button_link=&#8220;https:\/\/tjsokolkoberice.cz\/?p=2371&#8243; button_border=&#8220;yes&#8220; =&#8220;null&#8220; button_icon_position=&#8220;left&#8220; button_type=&#8220;rectangle&#8220; button_target=&#8220;_self&#8220;]<\/span><\/p>\n<h2 style=\"text-align: justify;\"><span style=\"font-family: arial,helvetica,sans-serif; font-size: 12pt;\"><strong><u>NED\u011aLE 24. 7. 2016<\/u><\/strong><\/span><\/h2>\n<p style=\"text-align: justify;\"><span style=\"font-family: arial,helvetica,sans-serif; font-size: 12pt;\">Ze sportovn\u00edho hlediska je ned\u011ble t\u0159e\u0161ni\u010dkou na dortu cel\u00fdch slavnost\u00ed. Na sv\u00e9 si p\u0159ijdou zejm\u00e9na p\u0159\u00edznivci fotbalu (bli\u017e\u0161\u00ed informace o fotbalov\u00fdch z\u00e1pasech budou zve\u0159ejn\u011bny).<\/span><\/p>\n<p style=\"text-align: justify;\"><span style=\"font-family: arial,helvetica,sans-serif; font-size: 12pt;\">Po hlavn\u00edm fotbalov\u00e9m z\u00e1pase prob\u011bhne tradi\u010dn\u00ed losov\u00e1n\u00ed o v\u011bcn\u00e9 ceny. Pomyslnou te\u010dku za 93. ro\u010dn\u00edkem Sportovn\u00ed slavnosti ud\u011bl\u00e1 ve\u010dern\u00ed karneval s \u017eivou kapelou.<\/span><\/p>\n<p style=\"text-align: justify;\"><span style=\"font-family: arial,helvetica,sans-serif; font-size: 12pt;\">B\u011bhem cel\u00fdch slavnost\u00ed na v\u00e1s \u010dek\u00e1 bohat\u00e9 ob\u010derstven\u00ed a pro d\u011bti je p\u0159ipraven lunapark. Sportovn\u00ed slavnost 2016 bude pro TJ Sokol op\u011bt nejv\u011bt\u0161\u00ed sportovn\u011b-kulturn\u00ed akc\u00ed tohoto roku, s po\u0159adov\u00fdm \u010d\u00edslem 93 J. Budeme r\u00e1di, kdy\u017e n\u00e1m zachov\u00e1te p\u0159\u00edze\u0148 i v leto\u0161n\u00edm roce! Na Sportovn\u00ed slavnost 2016, kter\u00e1 bude pln\u00e1 sportu, z\u00e1bavy a skv\u011bl\u00e9 hudby, v\u00e1s srde\u010dn\u011b zveme!<\/span><\/p>\n<p style=\"text-align: justify;\"><span style=\"font-family: arial,helvetica,sans-serif; font-size: 12pt;\">Bli\u017e\u0161\u00ed informace o prodejn\u00edch m\u00edstech, cen\u00e1ch vstupenek a sportovn\u00edm program slavnost\u00ed v\u010das najdete bu\u010fto na plak\u00e1tech v obci nebo na nov\u00fdch webov\u00fdch str\u00e1nk\u00e1ch TJ Sokol: <strong>www.tjsokolkoberice.cz<\/strong><\/span><\/p>\n","protected":false},"excerpt":{"rendered":"<p>M\u016f\u017eeme s jistotou konstatovat, \u017ee Sportovn\u00ed slavnost, kterou po\u0159\u00e1d\u00e1 TJ Sokol Kobe\u0159ice, je ji\u017e tradi\u010dn\u00ed akc\u00ed, kter\u00e1 p\u0159in\u00e1\u0161\u00ed lidem kulturn\u00ed, spole\u010densk\u00e9 a v neposledn\u00ed \u0159ad\u011b sportovn\u00ed<span class=\"excerpt-hellip\"> [\u2026]<\/span><\/p>\n","protected":false},"author":3,"featured_media":2206,"comment_status":"closed","ping_status":"open","sticky":false,"template":"","format":"standard","meta":{"ngg_post_thumbnail":0,"footnotes":""},"categories":[127],"tags":[],"class_list":["post-2201","post","type-post","status-publish","format-standard","has-post-thumbnail","hentry","category-kulturni-akce"],"_links":{"self":[{"href":"https:\/\/tjsokolkoberice.cz\/index.php?rest_route=\/wp\/v2\/posts\/2201","targetHints":{"allow":["GET"]}}],"collection":[{"href":"https:\/\/tjsokolkoberice.cz\/index.php?rest_route=\/wp\/v2\/posts"}],"about":[{"href":"https:\/\/tjsokolkoberice.cz\/index.php?rest_route=\/wp\/v2\/types\/post"}],"author":[{"embeddable":true,"href":"https:\/\/tjsokolkoberice.cz\/index.php?rest_route=\/wp\/v2\/users\/3"}],"replies":[{"embeddable":true,"href":"https:\/\/tjsokolkoberice.cz\/index.php?rest_route=%2Fwp%2Fv2%2Fcomments&post=2201"}],"version-history":[{"count":9,"href":"https:\/\/tjsokolkoberice.cz\/index.php?rest_route=\/wp\/v2\/posts\/2201\/revisions"}],"predecessor-version":[{"id":3274,"href":"https:\/\/tjsokolkoberice.cz\/index.php?rest_route=\/wp\/v2\/posts\/2201\/revisions\/3274"}],"wp:featuredmedia":[{"embeddable":true,"href":"https:\/\/tjsokolkoberice.cz\/index.php?rest_route=\/wp\/v2\/media\/2206"}],"wp:attachment":[{"href":"https:\/\/tjsokolkoberice.cz\/index.php?rest_route=%2Fwp%2Fv2%2Fmedia&parent=2201"}],"wp:term":[{"taxonomy":"category","embeddable":true,"href":"https:\/\/tjsokolkoberice.cz\/index.php?rest_route=%2Fwp%2Fv2%2Fcategories&post=2201"},{"taxonomy":"post_tag","embeddable":true,"href":"https:\/\/tjsokolkoberice.cz\/index.php?rest_route=%2Fwp%2Fv2%2Ftags&post=2201"}],"curies":[{"name":"wp","href":"https:\/\/api.w.org\/{rel}","templated":true}]}}