{"id":2248,"date":"2016-05-12T15:06:26","date_gmt":"2016-05-12T14:06:26","guid":{"rendered":"https:\/\/tjsokolkoberice.cz\/?p=2248"},"modified":"2025-10-14T11:58:06","modified_gmt":"2025-10-14T10:58:06","slug":"koberice-remizovaly-doma-s-bohuminem","status":"publish","type":"post","link":"https:\/\/tjsokolkoberice.cz\/?p=2248","title":{"rendered":"Mu\u017ei &#8222;A&#8220; remizovali doma s Bohum\u00ednem"},"content":{"rendered":"<h1 style=\"text-align: justify;\"><span style=\"font-size: 14pt; font-family: arial,helvetica,sans-serif;\">Kobe\u0159ice \u201eA\u201c &#8211;\u00a0 Bospor Bohum\u00edn 2:2 (2:0)<\/span><\/h1>\n<p style=\"text-align: justify;\"><span style=\"font-size: 12pt; font-family: arial,helvetica,sans-serif;\">\u00a0<\/span><\/p>\n<p style=\"text-align: justify;\"><span style=\"font-size: 12pt; font-family: arial,helvetica,sans-serif;\">Utk\u00e1n\u00ed dvou tot\u00e1ln\u011b roz\u00add\u00edln\u00fdch polo\u010das\u016f se usku\u00adte\u010dnilo v Kobe\u0159ic\u00edch. Sv\u011b\u0159enci tren\u00e9ra Kamr\u00e1da v \u00favodn\u00edm d\u011bjstv\u00ed dominovali, jen\u017ee po p\u0159est\u00e1vce zna\u010dn\u011b polevili, co\u017e se jim z\u00e1konit\u011b vymstilo. Hos\u00adt\u00e9 toti\u017e v z\u00e1v\u011bre\u010dn\u00e9 \u010dtvrthodin\u00adce vyd\u0159eli rem\u00edzu.<\/span><\/p>\n<p style=\"text-align: justify;\"><span style=\"font-size: 12pt; font-family: arial,helvetica,sans-serif;\">\u00a0<\/span><\/p>\n<p style=\"text-align: justify;\"><span style=\"font-size: 12pt; font-family: arial,helvetica,sans-serif;\">Dom\u00e1c\u00ed byli od za\u010d\u00e1tku nala\u00add\u011bni na \u00fato\u010dnou strunu, kdy\u017e na sebe upozor\u0148oval hlavn\u011b jejich kapit\u00e1n Ren\u00e9 Wirth. V 8. minut\u011b je\u0161t\u011b spr\u00e1vn\u011b nese\u0161teloval m\u00ed\u0159idla, ale potom u\u017e zam\u00ed\u0159il do \u010der\u00adn\u00e9ho, kdy\u017e zu\u017eitkoval p\u0159esn\u00fd pas \u0160ime\u010dka &#8211; 1:0. Host\u00e9 se na sebe hn\u011bvali i ve 26. minut\u011b. \u0160ime\u010dek si st\u0159ihl dal\u0161\u00ed g\u00f3lovou asistenci a do listiny st\u0159elc\u016f se tentokr\u00e1t za\u00adpsal Jakub Jan\u00edk &#8211; 2:0. Bohum\u00edn pak mohl definitivn\u011b poh\u0159b\u00edt Kry\u0161tof, jen\u017ee zazdil s\u00f3lov\u00fd n\u00e1\u00adjezd. Ve zbytku prvn\u00ed p\u016fle je\u0161t\u011b opakovan\u011b p\u00e1lil Jakub Jan\u00edk, ale host\u00e9 t\u011b\u017ek\u00e9 chvilky p\u0159e\u017eili.<\/span><\/p>\n<p style=\"text-align: justify;\"><span style=\"font-size: 12pt; font-family: arial,helvetica,sans-serif;\">\u00a0<\/span><\/p>\n<p style=\"text-align: justify;\"><span style=\"font-size: 12pt; font-family: arial,helvetica,sans-serif;\">D\u016f\u00adle\u017eit\u00fd moment nastal i kr\u00e1tce po p\u0159est\u00e1vce. Jakub Jan\u00edk zakrou\u00adtil centr p\u0159esn\u011b na hlavu Ren\u00e9 Wirtha, jeho\u017e hlavi\u010dku vytla\u00ad\u010dil brank\u00e1\u0159 Mur\u00edn na ty\u010dku. Bo\u00adhum\u00edn vz\u00e1p\u011bt\u00ed p\u0159e\u0161el do protiofenzivy a dom\u00e1c\u00ed se r\u00e1zem ocitli v \u00fazk\u00fdch. O nad\u011bjn\u00fd n\u00e1skok na\u00adkonec p\u0159i\u0161li. Na g\u00f3lmana Ziegla nejprve vyzr\u00e1l Hanus, kdy\u017e jeho centr ze strany h\u0159i\u0161t\u011b ne\u010dekan\u011b zapadl do vzd\u00e1len\u011bj\u0161\u00edho v\u00edka &#8211; 2:1. Kalich ho\u0159kosti si Kobe\u0159ice vypily do dna v 80. minut\u011b. Gor\u010dakovsk\u00fd toti\u017e p\u0159i nep\u0159ehled\u00adn\u00e9m z\u00e1varu trefil t\u00fdmov\u00e9ho ko\u00adlegu Buchtu, od n\u011bho\u017e se balon odrazil a\u017e do s\u00edt\u011b &#8211; 2:2.<\/span><\/p>\n<p style=\"text-align: justify;\"><span style=\"font-size: 12pt; font-family: arial,helvetica,sans-serif;\">\u00a0<\/span><\/p>\n<p style=\"text-align: justify;\"><em><span style=\"font-size: 12pt; font-family: arial,helvetica,sans-serif;\">\u201eV prv\u00adn\u00edm polo\u010dase jsme podali vyni\u00adkaj\u00edc\u00ed v\u00fdkon. Soupe\u0159e jsme p\u0159e\u00advy\u0161ovali ve v\u0161ech \u010dinnostech. Po p\u0159est\u00e1vce jsme ov\u0161em zbyte\u010dn\u011b zalezli dozadu. Tro\u0161ku n\u00e1m na\u00adv\u00edc ode\u0161ly s\u00edly, \u010deho\u017e Bohum\u00edn vyu\u017eil. Samoz\u0159ejm\u011b jsme hod\u00adn\u011b zklaman\u00ed,&#8220; smutnil kobe\u0159ick\u00fd vedouc\u00ed Martin Halfar (zdroj Region Opavsko).<\/span><\/em><\/p>\n<p style=\"text-align: justify;\"><span style=\"font-size: 12pt; font-family: arial,helvetica,sans-serif;\">\u00a0<\/span><\/p>\n<p style=\"text-align: justify;\"><span style=\"font-size: 12pt; font-family: arial,helvetica,sans-serif;\">Branky: 20. Ren\u00e9 Wirth, 26. J. Jan\u00edk &#8211; 75. Hanus, 80. Buchta vlastn\u00ed.<\/span><\/p>\n<p style=\"text-align: justify;\"><span style=\"font-size: 12pt; font-family: arial,helvetica,sans-serif;\">\u00a0<\/span><\/p>\n<p style=\"text-align: justify;\"><span style=\"font-size: 12pt; font-family: arial,helvetica,sans-serif;\">Kobe\u0159ice: Ziegl &#8211; Schreier (77. Buchta), D. Jan\u00edk, Robin Wirth, Gor\u010dakovsk\u00fd \u2013 P. Stuch\u00adl\u00edk (87. Ja\u0161ek), \u017dmol\u00edk, Ren\u00e9 Wirth, J. Jan\u00edk (62. J. Oberherr) &#8211; Kry\u0161tof (90. Bo\u010dek), \u0160ime\u010dek Tren\u00e9r: Tom\u00e1\u0161 Kamr\u00e1d.\u00a0\u00a0<\/span><\/p>\n<p style=\"text-align: justify;\"><span style=\"font-size: 12pt; font-family: arial,helvetica,sans-serif;\">\u00a0<\/span><\/p>\n<h2 style=\"text-align: justify;\"><span style=\"font-size: 12pt; font-family: arial,helvetica,sans-serif;\"><strong><u>V\u00fdsledky krajsk\u00e9ho p\u0159eboru<\/u><\/strong><\/span><\/h2>\n<p style=\"text-align: justify;\"><span style=\"font-size: 12pt; font-family: arial,helvetica,sans-serif;\"><strong>Kobe\u0159ice<\/strong><strong>\u00a0&#8211;\u00a0Bohum\u00edn\u00a02:2\u00a0(2:0)<\/strong><\/span><\/p>\n<p style=\"text-align: justify;\"><span style=\"font-size: 12pt; font-family: arial,helvetica,sans-serif;\">Krava\u0159e\u00a0&#8211;\u00a0H\u00e1j ve Slezsku\u00a01:3\u00a0(1:3)<\/span><\/p>\n<p style=\"text-align: justify;\"><span style=\"font-size: 12pt; font-family: arial,helvetica,sans-serif;\">Fren\u0161t\u00e1t p. R.\u00a0&#8211;\u00a0V\u00edtkov\u00a04:0\u00a0(3:0)<\/span><\/p>\n<p style=\"text-align: justify;\"><span style=\"font-size: 12pt; font-family: arial,helvetica,sans-serif;\">Polanka\u00a0&#8211;\u00a0Pust\u00e1 Polom\u00a00:1\u00a0(0:1)<\/span><\/p>\n<p style=\"text-align: justify;\"><span style=\"font-size: 12pt; font-family: arial,helvetica,sans-serif;\">\u0160enov\u00a0&#8211;\u00a0Vendryn\u011b\u00a05:0\u00a0(4:0)<\/span><\/p>\n<p style=\"text-align: justify;\"><span style=\"font-size: 12pt; font-family: arial,helvetica,sans-serif;\">B\u0159idli\u010dn\u00e1\u00a0&#8211;\u00a0Slavia Orlov\u00e1\u00a03:1\u00a0(1:0)<\/span><\/p>\n<p style=\"text-align: justify;\"><span style=\"font-size: 12pt; font-family: arial,helvetica,sans-serif;\">He\u0159manice\u00a0&#8211;\u00a0Markvartovice\u00a01:2\u00a0(1:2)<\/span><\/p>\n<p style=\"text-align: justify;\"><span style=\"font-size: 12pt; font-family: arial,helvetica,sans-serif;\">\u010cesk\u00fd T\u011b\u0161\u00edn\u00a0&#8211;\u00a0D\u011btmarovice\u00a02:0\u00a0(1:0)<\/span><\/p>\n","protected":false},"excerpt":{"rendered":"<p>Kobe\u0159ice \u201eA\u201c &#8211;\u00a0 Bospor Bohum\u00edn 2:2 (2:0) \u00a0 Utk\u00e1n\u00ed dvou tot\u00e1ln\u011b roz\u00add\u00edln\u00fdch polo\u010das\u016f se usku\u00adte\u010dnilo v Kobe\u0159ic\u00edch. Sv\u011b\u0159enci tren\u00e9ra Kamr\u00e1da v \u00favodn\u00edm d\u011bjstv\u00ed dominovali, jen\u017ee po<span class=\"excerpt-hellip\"> [\u2026]<\/span><\/p>\n","protected":false},"author":3,"featured_media":2250,"comment_status":"closed","ping_status":"open","sticky":false,"template":"","format":"standard","meta":{"ngg_post_thumbnail":0,"footnotes":""},"categories":[115,107],"tags":[],"class_list":["post-2248","post","type-post","status-publish","format-standard","has-post-thumbnail","hentry","category-a-tym","category-fotbal"],"_links":{"self":[{"href":"https:\/\/tjsokolkoberice.cz\/index.php?rest_route=\/wp\/v2\/posts\/2248","targetHints":{"allow":["GET"]}}],"collection":[{"href":"https:\/\/tjsokolkoberice.cz\/index.php?rest_route=\/wp\/v2\/posts"}],"about":[{"href":"https:\/\/tjsokolkoberice.cz\/index.php?rest_route=\/wp\/v2\/types\/post"}],"author":[{"embeddable":true,"href":"https:\/\/tjsokolkoberice.cz\/index.php?rest_route=\/wp\/v2\/users\/3"}],"replies":[{"embeddable":true,"href":"https:\/\/tjsokolkoberice.cz\/index.php?rest_route=%2Fwp%2Fv2%2Fcomments&post=2248"}],"version-history":[{"count":3,"href":"https:\/\/tjsokolkoberice.cz\/index.php?rest_route=\/wp\/v2\/posts\/2248\/revisions"}],"predecessor-version":[{"id":2255,"href":"https:\/\/tjsokolkoberice.cz\/index.php?rest_route=\/wp\/v2\/posts\/2248\/revisions\/2255"}],"wp:featuredmedia":[{"embeddable":true,"href":"https:\/\/tjsokolkoberice.cz\/index.php?rest_route=\/wp\/v2\/media\/2250"}],"wp:attachment":[{"href":"https:\/\/tjsokolkoberice.cz\/index.php?rest_route=%2Fwp%2Fv2%2Fmedia&parent=2248"}],"wp:term":[{"taxonomy":"category","embeddable":true,"href":"https:\/\/tjsokolkoberice.cz\/index.php?rest_route=%2Fwp%2Fv2%2Fcategories&post=2248"},{"taxonomy":"post_tag","embeddable":true,"href":"https:\/\/tjsokolkoberice.cz\/index.php?rest_route=%2Fwp%2Fv2%2Ftags&post=2248"}],"curies":[{"name":"wp","href":"https:\/\/api.w.org\/{rel}","templated":true}]}}