{"id":2283,"date":"2016-05-18T05:47:55","date_gmt":"2016-05-18T04:47:55","guid":{"rendered":"https:\/\/tjsokolkoberice.cz\/?p=2283"},"modified":"2025-10-14T11:58:06","modified_gmt":"2025-10-14T10:58:06","slug":"dorostenci-rozdrtili-darkovicky-zaci-porazili-benesov","status":"publish","type":"post","link":"https:\/\/tjsokolkoberice.cz\/?p=2283","title":{"rendered":"Dorostenci rozdrtili Darkovi\u010dky, \u017e\u00e1ci porazili Bene\u0161ov"},"content":{"rendered":"<h1 style=\"text-align: justify;\"><span style=\"font-family: arial,helvetica,sans-serif; font-size: 14pt;\"><strong>Darkovi\u010dky \u2013 dorost Kobe\u0159ice 0:8 (0:3)<\/strong><\/span><\/h1>\n<p style=\"text-align: justify;\">\n<p style=\"text-align: justify;\"><span style=\"font-family: arial,helvetica,sans-serif; font-size: 12pt;\">Dal\u0161\u00ed mistrovsk\u00e9 utk\u00e1n\u00ed \u00a0sehr\u00e1li na\u0161\u00ed dorostenci na h\u0159i\u0161ti v Darkovi\u010dk\u00e1ch, kde se \u00a0do 29. min. hr\u00e1la\u00a0sp\u00ed\u0161e nep\u0159esn\u00e1 nakop\u00e1van\u00e1 ne\u017e kvalitn\u00ed fotbal. Obrat nastal pr\u00e1v\u011b v\u00a0tomto \u010dase a to kdy\u017e Bolack\u00fd na\u0161el zp\u011btnou p\u0159ihr\u00e1vkou Zaj\u00ed\u010dka a ten nezav\u00e1hal &#8211; 0:1. Ve 31 min. St\u0159\u00edbn\u00fd na\u0161el Bolack\u00e9ho a ten dor\u00e1\u017eel &#8211; 0:2. V t\u00e9\u017ee minut\u011b vystihl nedorozum\u011bn\u00ed dom\u00e1c\u00ed obrany s brank\u00e1\u0159em Zaj\u00ed\u010dek a pohodln\u011b z\u00e1v\u011bsil do pr\u00e1zdn\u00e9 branky &#8211; 0:3.<\/span><\/p>\n<p style=\"text-align: justify;\"><span style=\"font-family: arial,helvetica,sans-serif; font-size: 12pt;\">Ve druh\u00e9m polo\u010dase st\u0159elecky dominovalo u\u017e jen mu\u017estvo Kobe\u0159ic. V\u00a056. min. se z d\u00e1lky trefil Kubn\u00fd, v\u00a069. min. putoval m\u00ed\u010d po ose Stuchl\u00edk &#8211; Zaj\u00ed\u010dek a\u017e ke Kubn\u00e9mu a ten u\u017e v\u011bd\u011bl co s m\u00ed\u010dem a r\u00e1zem to bylo 0:5. V\u00a0rozmez\u00ed 72. \u2013 78. min. spoluhr\u00e1\u010di dvakr\u00e1t na\u0161li voln\u00e9ho Zaj\u00ed\u010dka a ten byl prost\u011b p\u0159i st\u0159eleck\u00e9 chuti &#8211; 0:7. A aby toho nebylo m\u00e1lo, tak v 88. min. na\u0161el Kubn\u00fd zcela voln\u00e9ho \u0160van\u010dara, kter\u00fd svou premi\u00e9rovou brankou stanovil kone\u010dn\u00e9 sk\u00f3re z\u00e1pasu na 0:8. T\u00edmto v\u00fdsledkem se na\u0161i dorostenci vr\u00e1tili na 3. m\u00edsto tabulky krajsk\u00e9 sout\u011b\u017ee dorostu.<\/span><\/p>\n<p style=\"text-align: justify;\">\n<p style=\"text-align: justify;\"><span style=\"font-family: arial,helvetica,sans-serif; font-size: 12pt;\"><strong>Branky:<\/strong> \u00a029., 31., 72., 78. Zaj\u00ed\u010dek, 56., 69. Kubn\u00fd, 31. Bolack\u00fd a 88. \u0160van\u010dar<\/span><\/p>\n<p style=\"text-align: justify;\">\n<p style=\"text-align: justify;\"><span style=\"font-family: arial,helvetica,sans-serif; font-size: 12pt;\"><strong>Sestava:<\/strong> Schlischka \u00a0&#8211; Wittek (46. Kone\u010dn\u00fd), Kollek, Stuchlik, Moravec\u00a0&#8211; Zaj\u00ed\u010dek, Kubn\u00fd, Kolar\u010d\u00edk ( 62. Nov\u00e1k ), St\u0159\u00edbn\u00fd\u00a0&#8211; Bolack\u00fd, Oh\u0159\u00e1l (10. Rother, 57. \u0160van\u010dar )<\/span><\/p>\n<p style=\"text-align: justify;\"><span style=\"font-family: arial,helvetica,sans-serif; font-size: 12pt;\">\u00a0<\/span><\/p>\n<p style=\"text-align: justify;\"><span style=\"font-family: arial,helvetica,sans-serif; font-size: 12pt;\"><strong><u>V\u00fdsledky krajsk\u00e9 sout\u011b\u017ee dorostu<\/u><\/strong><\/span><\/p>\n<p style=\"text-align: justify;\"><span style=\"font-family: arial,helvetica,sans-serif; font-size: 12pt;\">Darkovi\u010dky\u00a0&#8211;\u00a0Kobe\u0159ice\u00a00:8\u00a0(0:3)<\/span><\/p>\n<p style=\"text-align: justify;\"><span style=\"font-family: arial,helvetica,sans-serif; font-size: 12pt;\">Polanka\u00a0&#8211;\u00a0Fulnek\u00a05:1\u00a0(3:1)<\/span><\/p>\n<p style=\"text-align: justify;\"><span style=\"font-family: arial,helvetica,sans-serif; font-size: 12pt;\">V\u00edtkov\u00a0&#8211;\u00a0R\u00fdma\u0159ov\u00a03:4\u00a0(1:1)<\/span><\/p>\n<p style=\"text-align: justify;\"><span style=\"font-family: arial,helvetica,sans-serif; font-size: 12pt;\">Hradec n.M.\u00a0&#8211;\u00a0Doln\u00ed Bene\u0161ov\u00a02:2\u00a0(0:2)<\/span><\/p>\n<p style=\"text-align: justify;\"><span style=\"font-family: arial,helvetica,sans-serif; font-size: 12pt;\">Stud\u00e9nka\u00a0&#8211;\u00a0Vratimov\u00a01:6\u00a0(0:3)<\/span><\/p>\n<p style=\"text-align: justify;\"><span style=\"font-family: arial,helvetica,sans-serif; font-size: 12pt;\">V\u00e1vrovice\u00a0&#8211;\u00a0Svinov\u00a03:2\u00a0(1:1)<\/span><\/p>\n<p style=\"text-align: justify;\">\n<p style=\"text-align: justify;\">\n<h1 style=\"text-align: justify;\"><span style=\"font-family: arial,helvetica,sans-serif; font-size: 12pt;\"><strong><span style=\"font-size: 14pt;\">Star\u0161\u00ed i mlad\u0161\u00ed \u017e\u00e1ci porazili Doln\u00ed Bene\u0161ov<\/span> <\/strong><\/span><\/h1>\n<p style=\"text-align: justify;\">\n<p style=\"text-align: justify;\"><span style=\"font-family: arial,helvetica,sans-serif; font-size: 12pt;\">Star\u0161\u00ed i mlad\u0161\u00ed \u017e\u00e1ci Kobe\u0159ic se st\u0159etli v\u00a0dal\u0161\u00edm kole krajsk\u00e9 sout\u011b\u017ee s\u00a0Doln\u00edm Bene\u0161ovem. Ob\u011b mu\u017estva si p\u0159ipsala cenn\u00e1 v\u00edt\u011bzstv\u00ed.<\/span><\/p>\n<p style=\"text-align: justify;\">\n<p style=\"text-align: justify;\"><span style=\"font-family: arial,helvetica,sans-serif; font-size: 12pt;\"><strong><u>V\u00fdsledky krajsk\u00e9 sout\u011b\u017ee star\u0161\u00edch \u017e\u00e1k\u016f<\/u><\/strong><\/span><\/p>\n<p style=\"text-align: justify;\"><span style=\"font-family: arial,helvetica,sans-serif; font-size: 12pt;\"><strong>Kobe\u0159ice<\/strong><strong>\u00a0&#8211;\u00a0Doln\u00ed Bene\u0161ov\u00a03:1\u00a0(0:1)<\/strong><\/span><\/p>\n<p style=\"text-align: justify;\"><span style=\"font-family: arial,helvetica,sans-serif; font-size: 12pt;\">Juventus Brunt\u00e1l\u00a0&#8211;\u00a0FC Ban\u00edk Ostrava B\u00a00:8\u00a0(0:2)<\/span><\/p>\n<p style=\"text-align: justify;\"><span style=\"font-family: arial,helvetica,sans-serif; font-size: 12pt;\">FC V\u0159esina\u00a0&#8211;\u00a0M\u011bsto Albrechtice\u00a02:6\u00a0(0:3)<\/span><\/p>\n<p style=\"text-align: justify;\"><span style=\"font-family: arial,helvetica,sans-serif; font-size: 12pt;\">Darkovi\u010dky\u00a0&#8211;\u00a0Slavia Opava\u00a06:2\u00a0(2:1)<\/span><\/p>\n<p style=\"text-align: justify;\"><span style=\"font-family: arial,helvetica,sans-serif; font-size: 12pt;\">Ludge\u0159ovice\u00a0&#8211;\u00a0R\u00fdma\u0159ov\u00a03:0\u00a0(0:0)<\/span><\/p>\n<p style=\"text-align: justify;\"><span style=\"font-family: arial,helvetica,sans-serif; font-size: 12pt;\">V\u00edtkov\u00a0&#8211;\u00a0Vrbno\u00a02:5\u00a0(2:1)<\/span><\/p>\n<p style=\"text-align: justify;\">\n<p style=\"text-align: justify;\"><span style=\"font-family: arial,helvetica,sans-serif; font-size: 12pt;\"><strong><u>V\u00fdsledky krajsk\u00e9 sout\u011b\u017ee mlad\u0161\u00edch \u017e\u00e1k\u016f<\/u><\/strong><\/span><\/p>\n<p style=\"text-align: justify;\"><span style=\"font-family: arial,helvetica,sans-serif; font-size: 12pt;\"><strong>Kobe\u0159ice<\/strong><strong>\u00a0&#8211;\u00a0Doln\u00ed Bene\u0161ov\u00a07:0\u00a0(6:0)<\/strong><\/span><\/p>\n<p style=\"text-align: justify;\"><span style=\"font-family: arial,helvetica,sans-serif; font-size: 12pt;\">Juventus Brunt\u00e1l\u00a0&#8211;\u00a0FC Ban\u00edk Ostrava B\u00a03:6\u00a0(1:3)<\/span><\/p>\n<p style=\"text-align: justify;\"><span style=\"font-family: arial,helvetica,sans-serif; font-size: 12pt;\">Darkovi\u010dky\u00a0&#8211;\u00a0Slavia Opava\u00a02:3\u00a0(1:1)<\/span><\/p>\n<p style=\"text-align: justify;\"><span style=\"font-family: arial,helvetica,sans-serif; font-size: 12pt;\">FC V\u0159esina\u00a0&#8211;\u00a0M\u011bsto Albrechtice\u00a013:1\u00a0(3:1)<\/span><\/p>\n<p style=\"text-align: justify;\"><span style=\"font-family: arial,helvetica,sans-serif; font-size: 12pt;\">Ludge\u0159ovice\u00a0&#8211;\u00a0R\u00fdma\u0159ov\u00a01:7\u00a0(0:1)<\/span><\/p>\n<p style=\"text-align: justify;\"><span style=\"font-family: arial,helvetica,sans-serif; font-size: 12pt;\">V\u00edtkov\u00a0&#8211;\u00a0Vrbno\u00a01:2\u00a0(1:2)<\/span><\/p>\n","protected":false},"excerpt":{"rendered":"<p>Darkovi\u010dky \u2013 dorost Kobe\u0159ice 0:8 (0:3) Dal\u0161\u00ed mistrovsk\u00e9 utk\u00e1n\u00ed \u00a0sehr\u00e1li na\u0161\u00ed dorostenci na h\u0159i\u0161ti v Darkovi\u010dk\u00e1ch, kde se \u00a0do 29. min. hr\u00e1la\u00a0sp\u00ed\u0161e nep\u0159esn\u00e1 nakop\u00e1van\u00e1 ne\u017e kvalitn\u00ed<span class=\"excerpt-hellip\"> [\u2026]<\/span><\/p>\n","protected":false},"author":3,"featured_media":2183,"comment_status":"closed","ping_status":"open","sticky":false,"template":"","format":"standard","meta":{"ngg_post_thumbnail":0,"footnotes":""},"categories":[110,107,117,111],"tags":[],"class_list":["post-2283","post","type-post","status-publish","format-standard","has-post-thumbnail","hentry","category-dorost","category-fotbal","category-mladsi-zaci","category-starsi-zaci"],"_links":{"self":[{"href":"https:\/\/tjsokolkoberice.cz\/index.php?rest_route=\/wp\/v2\/posts\/2283","targetHints":{"allow":["GET"]}}],"collection":[{"href":"https:\/\/tjsokolkoberice.cz\/index.php?rest_route=\/wp\/v2\/posts"}],"about":[{"href":"https:\/\/tjsokolkoberice.cz\/index.php?rest_route=\/wp\/v2\/types\/post"}],"author":[{"embeddable":true,"href":"https:\/\/tjsokolkoberice.cz\/index.php?rest_route=\/wp\/v2\/users\/3"}],"replies":[{"embeddable":true,"href":"https:\/\/tjsokolkoberice.cz\/index.php?rest_route=%2Fwp%2Fv2%2Fcomments&post=2283"}],"version-history":[{"count":1,"href":"https:\/\/tjsokolkoberice.cz\/index.php?rest_route=\/wp\/v2\/posts\/2283\/revisions"}],"predecessor-version":[{"id":2284,"href":"https:\/\/tjsokolkoberice.cz\/index.php?rest_route=\/wp\/v2\/posts\/2283\/revisions\/2284"}],"wp:featuredmedia":[{"embeddable":true,"href":"https:\/\/tjsokolkoberice.cz\/index.php?rest_route=\/wp\/v2\/media\/2183"}],"wp:attachment":[{"href":"https:\/\/tjsokolkoberice.cz\/index.php?rest_route=%2Fwp%2Fv2%2Fmedia&parent=2283"}],"wp:term":[{"taxonomy":"category","embeddable":true,"href":"https:\/\/tjsokolkoberice.cz\/index.php?rest_route=%2Fwp%2Fv2%2Fcategories&post=2283"},{"taxonomy":"post_tag","embeddable":true,"href":"https:\/\/tjsokolkoberice.cz\/index.php?rest_route=%2Fwp%2Fv2%2Ftags&post=2283"}],"curies":[{"name":"wp","href":"https:\/\/api.w.org\/{rel}","templated":true}]}}