{"id":2289,"date":"2016-05-18T13:12:03","date_gmt":"2016-05-18T12:12:03","guid":{"rendered":"https:\/\/tjsokolkoberice.cz\/?p=2289"},"modified":"2025-10-14T11:58:06","modified_gmt":"2025-10-14T10:58:06","slug":"muzi-b-podlehli-doma-steboricim","status":"publish","type":"post","link":"https:\/\/tjsokolkoberice.cz\/?p=2289","title":{"rendered":"Mu\u017ei &#8222;B&#8220; podlehli doma St\u011bbo\u0159ic\u00edm"},"content":{"rendered":"<p style=\"text-align: justify;\"><span style=\"font-family: arial,helvetica,sans-serif; font-size: 14pt;\"><strong>Kobe\u0159ice \u201eB\u201c &#8211; St\u011bbo\u0159ice 1:2 (1:0)<\/strong><\/span><\/p>\n<p style=\"text-align: justify;\"><span style=\"font-family: arial,helvetica,sans-serif; font-size: 12pt;\">\u00a0<\/span><\/p>\n<p style=\"text-align: justify;\"><span style=\"font-family: arial,helvetica,sans-serif; font-size: 12pt;\">V prvn\u00ed \u010d\u00e1sti byla o chloupek lep\u0161\u00ed dom\u00e1c\u00ed ekipa. Vypracovala si i v\u00edce \u0161anc\u00ed, kter\u00e9 zazdil N\u00e1hl\u00edk a po n\u011bm i Bedrich. Host\u00e9 se zmohli jen na dv\u011b st\u0159ely, kter\u00e9 \u0161ly mimo br\u00e1nu. Do veden\u00ed se Ko\u00adbe\u0159ice prodraly v sam\u00e9m z\u00e1v\u011b\u00adru polo\u010dasu, kdy se po z\u00e1varu v \u0161estn\u00e1ctce dostal m\u00ed\u010d k Hlavenkovi, jen\u017e byl neomyln\u00fd &#8211; 1:0.<\/span><\/p>\n<p style=\"text-align: justify;\"><span style=\"font-family: arial,helvetica,sans-serif; font-size: 12pt;\">\u00a0<\/span><\/p>\n<p style=\"text-align: justify;\"><span style=\"font-family: arial,helvetica,sans-serif; font-size: 12pt;\">Ve druh\u00e9m d\u011bjstv\u00ed p\u0159evzaly iniciati\u00advu St\u011bbo\u0159ice. Vyrovn\u00e1n\u00ed se do\u00ad\u010dkaly v 68. minut\u011b, kdy\u017e se po kr\u00e1sn\u00e9 r\u00e1n\u011b Kr\u00e1le zat\u0159epetal m\u00ed\u010d v s\u00edti &#8211; 1:1. V 85. minut\u011b \u0161el s\u00e1m na branku kobe\u0159ick\u00fd Bo\u010dek, ale nedal. Z n\u00e1sledn\u00e9ho proti\u00fatoku z\u00edskal balon Holubec a nekom\u00adpromisn\u011b strhl v\u00fdhru na stranu St\u011bbo\u0159ic &#8211; 1:2. Host\u00e9 si pak u\u017e t\u011bsn\u00fd n\u00e1skok zku\u0161en\u011b pohl\u00eddali.<\/span><\/p>\n<p style=\"text-align: justify;\"><span style=\"font-family: arial,helvetica,sans-serif; font-size: 12pt;\">\u00a0<\/span><\/p>\n<p style=\"text-align: justify;\"><span style=\"font-family: arial,helvetica,sans-serif; font-size: 12pt;\">Branky: Hlavenka &#8211; Kr\u00e1l, Holubec.<\/span><\/p>\n<p style=\"text-align: justify;\"><span style=\"font-family: arial,helvetica,sans-serif; font-size: 12pt;\"><u>V\u00fdsledky okresn\u00edho p\u0159eboru <\/u><\/span><\/p>\n<p style=\"text-align: justify;\"><span style=\"font-family: arial,helvetica,sans-serif; font-size: 12pt;\"><strong>Kobe\u0159ice &#8222;B&#8220;<\/strong><strong>\u00a0&#8211;\u00a0St\u011bbo\u0159ice\u00a01:2\u00a0(1:0)<\/strong><\/span><\/p>\n<p style=\"text-align: justify;\"><span style=\"font-family: arial,helvetica,sans-serif; font-size: 12pt;\">Budi\u0161ov n\/B\u00a0&#8211;\u00a0Such\u00e9 Lazce\u00a00:3\u00a0(0:1)<\/span><\/p>\n<p style=\"text-align: justify;\"><span style=\"font-family: arial,helvetica,sans-serif; font-size: 12pt;\">V\u0159esina\u00a0&#8211;\u00a0B\u011bl\u00e1\u00a05:0\u00a0(2:0)<\/span><\/p>\n<p style=\"text-align: justify;\"><span style=\"font-family: arial,helvetica,sans-serif; font-size: 12pt;\">Hradec n\/M\u00a0&#8211;\u00a0Mal\u00e9 Ho\u0161tice\u00a02:1\u00a0(2:0)<\/span><\/p>\n<p style=\"text-align: justify;\"><span style=\"font-family: arial,helvetica,sans-serif; font-size: 12pt;\">Slavia Opava\u00a0&#8211;\u00a0Litultovice\u00a02:2\u00a0(0:1)<\/span><\/p>\n<p style=\"text-align: justify;\"><span style=\"font-family: arial,helvetica,sans-serif; font-size: 12pt;\">Pust\u00e1 Polom &#8222;B&#8220;\u00a0&#8211;\u00a0Chlebi\u010dov &#8222;B&#8220;\u00a04:2\u00a0(3:0)<\/span><\/p>\n<p style=\"text-align: justify;\"><span style=\"font-family: arial,helvetica,sans-serif; font-size: 12pt;\">V\u00e1vrovice\u00a0&#8211;\u00a0Jakartovice\u00a01:2\u00a0(0:0)<\/span><\/p>\n","protected":false},"excerpt":{"rendered":"<p>Kobe\u0159ice \u201eB\u201c &#8211; St\u011bbo\u0159ice 1:2 (1:0) \u00a0 V prvn\u00ed \u010d\u00e1sti byla o chloupek lep\u0161\u00ed dom\u00e1c\u00ed ekipa. Vypracovala si i v\u00edce \u0161anc\u00ed, kter\u00e9 zazdil N\u00e1hl\u00edk a po<span class=\"excerpt-hellip\"> [\u2026]<\/span><\/p>\n","protected":false},"author":3,"featured_media":2146,"comment_status":"closed","ping_status":"open","sticky":false,"template":"","format":"standard","meta":{"ngg_post_thumbnail":0,"footnotes":""},"categories":[112,107],"tags":[],"class_list":["post-2289","post","type-post","status-publish","format-standard","has-post-thumbnail","hentry","category-b-tym","category-fotbal"],"_links":{"self":[{"href":"https:\/\/tjsokolkoberice.cz\/index.php?rest_route=\/wp\/v2\/posts\/2289","targetHints":{"allow":["GET"]}}],"collection":[{"href":"https:\/\/tjsokolkoberice.cz\/index.php?rest_route=\/wp\/v2\/posts"}],"about":[{"href":"https:\/\/tjsokolkoberice.cz\/index.php?rest_route=\/wp\/v2\/types\/post"}],"author":[{"embeddable":true,"href":"https:\/\/tjsokolkoberice.cz\/index.php?rest_route=\/wp\/v2\/users\/3"}],"replies":[{"embeddable":true,"href":"https:\/\/tjsokolkoberice.cz\/index.php?rest_route=%2Fwp%2Fv2%2Fcomments&post=2289"}],"version-history":[{"count":2,"href":"https:\/\/tjsokolkoberice.cz\/index.php?rest_route=\/wp\/v2\/posts\/2289\/revisions"}],"predecessor-version":[{"id":2297,"href":"https:\/\/tjsokolkoberice.cz\/index.php?rest_route=\/wp\/v2\/posts\/2289\/revisions\/2297"}],"wp:featuredmedia":[{"embeddable":true,"href":"https:\/\/tjsokolkoberice.cz\/index.php?rest_route=\/wp\/v2\/media\/2146"}],"wp:attachment":[{"href":"https:\/\/tjsokolkoberice.cz\/index.php?rest_route=%2Fwp%2Fv2%2Fmedia&parent=2289"}],"wp:term":[{"taxonomy":"category","embeddable":true,"href":"https:\/\/tjsokolkoberice.cz\/index.php?rest_route=%2Fwp%2Fv2%2Fcategories&post=2289"},{"taxonomy":"post_tag","embeddable":true,"href":"https:\/\/tjsokolkoberice.cz\/index.php?rest_route=%2Fwp%2Fv2%2Ftags&post=2289"}],"curies":[{"name":"wp","href":"https:\/\/api.w.org\/{rel}","templated":true}]}}