{"id":2320,"date":"2016-05-25T20:38:31","date_gmt":"2016-05-25T19:38:31","guid":{"rendered":"https:\/\/tjsokolkoberice.cz\/?p=2320"},"modified":"2025-10-14T11:57:53","modified_gmt":"2025-10-14T10:57:53","slug":"vikendovy-program-nasich-muzstev-6","status":"publish","type":"post","link":"https:\/\/tjsokolkoberice.cz\/?p=2320","title":{"rendered":"V\u00edkendov\u00fd program na\u0161ich mu\u017estev"},"content":{"rendered":"<h1 style=\"text-align: justify;\"><span style=\"font-size: 12pt; font-family: arial,helvetica,sans-serif;\"><strong><span style=\"font-size: 14pt;\">V\u00a0sobotu budou hr\u00e1t na\u0161i fotbalist\u00e9 \u201eA\u201c mu\u017estva ve V\u00edtkov\u011b\u00a0<\/span> <\/strong><\/span><\/h1>\n<p style=\"text-align: justify;\">\n<p style=\"text-align: justify;\"><span style=\"font-size: 12pt; font-family: arial,helvetica,sans-serif;\">Po rem\u00edze, kterou na\u0161i fotbalist\u00e9 uhr\u00e1li doma se Slavi\u00ed Orlov\u00e1, budou hr\u00e1t venku s\u00a0celkem V\u00edtkova, kter\u00fd je na 14. m\u00edst\u011b sout\u011b\u017ee krajsk\u00e9ho p\u0159eboru. Do utk\u00e1n\u00ed s\u00a0n\u00e1mi jdou se ziskem 27 bod\u016f a to za 7 v\u00edt\u011bzstv\u00ed a 6 rem\u00edzov\u00fdch utk\u00e1n\u00ed. Na\u0161i jsou na tom o n\u011bco l\u00e9pe, kdy\u017e jim pat\u0159\u00ed 13. m\u00edsto a to za 7 v\u00edt\u011bzstv\u00ed a 8 rem\u00edz. Utk\u00e1n\u00ed krajsk\u00e9ho p\u0159eboru V\u00edtkov &#8211; Kobe\u0159ice se bude hr\u00e1t v\u00a0sobotu 28. kv\u011btna od 17:00 hodin. Zveme v\u0161echny fanou\u0161ky dobr\u00e9ho fotbalu.<\/span><\/p>\n<p style=\"text-align: justify;\">\n<table width=\"436\">\n<tbody>\n<tr>\n<td width=\"209\"><span style=\"font-size: 12pt; font-family: arial,helvetica,sans-serif;\"><strong><u>Tento t\u00fdden hraj\u00ed :<\/u><\/strong><\/span><\/p>\n<p><span style=\"font-size: 12pt; font-family: arial,helvetica,sans-serif;\">Vendryn\u011b\u00a0&#8211;\u00a0Polanka<\/span><\/td>\n<td width=\"227\"><span style=\"font-size: 12pt; font-family: arial,helvetica,sans-serif;\"><strong><u>P\u0159\u00ed\u0161t\u011b budou hr\u00e1t:<\/u><\/strong><\/span><\/p>\n<p><span style=\"font-size: 12pt; font-family: arial,helvetica,sans-serif;\">H\u00e1j ve Slezsku\u00a0-Vendryn\u011b<\/span><\/td>\n<\/tr>\n<tr>\n<td width=\"209\"><span style=\"font-size: 12pt; font-family: arial,helvetica,sans-serif;\">\u010cesk\u00fd T\u011b\u0161\u00edn\u00a0&#8211;\u00a0He\u0159manice<\/span><\/td>\n<td width=\"227\"><span style=\"font-size: 12pt; font-family: arial,helvetica,sans-serif;\">\u0160enov\u00a0&#8211;\u00a0V\u00edtkov<\/span><\/td>\n<\/tr>\n<tr>\n<td width=\"209\"><span style=\"font-size: 12pt; font-family: arial,helvetica,sans-serif;\">D\u011btmarovice\u00a0&#8211;\u00a0Fren\u0161t\u00e1t p. R.<\/span><\/td>\n<td width=\"227\"><span style=\"font-size: 12pt; font-family: arial,helvetica,sans-serif;\">B\u0159idli\u010dn\u00e1\u00a0&#8211;\u00a0D\u011btmarovice<\/span><\/td>\n<\/tr>\n<tr>\n<td width=\"209\"><span style=\"font-size: 12pt; font-family: arial,helvetica,sans-serif;\">V\u00edtkov\u00a0&#8211;\u00a0Kobe\u0159ice<\/span><\/td>\n<td width=\"227\"><span style=\"font-size: 12pt; font-family: arial,helvetica,sans-serif;\">He\u0159manice\u00a0&#8211;\u00a0Polanka<\/span><\/td>\n<\/tr>\n<tr>\n<td width=\"209\"><span style=\"font-size: 12pt; font-family: arial,helvetica,sans-serif;\">Slavia Orlov\u00e1\u00a0&#8211;\u00a0\u0160enov<\/span><\/td>\n<td width=\"227\"><span style=\"font-size: 12pt; font-family: arial,helvetica,sans-serif;\">Bohum\u00edn\u00a0&#8211;\u00a0Slavia Orlov\u00e1<\/span><\/td>\n<\/tr>\n<tr>\n<td width=\"209\"><span style=\"font-size: 12pt; font-family: arial,helvetica,sans-serif;\">H\u00e1j ve Slezsku\u00a0&#8211;\u00a0Bohum\u00edn<\/span><\/td>\n<td width=\"227\"><span style=\"font-size: 12pt; font-family: arial,helvetica,sans-serif;\">Kobe\u0159ice\u00a0&#8211;\u00a0Markvartovice<\/span><\/td>\n<\/tr>\n<tr>\n<td width=\"209\"><span style=\"font-size: 12pt; font-family: arial,helvetica,sans-serif;\">Pust\u00e1 Polom\u00a0&#8211;\u00a0B\u0159idli\u010dn\u00e1<\/span><\/td>\n<td width=\"227\"><span style=\"font-size: 12pt; font-family: arial,helvetica,sans-serif;\">Krava\u0159e\u00a0&#8211;\u00a0Pust\u00e1 Polom<\/span><\/td>\n<\/tr>\n<tr>\n<td width=\"209\"><span style=\"font-size: 12pt; font-family: arial,helvetica,sans-serif;\">Markvartovice\u00a0&#8211;\u00a0Krava\u0159e<\/span><\/td>\n<td width=\"227\"><span style=\"font-size: 12pt; font-family: arial,helvetica,sans-serif;\">Fren\u0161t\u00e1t p. R.\u00a0&#8211;\u00a0\u010cesk\u00fd T\u011b\u0161\u00edn<\/span><\/td>\n<\/tr>\n<\/tbody>\n<\/table>\n<p style=\"text-align: justify;\">\n<p style=\"text-align: justify;\">\n<p style=\"text-align: justify;\"><span style=\"font-size: 14pt; font-family: arial,helvetica,sans-serif;\"><strong>Mu\u017ei \u201eB\u201c se st\u0159etnou doma s\u00a0Jakartovicemi\u00a0\u00a0\u00a0 <\/strong><\/span><\/p>\n<p style=\"text-align: justify;\">\n<p style=\"text-align: justify;\"><span style=\"font-size: 12pt; font-family: arial,helvetica,sans-serif;\">Kobe\u0159ick\u00e1 rezerva bude hr\u00e1t mistrovsk\u00e9 utk\u00e1n\u00ed doma s\u00a0Jakartovicemi, kter\u00e9 jsou na 9. m\u00edst\u011b tabulky okresn\u00edho p\u0159eboru se ziskem 33 bod\u016f. Na\u0161i jsou na 12. m\u00edst\u011b a maj\u00ed 19 bod\u016f. <strong>Utk\u00e1n\u00ed Kobe\u0159ice \u201cB\u201c \u2013 Jakartovice se bude hr\u00e1t v\u00a0sobotu 28. kv\u011btna od 17:00 hodin. Zveme v\u0161echny p\u0159\u00edznivce na\u0161\u00ed \u201edvojky\u201c.<\/strong><\/span><\/p>\n<p style=\"text-align: justify;\"><span style=\"font-size: 12pt; font-family: arial,helvetica,sans-serif;\"><strong>\u00a0<\/strong><\/span><\/p>\n<table width=\"469\">\n<tbody>\n<tr>\n<td width=\"233\"><span style=\"font-size: 12pt; font-family: arial,helvetica,sans-serif;\"><strong><u>Tento t\u00fdden se st\u0159etnou :<\/u><\/strong><\/span><\/p>\n<p><span style=\"font-size: 12pt; font-family: arial,helvetica,sans-serif;\">Slavia Opava\u00a0&#8211;\u00a0Chlebi\u010dov &#8222;B&#8220;<\/span><\/td>\n<td width=\"236\"><span style=\"font-size: 12pt; font-family: arial,helvetica,sans-serif;\"><strong><u>P\u0159\u00ed\u0161t\u011b budou hr\u00e1t:<\/u><\/strong><\/span><\/p>\n<p><span style=\"font-size: 12pt; font-family: arial,helvetica,sans-serif;\">Slavia Opava\u00a0&#8211;\u00a0Budi\u0161ov n\/B<\/span><\/td>\n<\/tr>\n<tr>\n<td width=\"233\"><span style=\"font-size: 12pt; font-family: arial,helvetica,sans-serif;\">Pust\u00e1 Polom &#8222;B&#8220;\u00a0&#8211;\u00a0Mal\u00e9 Ho\u0161tice<\/span><\/td>\n<td width=\"236\"><span style=\"font-size: 12pt; font-family: arial,helvetica,sans-serif;\"><strong>Such\u00e9 Lazce\u00a0&#8211;\u00a0Kobe\u0159ice &#8222;B&#8220;<\/strong><\/span><\/td>\n<\/tr>\n<tr>\n<td width=\"233\"><span style=\"font-size: 12pt; font-family: arial,helvetica,sans-serif;\"><strong>Kobe\u0159ice &#8222;B&#8220;\u00a0&#8211;\u00a0Jakartovice<\/strong><\/span><\/td>\n<td width=\"236\"><span style=\"font-size: 12pt; font-family: arial,helvetica,sans-serif;\">Jakartovice\u00a0&#8211;\u00a0Pust\u00e1 Polom &#8222;B&#8220;<\/span><\/td>\n<\/tr>\n<tr>\n<td width=\"233\"><span style=\"font-size: 12pt; font-family: arial,helvetica,sans-serif;\">V\u00e1vrovice\u00a0&#8211;\u00a0B\u011bl\u00e1<\/span><\/td>\n<td width=\"236\"><span style=\"font-size: 12pt; font-family: arial,helvetica,sans-serif;\">St\u011bbo\u0159ice\u00a0&#8211;\u00a0Chlebi\u010dov &#8222;B&#8220;<\/span><\/td>\n<\/tr>\n<tr>\n<td width=\"233\"><span style=\"font-size: 12pt; font-family: arial,helvetica,sans-serif;\">Hradec n\/M\u00a0&#8211;\u00a0Such\u00e9 Lazce<\/span><\/td>\n<td width=\"236\"><span style=\"font-size: 12pt; font-family: arial,helvetica,sans-serif;\">B\u011bl\u00e1\u00a0&#8211;\u00a0Hradec n\/M<\/span><\/td>\n<\/tr>\n<tr>\n<td width=\"233\"><span style=\"font-size: 12pt; font-family: arial,helvetica,sans-serif;\">Litultovice\u00a0&#8211;\u00a0St\u011bbo\u0159ice<\/span><\/td>\n<td width=\"236\"><span style=\"font-size: 12pt; font-family: arial,helvetica,sans-serif;\">V\u0159esina\u00a0&#8211;\u00a0V\u00e1vrovice<\/span><\/td>\n<\/tr>\n<tr>\n<td width=\"233\"><span style=\"font-size: 12pt; font-family: arial,helvetica,sans-serif;\">Budi\u0161ov n\/B\u00a0&#8211;\u00a0V\u0159esina<\/span><\/td>\n<td width=\"236\"><span style=\"font-size: 12pt; font-family: arial,helvetica,sans-serif;\">Mal\u00e9 Ho\u0161tice\u00a0&#8211;\u00a0Litultovice<\/span><\/td>\n<\/tr>\n<\/tbody>\n<\/table>\n<p style=\"text-align: justify;\">\n<h1 style=\"text-align: justify;\"><\/h1>\n<h1 style=\"text-align: justify;\"><span style=\"font-size: 12pt; font-family: arial,helvetica,sans-serif;\"><strong><span style=\"font-size: 14pt;\">Dorostenci budou hr\u00e1t s V\u00edtkovem\u00a0<\/span>\u00a0 <\/strong><\/span><\/h1>\n<p style=\"text-align: justify;\">\n<p style=\"text-align: justify;\"><span style=\"font-size: 12pt; font-family: arial,helvetica,sans-serif;\">V ned\u011bli se st\u0159etnou na\u0161i dorostenci s dorostenci V\u00edtkova. V\u00edtkov je na 10. m\u00edst\u011b tabulky s 24 body, na\u0161i fotbalist\u00e9 okupuj\u00ed solidn\u00ed 3. m\u00edsto se ziskem 43 bod\u016f.\u00a0 <strong>Utk\u00e1n\u00ed krajsk\u00e9 sout\u011b\u017ee dorostu V\u00edtkov &#8211; Kobe\u0159ice se bude hr\u00e1t v ned\u011bli 29. kv\u011btna od 12:30 hodin. Odjezd k utk\u00e1n\u00ed je v 10:45 hodin.\u00a0 Zveme v\u0161echny p\u0159\u00edznivce dorostu.<\/strong><\/span><\/p>\n<p style=\"text-align: justify;\"><span style=\"font-size: 12pt; font-family: arial,helvetica,sans-serif;\"><strong>\u00a0<\/strong><\/span><\/p>\n<p style=\"text-align: justify;\"><span style=\"font-size: 12pt; font-family: arial,helvetica,sans-serif;\"><strong>\u00a0<\/strong><\/span><\/p>\n<table width=\"416\">\n<tbody>\n<tr>\n<td width=\"190\"><span style=\"font-size: 12pt; font-family: arial,helvetica,sans-serif;\"><strong><u>V\u00a0tomto kole hraj\u00ed :<\/u><\/strong><\/span><\/p>\n<p><span style=\"font-size: 12pt; font-family: arial,helvetica,sans-serif;\">V\u00e1vrovice\u00a0&#8211;\u00a0Darkovi\u010dky<\/span><\/td>\n<td width=\"226\"><span style=\"font-size: 12pt; font-family: arial,helvetica,sans-serif;\"><strong><u>P\u0159\u00ed\u0161t\u011b budou hr\u00e1t :<\/u><\/strong><\/span><\/p>\n<p><span style=\"font-size: 12pt; font-family: arial,helvetica,sans-serif;\">Kr\u00e1sn\u00e9 Pole\u00a0&#8211;\u00a0Vratimov<\/span><\/td>\n<\/tr>\n<tr>\n<td width=\"190\"><span style=\"font-size: 12pt; font-family: arial,helvetica,sans-serif;\">Fulnek\u00a0&#8211;\u00a0Kr\u00e1sn\u00e9 Pole<\/span><\/td>\n<td width=\"226\"><span style=\"font-size: 12pt; font-family: arial,helvetica,sans-serif;\">Svinov\u00a0&#8211;\u00a0Star\u00e1 B\u011bl\u00e1<\/span><\/td>\n<\/tr>\n<tr>\n<td width=\"190\"><span style=\"font-size: 12pt; font-family: arial,helvetica,sans-serif;\">Stud\u00e9nka\u00a0&#8211;\u00a0Doln\u00ed Bene\u0161ov<\/span><\/td>\n<td width=\"226\"><span style=\"font-size: 12pt; font-family: arial,helvetica,sans-serif;\">R\u00fdma\u0159ov\u00a0&#8211;\u00a0Stud\u00e9nka<\/span><\/td>\n<\/tr>\n<tr>\n<td width=\"190\"><span style=\"font-size: 12pt; font-family: arial,helvetica,sans-serif;\">Star\u00e1 B\u011bl\u00e1\u00a0&#8211;\u00a0R\u00fdma\u0159ov<\/span><\/td>\n<td width=\"226\"><span style=\"font-size: 12pt; font-family: arial,helvetica,sans-serif;\">Polanka\u00a0&#8211;\u00a0V\u00e1vrovice<\/span><\/td>\n<\/tr>\n<tr>\n<td width=\"190\"><span style=\"font-size: 12pt; font-family: arial,helvetica,sans-serif;\">Hradec n.M.\u00a0&#8211;\u00a0Svinov<\/span><\/td>\n<td width=\"226\"><span style=\"font-size: 12pt; font-family: arial,helvetica,sans-serif;\">Darkovi\u010dky\u00a0&#8211;\u00a0V\u00edtkov<\/span><\/td>\n<\/tr>\n<tr>\n<td width=\"190\"><span style=\"font-size: 12pt; font-family: arial,helvetica,sans-serif;\"><strong>V\u00edtkov<\/strong><strong>\u00a0&#8211;\u00a0Kobe\u0159ice<\/strong><\/span><\/td>\n<td width=\"226\"><span style=\"font-size: 12pt; font-family: arial,helvetica,sans-serif;\"><strong>Kobe\u0159ice<\/strong><strong>\u00a0&#8211;\u00a0Hradec n.M.<\/strong><\/span><\/td>\n<\/tr>\n<tr>\n<td width=\"190\"><span style=\"font-size: 12pt; font-family: arial,helvetica,sans-serif;\">Polanka\u00a0&#8211;\u00a0Vratimov<\/span><\/td>\n<td width=\"226\"><span style=\"font-size: 12pt; font-family: arial,helvetica,sans-serif;\">Doln\u00ed Bene\u0161ov\u00a0&#8211;\u00a0Fulnek<\/span><\/td>\n<\/tr>\n<\/tbody>\n<\/table>\n<p style=\"text-align: justify;\"><span style=\"font-size: 12pt; font-family: arial,helvetica,sans-serif;\"><strong>\u00a0<\/strong><\/span><\/p>\n<p style=\"text-align: justify;\">\n<h1 style=\"text-align: justify;\"><span style=\"font-size: 14pt; font-family: arial,helvetica,sans-serif;\"><strong>\u017d\u00e1ci zaj\u00ed\u017ed\u011bj\u00ed do M\u011bsta Albrechtice<\/strong><\/span><\/h1>\n<p style=\"text-align: justify;\"><span style=\"font-size: 12pt; font-family: arial,helvetica,sans-serif;\">V\u00a0p\u0159\u00ed\u0161t\u00edm z\u00e1pase budou hr\u00e1t na\u0161i star\u0161\u00ed a mlad\u0161\u00ed \u017e\u00e1ci v\u00a0M\u011bst\u011b Albrechtice. <strong>Utk\u00e1n\u00ed sehraj\u00ed v\u00a0sobotu 28. kv\u011btna od 9:00 a 10:00 hodin. Spole\u010dn\u00fd odjezd je v\u00a07 hodin.<\/strong>\u00a0 Jsou zv\u00e1ni v\u0161ichni p\u0159\u00edznivci na\u0161ich \u017e\u00e1kovsk\u00fdch mu\u017estev.<\/span><\/p>\n","protected":false},"excerpt":{"rendered":"<p>V\u00a0sobotu budou hr\u00e1t na\u0161i fotbalist\u00e9 \u201eA\u201c mu\u017estva ve V\u00edtkov\u011b\u00a0 Po rem\u00edze, kterou na\u0161i fotbalist\u00e9 uhr\u00e1li doma se Slavi\u00ed Orlov\u00e1, budou hr\u00e1t venku s\u00a0celkem V\u00edtkova, kter\u00fd je<span class=\"excerpt-hellip\"> [\u2026]<\/span><\/p>\n","protected":false},"author":3,"featured_media":2321,"comment_status":"closed","ping_status":"open","sticky":false,"template":"","format":"standard","meta":{"ngg_post_thumbnail":0,"footnotes":""},"categories":[115,112,110,107,117,111],"tags":[],"class_list":["post-2320","post","type-post","status-publish","format-standard","has-post-thumbnail","hentry","category-a-tym","category-b-tym","category-dorost","category-fotbal","category-mladsi-zaci","category-starsi-zaci"],"_links":{"self":[{"href":"https:\/\/tjsokolkoberice.cz\/index.php?rest_route=\/wp\/v2\/posts\/2320","targetHints":{"allow":["GET"]}}],"collection":[{"href":"https:\/\/tjsokolkoberice.cz\/index.php?rest_route=\/wp\/v2\/posts"}],"about":[{"href":"https:\/\/tjsokolkoberice.cz\/index.php?rest_route=\/wp\/v2\/types\/post"}],"author":[{"embeddable":true,"href":"https:\/\/tjsokolkoberice.cz\/index.php?rest_route=\/wp\/v2\/users\/3"}],"replies":[{"embeddable":true,"href":"https:\/\/tjsokolkoberice.cz\/index.php?rest_route=%2Fwp%2Fv2%2Fcomments&post=2320"}],"version-history":[{"count":1,"href":"https:\/\/tjsokolkoberice.cz\/index.php?rest_route=\/wp\/v2\/posts\/2320\/revisions"}],"predecessor-version":[{"id":2322,"href":"https:\/\/tjsokolkoberice.cz\/index.php?rest_route=\/wp\/v2\/posts\/2320\/revisions\/2322"}],"wp:featuredmedia":[{"embeddable":true,"href":"https:\/\/tjsokolkoberice.cz\/index.php?rest_route=\/wp\/v2\/media\/2321"}],"wp:attachment":[{"href":"https:\/\/tjsokolkoberice.cz\/index.php?rest_route=%2Fwp%2Fv2%2Fmedia&parent=2320"}],"wp:term":[{"taxonomy":"category","embeddable":true,"href":"https:\/\/tjsokolkoberice.cz\/index.php?rest_route=%2Fwp%2Fv2%2Fcategories&post=2320"},{"taxonomy":"post_tag","embeddable":true,"href":"https:\/\/tjsokolkoberice.cz\/index.php?rest_route=%2Fwp%2Fv2%2Ftags&post=2320"}],"curies":[{"name":"wp","href":"https:\/\/api.w.org\/{rel}","templated":true}]}}