{"id":2426,"date":"2016-06-16T08:26:28","date_gmt":"2016-06-16T07:26:28","guid":{"rendered":"https:\/\/tjsokolkoberice.cz\/?p=2426"},"modified":"2025-10-14T11:57:52","modified_gmt":"2025-10-14T10:57:52","slug":"nasi-nejmensi-se-zucastnili-turnaje-v-opave","status":"publish","type":"post","link":"https:\/\/tjsokolkoberice.cz\/?p=2426","title":{"rendered":"Na\u0161i nejmen\u0161\u00ed se z\u00fa\u010dastnili turnaje v Opav\u011b"},"content":{"rendered":"<p style=\"text-align: justify;\"><span style=\"font-family: arial,helvetica,sans-serif; font-size: 12pt;\">V\u00a0sobotu 11.6.2016 se na h\u0159i\u0161ti FK Slavia Opava uskute\u010dnil turnaj nejmen\u0161\u00edch hr\u00e1\u010d\u016f ro\u010dn\u00edku 2009 a mlad\u0161\u00ed. Turnaje se krom\u011b na\u0161eho mu\u017estva z\u00fa\u010dastnili tak\u00e9:<\/span><\/p>\n<p style=\"text-align: justify;\"><span style=\"font-family: arial,helvetica,sans-serif; font-size: 12pt;\">FK Slavia Opava<\/span><br \/>\n<span style=\"font-family: arial,helvetica,sans-serif; font-size: 12pt;\"> SFC Opava &#8211; modr\u00e1<\/span><br \/>\n<span style=\"font-family: arial,helvetica,sans-serif; font-size: 12pt;\"> SFC Opava &#8211; \u017elut\u00e1<\/span><br \/>\n<span style=\"font-family: arial,helvetica,sans-serif; font-size: 12pt;\"> MFK V\u00edtkovice &#8211; modr\u00e1<\/span><br \/>\n<span style=\"font-family: arial,helvetica,sans-serif; font-size: 12pt;\"> MFK V\u00edtkovice &#8211; b\u00edl\u00e1<\/span><br \/>\n<span style=\"font-family: arial,helvetica,sans-serif; font-size: 12pt;\"> TJ Spartak Budi\u0161ov nad Budi\u0161ovkou<\/span><\/p>\n<p style=\"text-align: justify;\"><span style=\"font-family: arial,helvetica,sans-serif; font-size: 12pt;\">U t\u011bchto mal\u00fdch d\u011bt\u00ed bylo nejv\u00edce ocen\u011bno fotbalov\u00e9 nasazen\u00ed, kter\u00e9 splnilo na\u0161e o\u010dek\u00e1v\u00e1n\u00ed. Velk\u00fd d\u00edk pat\u0159\u00ed rodi\u010d\u016fm za pomoc, dopravu d\u011bt\u00ed na turnaj a tak\u00e9 za velkou podporu.<\/span>\n<\/p>\n<p style=\"text-align: justify;\"><span style=\"font-family: arial,helvetica,sans-serif; font-size: 12pt;\"><strong>Hr\u00e1\u010di TJ Sokol Kobe\u0159ice:<\/strong><\/span><br \/>\n<span style=\"font-family: arial,helvetica,sans-serif; font-size: 12pt;\"> Robin V\u00e1clav\u00edk<\/span><br \/>\n<span style=\"font-family: arial,helvetica,sans-serif; font-size: 12pt;\"> Vojt\u011bch St\u0159\u00edbn\u00fd<\/span><br \/>\n<span style=\"font-family: arial,helvetica,sans-serif; font-size: 12pt;\"> Robin Mo\u0161a<\/span><br \/>\n<span style=\"font-family: arial,helvetica,sans-serif; font-size: 12pt;\"> Richard Mo\u0161a<\/span><br \/>\n<span style=\"font-family: arial,helvetica,sans-serif; font-size: 12pt;\"> Michal Mrovec<\/span><br \/>\n<span style=\"font-family: arial,helvetica,sans-serif; font-size: 12pt;\"> Filip Stoklasa<\/span><br \/>\n<span style=\"font-family: arial,helvetica,sans-serif; font-size: 12pt;\"> Adam Schweidler<\/span><br \/>\n<span style=\"font-family: arial,helvetica,sans-serif; font-size: 12pt;\"> Erik Pa\u0161ek<\/span><\/p>\n<p><span style=\"font-family: arial,helvetica,sans-serif; font-size: 12pt;\"> <strong>Branky:<\/strong><\/span><br \/>\n<span style=\"font-family: arial,helvetica,sans-serif; font-size: 12pt;\"> Robin V\u00e1clav\u00edk<\/span><br \/>\n<span style=\"font-family: arial,helvetica,sans-serif; font-size: 12pt;\"> Michal Mrovec<\/span><br \/>\n<span style=\"font-family: arial,helvetica,sans-serif; font-size: 12pt;\"> Adam Schweidler<\/span><br \/>\n<span style=\"font-family: arial,helvetica,sans-serif; font-size: 12pt;\"> Filip Stoklasa<\/span><\/p>\n<p style=\"text-align: justify;\"><span style=\"font-family: arial,helvetica,sans-serif; font-size: 12pt;\"><strong>Tren\u00e9r:<\/strong> Pavel Dub\u011bl\u010d\u00edk<\/span><\/p>\n","protected":false},"excerpt":{"rendered":"<p>V\u00a0sobotu 11.6.2016 se na h\u0159i\u0161ti FK Slavia Opava uskute\u010dnil turnaj nejmen\u0161\u00edch hr\u00e1\u010d\u016f ro\u010dn\u00edku 2009 a mlad\u0161\u00ed. Turnaje se krom\u011b na\u0161eho mu\u017estva z\u00fa\u010dastnili tak\u00e9: FK Slavia Opava<span class=\"excerpt-hellip\"> [\u2026]<\/span><\/p>\n","protected":false},"author":3,"featured_media":2427,"comment_status":"closed","ping_status":"open","sticky":false,"template":"","format":"standard","meta":{"ngg_post_thumbnail":0,"footnotes":""},"categories":[107,120,119],"tags":[],"class_list":["post-2426","post","type-post","status-publish","format-standard","has-post-thumbnail","hentry","category-fotbal","category-mini-mladsi","category-mini-starsi"],"_links":{"self":[{"href":"https:\/\/tjsokolkoberice.cz\/index.php?rest_route=\/wp\/v2\/posts\/2426","targetHints":{"allow":["GET"]}}],"collection":[{"href":"https:\/\/tjsokolkoberice.cz\/index.php?rest_route=\/wp\/v2\/posts"}],"about":[{"href":"https:\/\/tjsokolkoberice.cz\/index.php?rest_route=\/wp\/v2\/types\/post"}],"author":[{"embeddable":true,"href":"https:\/\/tjsokolkoberice.cz\/index.php?rest_route=\/wp\/v2\/users\/3"}],"replies":[{"embeddable":true,"href":"https:\/\/tjsokolkoberice.cz\/index.php?rest_route=%2Fwp%2Fv2%2Fcomments&post=2426"}],"version-history":[{"count":2,"href":"https:\/\/tjsokolkoberice.cz\/index.php?rest_route=\/wp\/v2\/posts\/2426\/revisions"}],"predecessor-version":[{"id":2429,"href":"https:\/\/tjsokolkoberice.cz\/index.php?rest_route=\/wp\/v2\/posts\/2426\/revisions\/2429"}],"wp:featuredmedia":[{"embeddable":true,"href":"https:\/\/tjsokolkoberice.cz\/index.php?rest_route=\/wp\/v2\/media\/2427"}],"wp:attachment":[{"href":"https:\/\/tjsokolkoberice.cz\/index.php?rest_route=%2Fwp%2Fv2%2Fmedia&parent=2426"}],"wp:term":[{"taxonomy":"category","embeddable":true,"href":"https:\/\/tjsokolkoberice.cz\/index.php?rest_route=%2Fwp%2Fv2%2Fcategories&post=2426"},{"taxonomy":"post_tag","embeddable":true,"href":"https:\/\/tjsokolkoberice.cz\/index.php?rest_route=%2Fwp%2Fv2%2Ftags&post=2426"}],"curies":[{"name":"wp","href":"https:\/\/api.w.org\/{rel}","templated":true}]}}