{"id":2438,"date":"2016-06-16T19:44:55","date_gmt":"2016-06-16T18:44:55","guid":{"rendered":"https:\/\/tjsokolkoberice.cz\/?p=2438"},"modified":"2025-10-14T11:57:52","modified_gmt":"2025-10-14T10:57:52","slug":"pozvanka-na-posledni-jarni-utkani","status":"publish","type":"post","link":"https:\/\/tjsokolkoberice.cz\/?p=2438","title":{"rendered":"Pozv\u00e1nka na posledn\u00ed jarn\u00ed utk\u00e1n\u00ed"},"content":{"rendered":"<h1 style=\"text-align: justify;\"><span style=\"font-family: arial,helvetica,sans-serif; font-size: 12pt;\"><strong>Mu\u017ei \u201eA\u201c cestuj\u00ed k\u00a0posledn\u00edmu utk\u00e1n\u00ed do Pust\u00e9 Polomi <\/strong><\/span><\/h1>\n<p style=\"text-align: justify;\"><span style=\"font-family: arial,helvetica,sans-serif; font-size: 12pt;\">Po rem\u00edze v\u00a0\u011bsk\u00e9m T\u011b\u0161\u00edn\u011b sehraj\u00ed na\u0161i fotbalist\u00e9 \u201eA\u201c mu\u017estva posledn\u00ed z\u00e1pas na p\u016fd\u011b\u00a0Pust\u00e9 Polomi, kter\u00e1 je v\u00a0sou\u010dasn\u00e9 dob\u011b na 1. m\u00edst\u011b tabulky a ji\u017e jist\u011b postupuje do Divize. <strong>UPOZOR\u0147UJEME NA ZM\u011aNU TERM\u00cdNU!!!<\/strong> <strong>Utk\u00e1n\u00ed krajsk\u00e9ho p\u0159eboru Pust\u00e1 Polom &#8211; Kobe\u0159ice se bude hr\u00e1t ve \u010dtvrtek 16. \u010dervna od 18:00 hodin!!!<\/strong> <strong>Odjezd k\u00a0utk\u00e1n\u00ed je individu\u00e1ln\u00ed, hr\u00e1\u010di cestuj\u00ed auty!!! Zveme v\u0161echny fanou\u0161ky dobr\u00e9ho fotbalu. <\/strong><\/span><\/p>\n<p style=\"text-align: justify;\"><span style=\"font-family: arial,helvetica,sans-serif; font-size: 12pt;\"><strong>\u00a0<\/strong><\/span><\/p>\n<table width=\"254\">\n<tbody>\n<tr>\n<td width=\"254\"><span style=\"font-family: arial,helvetica,sans-serif; font-size: 12pt;\"><strong><u>V tomto kole budou hr\u00e1t:<\/u><\/strong><\/span><\/p>\n<p><span style=\"font-family: arial,helvetica,sans-serif; font-size: 12pt;\">D\u011btmarovice\u00a0&#8211;\u00a0Krava\u0159e<\/span><\/td>\n<\/tr>\n<tr>\n<td width=\"254\"><span style=\"font-family: arial,helvetica,sans-serif; font-size: 12pt;\">Slavia Orlov\u00e1\u00a0&#8211;\u00a0H\u00e1j ve Slezsku<\/span><\/td>\n<\/tr>\n<tr>\n<td width=\"254\"><span style=\"font-family: arial,helvetica,sans-serif; font-size: 12pt;\"><strong>Pust\u00e1 Polom\u00a0&#8211;\u00a0Kobe\u0159ice<\/strong><\/span><\/td>\n<\/tr>\n<tr>\n<td width=\"254\"><span style=\"font-family: arial,helvetica,sans-serif; font-size: 12pt;\">\u010cesk\u00fd T\u011b\u0161\u00edn\u00a0&#8211;\u00a0B\u0159idli\u010dn\u00e1<\/span><\/td>\n<\/tr>\n<tr>\n<td width=\"254\"><span style=\"font-family: arial,helvetica,sans-serif; font-size: 12pt;\">Vendryn\u011b\u00a0&#8211;\u00a0He\u0159manice<\/span><\/td>\n<\/tr>\n<tr>\n<td width=\"254\"><span style=\"font-family: arial,helvetica,sans-serif; font-size: 12pt;\">V\u00edtkov\u00a0&#8211;\u00a0Bohum\u00edn<\/span><\/td>\n<\/tr>\n<tr>\n<td width=\"254\"><span style=\"font-family: arial,helvetica,sans-serif; font-size: 12pt;\">Polanka\u00a0&#8211;\u00a0Fren\u0161t\u00e1t p. R.<\/span><\/td>\n<\/tr>\n<tr>\n<td width=\"254\"><span style=\"font-family: arial,helvetica,sans-serif; font-size: 12pt;\">Markvartovice\u00a0&#8211;\u00a0\u0160enov<\/span><\/td>\n<\/tr>\n<\/tbody>\n<\/table>\n<p style=\"text-align: justify;\"><span style=\"font-family: arial,helvetica,sans-serif; font-size: 12pt;\"><strong>\u00a0<\/strong><\/span><\/p>\n<h1 style=\"text-align: justify;\"><span style=\"font-family: arial,helvetica,sans-serif; font-size: 12pt;\"><strong>\u00a0Mu\u017ei \u201eB\u201c se st\u0159etnou venku s V\u0159esinou\u00a0\u00a0 <\/strong><\/span><\/h1>\n<p style=\"text-align: justify;\"><span style=\"font-family: arial,helvetica,sans-serif; font-size: 12pt;\">Utk\u00e1n\u00ed V\u0159esina &#8211; Kobe\u0159ice \u201cB\u201c se bude hr\u00e1t v\u00a0ned\u011bli 19. \u010dervna od 17:00 hodin.\u00a0 Zveme v\u0161echny p\u0159\u00edznivce na\u0161\u00ed \u201edvojky\u201c.<\/span><\/p>\n<p style=\"text-align: justify;\"><span style=\"font-family: arial,helvetica,sans-serif; font-size: 12pt;\"><strong>\u00a0<\/strong><\/span><\/p>\n<table width=\"217\">\n<tbody>\n<tr>\n<td width=\"217\"><span style=\"font-family: arial,helvetica,sans-serif; font-size: 12pt;\"><strong><u>V p\u0159\u00ed\u0161t\u00edm kole budou hr\u00e1t:<\/u><\/strong><\/span><\/p>\n<p><span style=\"font-family: arial,helvetica,sans-serif; font-size: 12pt;\">B\u011bl\u00e1\u00a0&#8211;\u00a0Pust\u00e1 Polom &#8222;B&#8220;<\/span><\/td>\n<\/tr>\n<tr>\n<td width=\"217\"><span style=\"font-family: arial,helvetica,sans-serif; font-size: 12pt;\">Slavia Opava\u00a0&#8211;\u00a0V\u00e1vrovice<\/span><\/td>\n<\/tr>\n<tr>\n<td width=\"217\"><span style=\"font-family: arial,helvetica,sans-serif; font-size: 12pt;\">Such\u00e9 Lazce\u00a0&#8211;\u00a0Litultovice<\/span><\/td>\n<\/tr>\n<tr>\n<td width=\"217\"><span style=\"font-family: arial,helvetica,sans-serif; font-size: 12pt;\">Jakartovice\u00a0&#8211;\u00a0Chlebi\u010dov &#8222;B&#8220;<\/span><\/td>\n<\/tr>\n<tr>\n<td width=\"217\"><span style=\"font-family: arial,helvetica,sans-serif; font-size: 12pt;\">Budi\u0161ov n\/B\u00a0&#8211;\u00a0Hradec n\/M<\/span><\/td>\n<\/tr>\n<tr>\n<td width=\"217\"><span style=\"font-family: arial,helvetica,sans-serif; font-size: 12pt;\"><strong>V\u0159esina\u00a0&#8211;\u00a0Kobe\u0159ice &#8222;B&#8220;<\/strong><\/span><\/td>\n<\/tr>\n<tr>\n<td width=\"217\"><span style=\"font-family: arial,helvetica,sans-serif; font-size: 12pt;\">Mal\u00e9 Ho\u0161tice\u00a0&#8211;\u00a0St\u011bbo\u0159ice<\/span><\/td>\n<\/tr>\n<\/tbody>\n<\/table>\n<p style=\"text-align: justify;\"><span style=\"font-family: arial,helvetica,sans-serif; font-size: 12pt;\"><strong>\u00a0<\/strong><\/span><\/p>\n<p style=\"text-align: justify;\"><span style=\"font-family: arial,helvetica,sans-serif; font-size: 12pt;\"><strong>\u00a0<\/strong><\/span><\/p>\n<h1 style=\"text-align: justify;\"><span style=\"font-family: arial,helvetica,sans-serif; font-size: 12pt;\"><strong>Dorostenci b<\/strong>u<strong>dou hr\u00e1t se Stud\u00e9nkou\u00a0\u00a0\u00a0\u00a0 <\/strong><\/span><\/h1>\n<p style=\"text-align: justify;\"><span style=\"font-family: arial,helvetica,sans-serif; font-size: 12pt;\">V sobotu se v posledn\u00edm utk\u00e1n\u00ed st\u0159etnou na\u0161i dorostenci s hr\u00e1\u010di Stud\u00e9nky. <strong>Utk\u00e1n\u00ed krajsk\u00e9 sout\u011b\u017ee dorostu se bude hr\u00e1t v sobotu 18. \u010dervna od 17:00 hodin. Zveme v\u0161echny p\u0159\u00edznivce na\u0161eho dorostu.<\/strong><\/span><\/p>\n<p style=\"text-align: justify;\"><span style=\"font-family: arial,helvetica,sans-serif; font-size: 12pt;\"><strong>\u00a0<\/strong><\/span><\/p>\n<table width=\"198\">\n<tbody>\n<tr style=\"text-align: justify;\">\n<td width=\"198\"><span style=\"font-family: arial,helvetica,sans-serif; font-size: 12pt;\"><strong><u>V p\u0159\u00ed\u0161t\u00edm kole budou hr\u00e1t:<\/u><\/strong><\/span><\/p>\n<p><span style=\"font-family: arial,helvetica,sans-serif; font-size: 12pt;\">Polanka\u00a0&#8211;\u00a0V\u00edtkov<\/span><\/td>\n<\/tr>\n<tr style=\"text-align: justify;\">\n<td width=\"198\"><span style=\"font-family: arial,helvetica,sans-serif; font-size: 12pt;\">V\u00e1vrovice\u00a0&#8211;\u00a0Hradec n.M.<\/span><\/td>\n<\/tr>\n<tr style=\"text-align: justify;\">\n<td width=\"198\"><span style=\"font-family: arial,helvetica,sans-serif; font-size: 12pt;\">Svinov\u00a0&#8211;\u00a0Fulnek<\/span><\/td>\n<\/tr>\n<tr style=\"text-align: justify;\">\n<td width=\"198\"><span style=\"font-family: arial,helvetica,sans-serif; font-size: 12pt;\"><strong>Kobe\u0159ice\u00a0&#8211;\u00a0Stud\u00e9nka<\/strong><\/span><\/td>\n<\/tr>\n<tr style=\"text-align: justify;\">\n<td width=\"198\"><span style=\"font-family: arial,helvetica,sans-serif; font-size: 12pt;\">R\u00fdma\u0159ov\u00a0&#8211;\u00a0Vratimov<\/span><\/td>\n<\/tr>\n<tr style=\"text-align: justify;\">\n<td width=\"198\"><span style=\"font-family: arial,helvetica,sans-serif; font-size: 12pt;\">Darkovi\u010dky\u00a0&#8211;\u00a0Star\u00e1 B\u011bl\u00e1<\/span><\/td>\n<\/tr>\n<tr style=\"text-align: justify;\">\n<td width=\"198\"><span style=\"font-family: arial,helvetica,sans-serif; font-size: 12pt;\">Doln\u00ed Bene\u0161ov\u00a0&#8211;\u00a0Kr\u00e1sn\u00e9 Pole<\/span><\/td>\n<\/tr>\n<\/tbody>\n<\/table>\n","protected":false},"excerpt":{"rendered":"<p>Mu\u017ei \u201eA\u201c cestuj\u00ed k\u00a0posledn\u00edmu utk\u00e1n\u00ed do Pust\u00e9 Polomi Po rem\u00edze v\u00a0\u011bsk\u00e9m T\u011b\u0161\u00edn\u011b sehraj\u00ed na\u0161i fotbalist\u00e9 \u201eA\u201c mu\u017estva posledn\u00ed z\u00e1pas na p\u016fd\u011b\u00a0Pust\u00e9 Polomi, kter\u00e1 je v\u00a0sou\u010dasn\u00e9 dob\u011b<span class=\"excerpt-hellip\"> [\u2026]<\/span><\/p>\n","protected":false},"author":3,"featured_media":2449,"comment_status":"closed","ping_status":"open","sticky":false,"template":"","format":"standard","meta":{"ngg_post_thumbnail":0,"footnotes":""},"categories":[115,112,110,107],"tags":[],"class_list":["post-2438","post","type-post","status-publish","format-standard","has-post-thumbnail","hentry","category-a-tym","category-b-tym","category-dorost","category-fotbal"],"_links":{"self":[{"href":"https:\/\/tjsokolkoberice.cz\/index.php?rest_route=\/wp\/v2\/posts\/2438","targetHints":{"allow":["GET"]}}],"collection":[{"href":"https:\/\/tjsokolkoberice.cz\/index.php?rest_route=\/wp\/v2\/posts"}],"about":[{"href":"https:\/\/tjsokolkoberice.cz\/index.php?rest_route=\/wp\/v2\/types\/post"}],"author":[{"embeddable":true,"href":"https:\/\/tjsokolkoberice.cz\/index.php?rest_route=\/wp\/v2\/users\/3"}],"replies":[{"embeddable":true,"href":"https:\/\/tjsokolkoberice.cz\/index.php?rest_route=%2Fwp%2Fv2%2Fcomments&post=2438"}],"version-history":[{"count":2,"href":"https:\/\/tjsokolkoberice.cz\/index.php?rest_route=\/wp\/v2\/posts\/2438\/revisions"}],"predecessor-version":[{"id":2443,"href":"https:\/\/tjsokolkoberice.cz\/index.php?rest_route=\/wp\/v2\/posts\/2438\/revisions\/2443"}],"wp:featuredmedia":[{"embeddable":true,"href":"https:\/\/tjsokolkoberice.cz\/index.php?rest_route=\/wp\/v2\/media\/2449"}],"wp:attachment":[{"href":"https:\/\/tjsokolkoberice.cz\/index.php?rest_route=%2Fwp%2Fv2%2Fmedia&parent=2438"}],"wp:term":[{"taxonomy":"category","embeddable":true,"href":"https:\/\/tjsokolkoberice.cz\/index.php?rest_route=%2Fwp%2Fv2%2Fcategories&post=2438"},{"taxonomy":"post_tag","embeddable":true,"href":"https:\/\/tjsokolkoberice.cz\/index.php?rest_route=%2Fwp%2Fv2%2Ftags&post=2438"}],"curies":[{"name":"wp","href":"https:\/\/api.w.org\/{rel}","templated":true}]}}