{"id":2597,"date":"2016-08-08T14:00:32","date_gmt":"2016-08-08T13:00:32","guid":{"rendered":"https:\/\/tjsokolkoberice.cz\/?p=2597"},"modified":"2025-10-14T11:57:40","modified_gmt":"2025-10-14T10:57:40","slug":"rekapitulace-sportovni-slavnosti-2016","status":"publish","type":"post","link":"https:\/\/tjsokolkoberice.cz\/?p=2597","title":{"rendered":"Rekapitulace sportovn\u00ed slavnosti 2016"},"content":{"rendered":"<p style=\"text-align: justify;\"><span style=\"font-family: arial,helvetica,sans-serif; font-size: 12pt;\">Je neskute\u010dn\u00e9, \u017ee tak\u0159ka po roce p\u0159\u00edprav a pl\u00e1nov\u00e1n\u00ed 92. ro\u010dn\u00edku Sportovn\u00ed slavnosti, je tato akce op\u011bt minulost\u00ed. Dovolte mi, abych tento ro\u010dn\u00edk zhodnotila z\u00a0pohledu jednoho z\u00a0po\u0159adatel\u016f.<\/span><\/p>\n<p style=\"text-align: justify;\"><span style=\"font-family: arial,helvetica,sans-serif; font-size: 12pt;\">Vypad\u00e1 to mo\u017en\u00e1 jednodu\u0161e&#8230; T\u0159i dny z\u00e1bavy, lunapark, st\u00e1nky s\u00a0ob\u010derstven\u00edm a zaji\u0161t\u011bn\u00edm \u201en\u011bjak\u00e9\u201c hudby. V\u011b\u0159te mi, tak jednoduch\u00e9 to nen\u00ed. Ve skute\u010dnosti se pod t\u00edm v\u0161\u00edm skr\u00fdv\u00e1 skoro ro\u010dn\u00ed p\u0159\u00edprava a minim\u00e1ln\u011b dvou m\u011bs\u00ed\u010dn\u00ed intenzivn\u00ed pr\u00e1ce na tom, aby v\u0161e klaplo, abyste vy, na\u0161i n\u00e1v\u0161t\u011bvn\u00edci byli spokojen\u00ed a r\u00e1di se k\u00a0n\u00e1m vraceli.<\/span><\/p>\n<p style=\"text-align: justify;\"><span style=\"font-family: arial,helvetica,sans-serif; font-size: 12pt;\">Akci po\u0159\u00e1d\u00e1 TJ Sokol Kobe\u0159ice na svou vlastn\u00ed p\u011bst a financuje ji ze sv\u00fdch zdroj\u016f, pomineme-li podporu sponzor\u016f, kter\u00e1 je ka\u017ed\u00fdm rokem nejist\u00e1 a nikterak v\u00fdrazn\u00e1. Bez pomoci a aktivn\u00edho zapojen\u00ed mnoha lid\u00ed, by se tato akce nedala uspo\u0159\u00e1dat. Zapojeni jsou \u010dlenov\u00e9 V\u00fdkonn\u00e9ho v\u00fdboru TJ, \u0159\u00e1dov\u00ed \u010dlenov\u00e9 TJ, kte\u0159\u00ed se prost\u0159\u00edd\u00e1vaj\u00ed ve st\u00e1nc\u00edch s ob\u010derstven\u00edm b\u011bhem cel\u00fdch slavnost\u00ed, lid\u00e9, kte\u0159\u00ed zaji\u0161\u0165uj\u00ed a koordinuj\u00ed sportovn\u00ed program, \u00faklid are\u00e1lu a v\u00a0neposledn\u00ed \u0159ad\u011b jsou to lid\u00e9, kte\u0159\u00ed pl\u00e1nuj\u00ed kulturn\u00ed program, v\u010detn\u011b propagace slavnost\u00ed, jej\u00edho PR, a to v\u0161e bez n\u00e1roku na odm\u011bnu! Kdybychom tuto pomoc m\u011bli vyj\u00e1d\u0159it \u010d\u00edsly, byli bychom minim\u00e1ln\u011b na 80 anga\u017eovan\u00fdch lidech! Ano, je to n\u00e1ro\u010dn\u00e9, i proto jsme velice r\u00e1di, \u017ee leto\u0161n\u00ed ro\u010dn\u00edk byl \u00fasp\u011b\u0161n\u00fd J<\/span><\/p>\n<p style=\"text-align: justify;\"><span style=\"font-family: arial,helvetica,sans-serif; font-size: 12pt;\">Slavnosti se konaly od <strong>22. 7. \u2013 24. 7. 2016<\/strong> a na sv\u00e9 si p\u0159i\u0161li p\u0159\u00edznivci sportu, dobr\u00e9ho j\u00eddla a pit\u00ed a rovn\u011b\u017e poslucha\u010di kvalitn\u00ed hudby, co\u017e podtrhlo n\u00e1dhern\u00e9 letn\u00ed po\u010das\u00ed, kter\u00e9 n\u00e1m po cel\u00e9 3 dny p\u0159\u00e1lo.<\/span><\/p>\n<p style=\"text-align: justify;\"><span style=\"font-family: arial,helvetica,sans-serif; font-size: 12pt;\">V\u00a0r\u00e1mci sportovn\u00edho programu byly slavnosti nabit\u00e9 a nab\u00eddly n\u011bkolik utk\u00e1n\u00ed a \u00a0turnaj\u016f. V\u00a0sobotu 23.7. se v\u00a0dopoledn\u00edch hodin\u00e1ch konal fotbalov\u00fd turnaj dorostu <em>\u201eO poh\u00e1r starosty obce Kobe\u0159ice\u201c<\/em>, kter\u00e9ho se z\u00fa\u010dastnila 4 mu\u017estva (Kobe\u0159ice, Doln\u00ed Bene\u0161ov, Polanka, Slavia Opava). Kobe\u0159ice se um\u00edstily na druh\u00e9m m\u00edst\u011b, kdy pouh\u00fdm rozd\u00edlem 3 bod\u016f skon\u010dily za v\u00edt\u011bznou Polankou. Neju\u017eite\u010dn\u011bj\u0161\u00edm hr\u00e1\u010dem cel\u00e9ho turnaje se stal Filip Kollek z\u00a0Kobe\u0159ic.<\/span><\/p>\n<p style=\"text-align: justify;\"><span style=\"font-family: arial,helvetica,sans-serif; font-size: 12pt;\">Rovn\u011b\u017e v\u00a0dopoledn\u00edch hodin\u00e1ch prob\u011bhl volejbalov\u00fd turnaj sm\u00ed\u0161en\u00fdch mu\u017estev hr\u00e1\u010d\u016f z\u00a0Kobe\u0159ic a okol\u00ed.<\/span><\/p>\n<p style=\"text-align: justify;\"><span style=\"font-family: arial,helvetica,sans-serif; font-size: 12pt;\">Od 13 hodin se uskute\u010dnil jubilejn\u00ed 20. ro\u010dn\u00edk <em>\u201eMemori\u00e1lu Bernarda V\u00e1clav\u00edka\u201c<\/em>, kter\u00e9ho se rovn\u011b\u017e z\u00fa\u010dastnila 4 mu\u017estva (V\u00e1clav\u00edci, Opavsko, polsk\u00e9 Kobierzyce a Sudice). V\u00edt\u011bzem memori\u00e1lu se stalo mu\u017estvo \u201eV\u00e1clav\u00edk\u016f\u201c s\u00a0kone\u010dn\u00fdm sk\u00f3re 9 bod\u016f.<\/span><\/p>\n<p style=\"text-align: justify;\"><span style=\"font-family: arial,helvetica,sans-serif; font-size: 12pt;\">Ned\u011ble 24.7. l\u00e1kala div\u00e1ky nejprve na exhibi\u010dn\u00ed utk\u00e1n\u00ed na\u0161ich \u017e\u00e1k\u016f proti rodi\u010d\u016fm, tren\u00e9r\u016fm a fanou\u0161k\u016fm fotbalu. Utk\u00e1n\u00ed skon\u010dilo t\u011bsn\u00fdm v\u00edt\u011bzstv\u00edm rodi\u010d\u016f v\u00a0pom\u011bru 7:6. V\u00a0r\u00e1mci tohoto utk\u00e1n\u00ed ukon\u010dili \u017e\u00e1kovskou kategorii tito \u017e\u00e1ci: <em>Adam Hartmann, Andreas Kolar\u010d\u00edk, Tom\u00e1\u0161 Nov\u00e1k, Radim Krzisch, David Buchta, Filip Rother, Filip Stromsk\u00fd, Martin Schlischka, Sebastian \u0160van\u010dar a Tom\u00e1\u0161 Mrovec<\/em>.\u00a0<\/span><\/p>\n<p style=\"text-align: justify;\"><span style=\"font-family: arial,helvetica,sans-serif; font-size: 12pt;\">Hlavn\u00edm utk\u00e1n\u00edm ned\u011bln\u00edho odpoledne byl p\u0159\u00e1telsk\u00fd druholigov\u00fd souboj mezi SFC Opava a MFK V\u00edtkovice, kter\u00fd rovn\u011b\u017e div\u00e1k\u016fm nab\u00eddl zaj\u00edmavou pod\u00edvanou se suver\u00e9nn\u00edm v\u00edt\u011bzstv\u00edm Opavy v\u00a0pom\u011bru 5:0. Utk\u00e1n\u00ed p\u0159ihl\u00ed\u017eelo v\u00edce ne\u017e tis\u00edc div\u00e1k\u016f.<\/span><\/p>\n<p style=\"text-align: justify;\"><span style=\"font-family: arial,helvetica,sans-serif; font-size: 12pt;\">V\u011b\u0159\u00edm, \u017ee za pestrou nab\u00eddkou ze strany sportu nez\u016fstal pozadu ani kulturn\u00ed program J P\u00e1te\u010dn\u00ed ve\u010der a vlastn\u011b cel\u00e9 slavnosti zah\u00e1jil moder\u00e1tor R\u00e1dia \u010cas, <strong>DJ Ale\u0161 \u0160klubal,<\/strong> kter\u00fd publikum p\u0159\u00edjemn\u011b prov\u00e1zel t\u011bmi nejv\u011bt\u0161\u00edmi hity minulosti i sou\u010dasnosti, hity \u010desk\u00fdmi i zahrani\u010dn\u00edmi. Tane\u010dn\u00ed parket byl st\u00e1le pln\u00fd a to je zn\u00e1mka toho, \u017ee o kvalitn\u00ed z\u00e1bavu bylo dob\u0159e postar\u00e1no.<\/span><\/p>\n<p style=\"text-align: justify;\"><span style=\"font-family: arial,helvetica,sans-serif; font-size: 12pt;\">Z\u00a0pohledu kultury, byl vrcholem leto\u0161n\u00edch slavnost\u00ed sobotn\u00ed program, kdy pozv\u00e1n\u00ed na na\u0161\u00ed akci p\u0159ijala hudebn\u00ed skupina KOFE-IN a MANDRAGE. Kofe-in je opavsk\u00e1 kapela, kter\u00e1 sb\u00edr\u00e1 jeden \u00fasp\u011bch za druh\u00fdm. Frontman kapely Honza Kunze dok\u00e1\u017ee publikum skv\u011ble naladit a dostat do spr\u00e1vn\u00e9 koncertn\u00ed atmosf\u00e9ry. Kofe-in si zahr\u00e1li p\u0159ed na\u0161\u00edm hlavn\u00edm hostem, headlinerem cel\u00fdch slavnost\u00ed \u2013 skupinou <strong>MANDRAGE <\/strong>a otev\u00edrali n\u00e1\u0161 sobotn\u00ed ve\u010der.<\/span><\/p>\n<p style=\"text-align: justify;\"><span style=\"font-family: arial,helvetica,sans-serif; font-size: 12pt;\"><strong>\u00a0<\/strong><\/span><\/p>\n<p style=\"text-align: justify;\"><span style=\"font-family: arial,helvetica,sans-serif; font-size: 12pt;\">Domluvit spolupr\u00e1ci s\u00a0kapelou takov\u00e9ho form\u00e1tu, jako jsou MANDRAGE nebylo v\u016fbec jednoduch\u00e9. Vyjedn\u00e1n\u00ed podm\u00ednek smlouvy, \u0159e\u0161en\u00ed technick\u00e9ho z\u00e1zem\u00ed apod. trvalo t\u00e9m\u011b\u0159 rok. U\u017e proto si nesm\u00edrn\u011b v\u00e1\u017e\u00edme toho, \u017ee se to povedlo, \u017ee k\u00a0n\u00e1m kapela dorazila a odehr\u00e1la skv\u011bl\u00fd koncert. MANDRAGE vydali na konci lo\u0148sk\u00e9ho roku novou desku <em>\u201ePotm\u011b jsou v\u0161echny ko\u010dky \u010dern\u00fd\u201c<\/em>, kter\u00e1 obsahuje hity jako Brouci, Ona se sm\u00e1la, apod. V\u0161echny tyto p\u00edsn\u011b jsme si mohli poslechnout na\u017eivo, nicm\u00e9n\u011b na sv\u00e9 si p\u0159i\u0161li i milovn\u00edci star\u0161\u00edch hit\u016f jako: Hled\u00e1 se \u017eena, \u0160rouby a matice, Franti\u0161kovy l\u00e1zn\u011b, Tan\u010di dokud m\u016f\u017ee\u0161, Mechanik, apod.<\/span><\/p>\n<p style=\"text-align: justify;\"><span style=\"font-family: arial,helvetica,sans-serif; font-size: 12pt;\">MANDRAGE p\u0159edvedli hodinovou show plnou sv\u011bteln\u00fdch efekt\u016f, vystoupili ve st\u0159\u00edbrn\u00fdch kost\u00fdmech s\u00a0helmami, a sv\u00fdm pozitivn\u00edm p\u0159\u00edstupem nabili publikum neskute\u010dnou energi\u00ed J. Dle reakc\u00ed publika bylo z\u0159ejm\u00e9, \u017ee se v\u0161ichni dob\u0159e bav\u00ed a koncert si u\u017e\u00edvaj\u00ed!<\/span><\/p>\n<p style=\"text-align: justify;\"><span style=\"font-family: arial,helvetica,sans-serif; font-size: 12pt;\">Po koncert\u011b pokra\u010dovala tane\u010dn\u00ed z\u00e1bava, kter\u00e9 se ujal DJ Penguin.<\/span><\/p>\n<p style=\"text-align: justify;\"><span style=\"font-family: arial,helvetica,sans-serif; font-size: 12pt;\">Cel\u00e1 akce kon\u010dila v\u00a0brzk\u00fdch rann\u00edch hodin\u00e1ch a my douf\u00e1me, \u017ee ke v\u0161\u00ed spokojenosti.<\/span><\/p>\n<p style=\"text-align: justify;\"><span style=\"font-family: arial,helvetica,sans-serif; font-size: 12pt;\">Ned\u011ble se nesla ve ve\u010dern\u00edm karnevalov\u00e9m duchu, kdy k\u00a0tanci a poslechu zahr\u00e1l pan Leo Malch\u00e1rek se synem Vojtou. Jejich pestr\u00fd reperto\u00e1r lahodil star\u0161\u00edm i mlad\u0161\u00edm poslucha\u010d\u016fm, kte\u0159\u00ed se bavili a tancovali a\u017e do p\u016flnoci. T\u00edmto vystoupen\u00edm byly na\u0161e slavnosti ukon\u010deny.<\/span><\/p>\n<p style=\"text-align: justify;\"><span style=\"font-family: arial,helvetica,sans-serif; font-size: 12pt;\">B\u011bhem cel\u00e9ho v\u00edkendu nav\u0161t\u00edvilo n\u00e1\u0161 are\u00e1l bezm\u00e1la 3 000 lid\u00ed, \u010deho\u017e si nesm\u00edrn\u011b v\u00e1\u017e\u00edme a jsme velice r\u00e1di, \u017ee jste p\u0159i\u0161li podpo\u0159it na\u0161i pr\u00e1ci J Nikdy se v\u0161echno nepovede na 100%, n\u011bjak\u00e9 ty \u201emouchy\u201c tady st\u00e1le budou, ale i to je dob\u0159e, alespo\u0148 je pro n\u00e1s motivac\u00ed st\u00e1le n\u011bco zlep\u0161ovat.<\/span><\/p>\n<p style=\"text-align: justify;\"><span style=\"font-family: arial,helvetica,sans-serif; font-size: 12pt;\">Z\u00a0pohledu po\u0159adatele hodnot\u00edm tento ro\u010dn\u00edk Sportovn\u00ed slavnosti jako \u00fasp\u011b\u0161n\u00fd J. Je nemo\u017en\u00e9 tady vyjmenovat v\u0161echny, kte\u0159\u00ed se na pr\u016fb\u011bhu slavnost\u00ed pod\u00edleli, p\u0159esto mi dovolte, abych touto cestou pod\u011bkovala zejm\u00e9na V\u00fdkonn\u00e9mu v\u00fdboru TJ v\u00a0\u010dele s\u00a0p\u0159edsedou <strong>Martinem Halfarem<\/strong>, kte\u0159\u00ed n\u00e1pad pozvat skupinu MANDRAGE podpo\u0159ili a zejm\u00e9na pak Martin odvedl na organizaci slavnost\u00ed obrovsk\u00fd kus pr\u00e1ce.<\/span><\/p>\n<p style=\"text-align: justify;\"><span style=\"font-family: arial,helvetica,sans-serif; font-size: 12pt;\">Druh\u00e1 osoba, kter\u00e9 bych t\u00edmto cht\u011bla pod\u011bkovat je <strong>Honza Kunze<\/strong>, kter\u00fd mi pom\u00e1hal s\u00a0kulturn\u00ed dramaturgi\u00ed, konzultoval se mnou v\u0161e d\u016fle\u017eit\u00e9 a podporoval m\u011b kdykoli jsem pot\u0159ebovala.<\/span><\/p>\n<p style=\"text-align: justify;\"><span style=\"font-family: arial,helvetica,sans-serif; font-size: 12pt;\">D\u00cdKY V\u0160EM, kte\u0159\u00ed jste na slavnosti p\u0159i\u0161li, d\u011bkujeme t\u011bm, kte\u0159\u00ed pom\u00e1hali a anga\u017eovali se, nesm\u00edrn\u011b si toho cen\u00edme. T\u011b\u0161\u00edme se na v\u00e1s op\u011bt za rok! J<\/span><\/p>\n<p style=\"text-align: justify;\"><span style=\"font-family: arial,helvetica,sans-serif; font-size: 12pt;\"><strong>Mgr. Marie Stuchl\u00edkov\u00e1<\/strong><\/span><\/p>\n<p style=\"text-align: justify;\"><span style=\"font-family: arial,helvetica,sans-serif; font-size: 12pt;\"><em>kulturn\u00ed referent TJ Sokol Kobe\u0159ice<\/em><\/span><\/p>\n<p style=\"text-align: justify;\">[cs_heading column_size=&#8220;1\/1&#8243; heading_title=&#8220;Napsali o n\u00e1s&#8220; heading_style=&#8220;2&#8243; heading_align=&#8220;center&#8220; heading_divider=&#8220;on&#8220; heading_font_style=&#8220;normal&#8220; heading_color=&#8220;#000000&#8243; heading_content_color=&#8220;#dd3333&#8243;][\/cs_heading]<\/p>\n<p style=\"text-align: justify;\"><a href=\"https:\/\/tjsokolkoberice.cz\/wp-content\/uploads\/2016\/08\/region-Opavsko.jpg\" rel=\"attachment wp-att-2620\"><img loading=\"lazy\" decoding=\"async\" class=\"aligncenter wp-image-2620 size-large\" src=\"https:\/\/tjsokolkoberice.cz\/wp-content\/uploads\/2016\/08\/region-Opavsko-1024x669.jpg\" alt=\"region Opavsko\" width=\"1024\" height=\"669\" srcset=\"https:\/\/tjsokolkoberice.cz\/wp-content\/uploads\/2016\/08\/region-Opavsko-1024x669.jpg 1024w, https:\/\/tjsokolkoberice.cz\/wp-content\/uploads\/2016\/08\/region-Opavsko-300x196.jpg 300w, https:\/\/tjsokolkoberice.cz\/wp-content\/uploads\/2016\/08\/region-Opavsko-768x502.jpg 768w, https:\/\/tjsokolkoberice.cz\/wp-content\/uploads\/2016\/08\/region-Opavsko.jpg 1096w\" sizes=\"auto, (max-width:767px) 480px, (max-width:1024px) 100vw, 1024px\" \/><\/a><\/p>\n<p style=\"text-align: justify;\">[cs_heading column_size=&#8220;1\/1&#8243; heading_title=&#8220;Sportovn\u00ed slavnosti pohledem TV Hlu\u010d\u00ednsko&#8220; heading_style=&#8220;2&#8243; heading_align=&#8220;center&#8220; heading_divider=&#8220;on&#8220; heading_font_style=&#8220;normal&#8220; heading_content_color=&#8220;#dd3333&#8243;][\/cs_heading]<\/p>\n<p style=\"text-align: justify;\">[cs_video column_size=&#8220;1\/1&#8243; cs_video_section_title=&#8220;Sportovn\u00ed slavnosti pohledem TV Hlu\u010d\u00ednsko&#8220; video_url=&#8220;https:\/\/www.youtube.com\/watch?v=hkLTV07aVSc&#8220; video_width=&#8220;500&#8243; video_height=&#8220;250&#8243;][\/cs_video]<\/p>\n<p style=\"text-align: justify;\">[cs_button button_size=&#8220;btn-lg&#8220; button_title=&#8220;Sportovn\u00ed slavnosti pohledem TV Hlu\u010d\u00ednsko&#8220; button_link=&#8220;http:\/\/www.hlucinsko.tv\/2016-07-30-koberice-sportovni-dny.html&#8220; button_border=&#8220;yes&#8220; =&#8220;null&#8220; button_icon=&#8220;icon-book3&#8243; button_icon_position=&#8220;left&#8220; button_type=&#8220;rectangle&#8220; button_target=&#8220;_blank&#8220;]<\/p>\n","protected":false},"excerpt":{"rendered":"<p>Je neskute\u010dn\u00e9, \u017ee tak\u0159ka po roce p\u0159\u00edprav a pl\u00e1nov\u00e1n\u00ed 92. ro\u010dn\u00edku Sportovn\u00ed slavnosti, je tato akce op\u011bt minulost\u00ed. Dovolte mi, abych tento ro\u010dn\u00edk zhodnotila z\u00a0pohledu jednoho<span class=\"excerpt-hellip\"> [\u2026]<\/span><\/p>\n","protected":false},"author":3,"featured_media":2598,"comment_status":"closed","ping_status":"open","sticky":false,"template":"","format":"standard","meta":{"ngg_post_thumbnail":0,"footnotes":""},"categories":[107,127],"tags":[],"class_list":["post-2597","post","type-post","status-publish","format-standard","has-post-thumbnail","hentry","category-fotbal","category-kulturni-akce"],"_links":{"self":[{"href":"https:\/\/tjsokolkoberice.cz\/index.php?rest_route=\/wp\/v2\/posts\/2597","targetHints":{"allow":["GET"]}}],"collection":[{"href":"https:\/\/tjsokolkoberice.cz\/index.php?rest_route=\/wp\/v2\/posts"}],"about":[{"href":"https:\/\/tjsokolkoberice.cz\/index.php?rest_route=\/wp\/v2\/types\/post"}],"author":[{"embeddable":true,"href":"https:\/\/tjsokolkoberice.cz\/index.php?rest_route=\/wp\/v2\/users\/3"}],"replies":[{"embeddable":true,"href":"https:\/\/tjsokolkoberice.cz\/index.php?rest_route=%2Fwp%2Fv2%2Fcomments&post=2597"}],"version-history":[{"count":15,"href":"https:\/\/tjsokolkoberice.cz\/index.php?rest_route=\/wp\/v2\/posts\/2597\/revisions"}],"predecessor-version":[{"id":2897,"href":"https:\/\/tjsokolkoberice.cz\/index.php?rest_route=\/wp\/v2\/posts\/2597\/revisions\/2897"}],"wp:featuredmedia":[{"embeddable":true,"href":"https:\/\/tjsokolkoberice.cz\/index.php?rest_route=\/wp\/v2\/media\/2598"}],"wp:attachment":[{"href":"https:\/\/tjsokolkoberice.cz\/index.php?rest_route=%2Fwp%2Fv2%2Fmedia&parent=2597"}],"wp:term":[{"taxonomy":"category","embeddable":true,"href":"https:\/\/tjsokolkoberice.cz\/index.php?rest_route=%2Fwp%2Fv2%2Fcategories&post=2597"},{"taxonomy":"post_tag","embeddable":true,"href":"https:\/\/tjsokolkoberice.cz\/index.php?rest_route=%2Fwp%2Fv2%2Ftags&post=2597"}],"curies":[{"name":"wp","href":"https:\/\/api.w.org\/{rel}","templated":true}]}}