{"id":2644,"date":"2016-08-10T15:41:49","date_gmt":"2016-08-10T14:41:49","guid":{"rendered":"https:\/\/tjsokolkoberice.cz\/?p=2644"},"modified":"2025-10-14T11:57:40","modified_gmt":"2025-10-14T10:57:40","slug":"pozvanka-na-fotbalovy-vikend","status":"publish","type":"post","link":"https:\/\/tjsokolkoberice.cz\/?p=2644","title":{"rendered":"Pozv\u00e1nka na fotbalov\u00fd v\u00edkend"},"content":{"rendered":"<h1 style=\"text-align: justify;\"><span style=\"font-family: arial,helvetica,sans-serif; font-size: 12pt;\"><strong>S\u00a0\u010cesk\u00fdm T\u011b\u0161\u00ednem ji\u017e ve \u010dtvrtek 11. srpna<\/strong><strong>!<\/strong><\/span><\/h1>\n<p style=\"text-align: justify;\"><span style=\"font-family: arial,helvetica,sans-serif; font-size: 12pt;\">Vzhledem k\u00a0tomu, \u017ee o tomto v\u00edkendu u n\u00e1s prob\u011bhnou odpustov\u00e9 slavnosti, budou hr\u00e1t na\u0161i fotbalist\u00e9 \u201eA\u201c mu\u017estva s\u00a0\u010cesk\u00fdm T\u011b\u0161\u00ednem ji\u017e ve \u010dtvrtek 11. srpna od 17:30 hodin.<\/span><\/p>\n<p style=\"text-align: justify;\"><span style=\"font-family: arial,helvetica,sans-serif; font-size: 12pt;\">\u010cesk\u00fd T\u011b\u0161\u00edn v\u00a01. kole remizoval s\u00a0B\u0159idli\u010dnou, kdy\u017e o v\u00fdsledku se rozhodlo u\u017e v\u00a01. polo\u010dase. Po tomto utk\u00e1n\u00ed pat\u0159\u00ed na\u0161emu prvn\u00edmu dom\u00e1c\u00edmu soupe\u0159i 9. m\u00edsto. Na\u0161i hr\u00e1\u010di p\u0159ekvapili a v\u00a01. kole porazili d\u00edky brance Anton\u00edna Kubn\u00e9ho Krnov na jeho h\u0159i\u0161ti. Tah tren\u00e9ra Kamr\u00e1da postavit v\u00a0prvn\u00edm utk\u00e1n\u00ed tohoto mlad\u00e9ho dorostence (16 let) se vyplatil. Po v\u00edt\u011bzstv\u00ed v\u00a0Krnov\u011b jsme na 5. m\u00edst\u011b tabulky. V\u00a0utk\u00e1n\u00ed s\u00a0\u010cesk\u00fdm T\u011b\u0161\u00ednem p\u016fjde o to potvrdit toto v\u00edt\u011bzstv\u00ed. P\u0159ejme\u00a0 na\u0161\u00edm chlapc\u016fm, aby se jim duel s\u00a0\u010cesk\u00fdm T\u011b\u0161\u00ednem vyda\u0159il a abychom byli i po tomto utk\u00e1n\u00ed spokojeni.\u00a0 <strong>P\u0159ipom\u00edn\u00e1me, \u017ee utk\u00e1n\u00ed krajsk\u00e9ho p\u0159eboru TJ Sokol\u00a0 Kobe\u0159ice &#8211; FC IRP \u010cesk\u00fd T\u011b\u0161\u00edn se bude hr\u00e1t ve \u010dtvrtek 11. srpna od 17:30 hodin. Zveme v\u0161echny fotbalov\u00e9 fanou\u0161ky.<\/strong><\/span><\/p>\n<p style=\"text-align: justify;\"><span style=\"font-family: arial,helvetica,sans-serif; font-size: 12pt;\"><strong><u>Program krajsk\u00e9ho p\u0159eboru<\/u><\/strong><\/span><\/p>\n<table width=\"322\">\n<tbody>\n<tr>\n<td width=\"161\"><span style=\"font-family: arial,helvetica,sans-serif; font-size: 12pt;\"><strong>Kobe\u0159ice<\/strong><strong> &#8211; \u010cesk\u00fd T\u011b\u0161\u00edn<\/strong><\/span><\/td>\n<td width=\"161\"><span style=\"font-family: arial,helvetica,sans-serif; font-size: 12pt;\">\u0160enov &#8211; B\u00edlovec<\/span><\/td>\n<\/tr>\n<tr>\n<td width=\"161\"><span style=\"font-family: arial,helvetica,sans-serif; font-size: 12pt;\">\u010celadn\u00e1 &#8211; Krnov<\/span><\/td>\n<td width=\"161\"><span style=\"font-family: arial,helvetica,sans-serif; font-size: 12pt;\">\u010cesk\u00fd T\u011b\u0161\u00edn &#8211; \u010celadn\u00e1<\/span><\/td>\n<\/tr>\n<tr>\n<td width=\"161\"><span style=\"font-family: arial,helvetica,sans-serif; font-size: 12pt;\">B\u0159idli\u010dn\u00e1 &#8211; He\u0159manice<\/span><\/td>\n<td width=\"161\"><span style=\"font-family: arial,helvetica,sans-serif; font-size: 12pt;\"><strong>He\u0159manice<\/strong><strong> &#8211; Kobe\u0159ice<\/strong><\/span><\/td>\n<\/tr>\n<tr>\n<td width=\"161\"><span style=\"font-family: arial,helvetica,sans-serif; font-size: 12pt;\">H\u00e1j ve Slezsku &#8211; D\u011btmarovice<\/span><\/td>\n<td width=\"161\"><span style=\"font-family: arial,helvetica,sans-serif; font-size: 12pt;\">Slavia Orlov\u00e1 &#8211; D\u011btmarovice<\/span><\/td>\n<\/tr>\n<tr>\n<td width=\"161\"><span style=\"font-family: arial,helvetica,sans-serif; font-size: 12pt;\">Slavia Orlov\u00e1 &#8211; \u0160enov<\/span><\/td>\n<td width=\"161\"><span style=\"font-family: arial,helvetica,sans-serif; font-size: 12pt;\">Krnov &#8211; Vendryn\u011b<\/span><\/td>\n<\/tr>\n<tr>\n<td width=\"161\"><span style=\"font-family: arial,helvetica,sans-serif; font-size: 12pt;\">SO Brunt\u00e1l &#8211; Fren\u0161t\u00e1t p. R.<\/span><\/td>\n<td width=\"161\"><span style=\"font-family: arial,helvetica,sans-serif; font-size: 12pt;\">Bohum\u00edn &#8211; SO Brunt\u00e1l<\/span><\/td>\n<\/tr>\n<tr>\n<td width=\"161\"><span style=\"font-family: arial,helvetica,sans-serif; font-size: 12pt;\">Vendryn\u011b &#8211; Bohum\u00edn<\/span><\/td>\n<td width=\"161\"><span style=\"font-family: arial,helvetica,sans-serif; font-size: 12pt;\">Fren\u0161t\u00e1t p. R. &#8211; H\u00e1j ve Slezsku<\/span><\/td>\n<\/tr>\n<tr>\n<td width=\"161\"><span style=\"font-family: arial,helvetica,sans-serif; font-size: 12pt;\">B\u00edlovec &#8211; Polanka<\/span><\/td>\n<td width=\"161\"><span style=\"font-family: arial,helvetica,sans-serif; font-size: 12pt;\">Polanka &#8211; B\u0159idli\u010dn\u00e1<\/span><\/td>\n<\/tr>\n<\/tbody>\n<\/table>\n<p style=\"text-align: justify;\"><span style=\"font-family: arial,helvetica,sans-serif; font-size: 12pt;\"><strong>\u00a0<\/strong><\/span><\/p>\n<p style=\"text-align: justify;\"><span style=\"font-family: arial,helvetica,sans-serif; font-size: 12pt;\"><strong>Mu\u017ei \u201eB\u201c pojedou do V\u00e1vrovic<\/strong><\/span><\/p>\n<p style=\"text-align: justify;\"><span style=\"font-family: arial,helvetica,sans-serif; font-size: 12pt;\">Mu\u017ei \u201cB\u201c za\u010d\u00ednaj\u00ed okresn\u00ed p\u0159ebor na p\u016fd\u011b V\u00e1vrovic, kter\u00e9 skon\u010dily v\u00a0minul\u00e9 fotbalov\u00e9 sez\u00f3n\u011b na 3. m\u00edst\u011b se ziskem 50 bod\u016f. Vyhr\u00e1ly 15 utk\u00e1n\u00ed, 5x remizovaly a 6x byly pora\u017eeny. Soupe\u0159\u016fm fotbalist\u00e9 V\u00e1vrovic vs\u00edtili 66 a obdr\u017eeli 38 branek. Na\u0161i hr\u00e1\u010di \u201eB\u201e mu\u017estva obsadili v\u00a0minul\u00e9 fotbalov\u00e9 sez\u00f3n\u011b 12. m\u00edsto se ziskem 23 bod\u016f. Vyhr\u00e1li jsme 6 utk\u00e1n\u00ed, 5x jsme remizovali a v\u00a015 utk\u00e1n\u00edch jsme byli pora\u017eeni. Soupe\u0159\u016fm jsme vs\u00edtili 37 a obdr\u017eeli 69 branek.\u00a0\u00a0\u00a0\u00a0\u00a0<\/span><\/p>\n<p style=\"text-align: justify;\"><span style=\"font-family: arial,helvetica,sans-serif; font-size: 12pt;\">Ve vz\u00e1jemn\u00fdch utk\u00e1n\u00edch s\u00a0V\u00e1vrovicemi jsme na podzim doma prohr\u00e1li 2:4, kdy\u017e na\u0161e branky dali Gargo\u0161 Michael a Mrva David. Na ja\u0159e leto\u0161n\u00edho roku jsme remizovali 1:1, kdy\u017e jsme vedli brankou Mrvy Davida. <strong>Utk\u00e1n\u00ed okresn\u00edho p\u0159eboru V\u00e1vrovice \u2013 Kobe\u0159ice \u201eB\u201c se bude hr\u00e1t v\u00a0sobotu 13. srpna od 17:00 hodin. Zveme v\u0161echny fotbalov\u00e9 p\u0159\u00edznivce na\u0161eho \u201e B\u201c mu\u017estva. <\/strong><\/span><\/p>\n<p style=\"text-align: justify;\"><span style=\"font-family: arial,helvetica,sans-serif; font-size: 12pt;\"><strong><u>Program okresn\u00edho p\u0159eboru: <\/u><\/strong><\/span><\/p>\n<table width=\"592\">\n<tbody>\n<tr>\n<td width=\"309\"><span style=\"font-family: arial,helvetica,sans-serif; font-size: 12pt;\">Hradec nad Moravic\u00ed &#8211; Slavia Opava<\/span><\/td>\n<td width=\"283\"><span style=\"font-family: arial,helvetica,sans-serif; font-size: 12pt;\">Hlavnice &#8211; V\u00e1vrovice<\/span><\/td>\n<\/tr>\n<tr>\n<td width=\"309\"><span style=\"font-family: arial,helvetica,sans-serif; font-size: 12pt;\"><strong>V\u00e1vrovice &#8211; Kobe\u0159ice &#8222;B&#8220; <\/strong><\/span><\/td>\n<td width=\"283\"><span style=\"font-family: arial,helvetica,sans-serif; font-size: 12pt;\"><strong>Kobe\u0159ice &#8222;B&#8220; &#8211; Mal\u00e9 Ho\u0161tice <\/strong><\/span><\/td>\n<\/tr>\n<tr>\n<td width=\"309\"><span style=\"font-family: arial,helvetica,sans-serif; font-size: 12pt;\">St\u011bbo\u0159ice &#8211; B\u011bl\u00e1<\/span><\/td>\n<td width=\"283\"><span style=\"font-family: arial,helvetica,sans-serif; font-size: 12pt;\">Pust\u00e1 Polom &#8222;B&#8220; &#8211; St\u011bbo\u0159ice<\/span><\/td>\n<\/tr>\n<tr>\n<td width=\"309\"><span style=\"font-family: arial,helvetica,sans-serif; font-size: 12pt;\">Jakartovice &#8211; Hlavnice<\/span><\/td>\n<td width=\"283\"><span style=\"font-family: arial,helvetica,sans-serif; font-size: 12pt;\">Slavia Opava &#8211; Budi\u0161ov nad Budi\u0161ovkou<\/span><\/td>\n<\/tr>\n<tr>\n<td width=\"309\"><span style=\"font-family: arial,helvetica,sans-serif; font-size: 12pt;\">Mal\u00e9 Ho\u0161tice &#8211; Litultovice<\/span><\/td>\n<td width=\"283\"><span style=\"font-family: arial,helvetica,sans-serif; font-size: 12pt;\">B\u011bl\u00e1 &#8211; V\u0159esina<\/span><\/td>\n<\/tr>\n<tr>\n<td width=\"309\"><span style=\"font-family: arial,helvetica,sans-serif; font-size: 12pt;\">V\u0159esina &#8211; Hn\u011bvo\u0161ice<\/span><\/td>\n<td width=\"283\"><span style=\"font-family: arial,helvetica,sans-serif; font-size: 12pt;\">Hn\u011bvo\u0161ice &#8211; Jakartovice<\/span><\/td>\n<\/tr>\n<tr>\n<td width=\"309\"><span style=\"font-family: arial,helvetica,sans-serif; font-size: 12pt;\">Budi\u0161ov nad Budi\u0161ovkou &#8211; Pust\u00e1 Polom &#8222;B&#8220;<\/span><\/td>\n<td width=\"283\"><span style=\"font-family: arial,helvetica,sans-serif; font-size: 12pt;\">Litultovice &#8211; Hradec nad Moravic\u00ed<\/span><\/td>\n<\/tr>\n<\/tbody>\n<\/table>\n<h1 style=\"text-align: justify;\"><span style=\"font-family: arial,helvetica,sans-serif; font-size: 12pt;\"><strong>Dorostenci za\u010d\u00ednaj\u00ed novou fotbalovou sez\u00f3nu utk\u00e1n\u00edm v\u00a0dom\u00e1c\u00edm prost\u0159ed\u00ed s\u00a0Vratimovem<\/strong><\/span><\/h1>\n<p style=\"text-align: justify;\"><span style=\"font-family: arial,helvetica,sans-serif; font-size: 12pt;\">Novou fotbalovou sez\u00f3nu zah\u00e1j\u00ed na\u0161i dorostenci a\u017e po odpust\u011b. St\u0159etnou se s\u00a0Vratimovem ve st\u0159edu 17. srpna. V\u00a0minul\u00e9 fotbalov\u00e9 sez\u00f3n\u011b obsadil n\u00e1\u0161 prvn\u00ed soupe\u0159 Vratimov 7. m\u00edsto se ziskem 40 bod\u016f. Vyhr\u00e1l 12x, 4x remizoval a v\u00a0deseti utk\u00e1n\u00edch byl pora\u017een. Sv\u00fdm soupe\u0159\u016f vs\u00edtil 63 a obdr\u017eel 74 branek.<\/span><\/p>\n<p style=\"text-align: justify;\"><span style=\"font-family: arial,helvetica,sans-serif; font-size: 12pt;\">Na\u0161i dorostenci se v\u00a0minul\u00e9 fotbalov\u00e9 sez\u00f3n\u011b um\u00edstili jako nov\u00e1\u010dek sout\u011b\u017ee na velmi p\u011bkn\u00e9m 2. m\u00edst\u011b. Z\u00edskali 52 bod\u016f, kdy\u017e vyhr\u00e1li 17 utk\u00e1n\u00ed, jednou remizovali a 8x byli pora\u017eeni. Soupe\u0159\u016fm vs\u00edtili 108 a obdr\u017eeli 42 branek. V\u00a0utk\u00e1n\u00ed s\u00a0Vratimovem jsme na podzim lo\u0148sk\u00e9ho roku doma remizovali 4:4 a v\u00a0odvet\u011b na ja\u0159e vyhr\u00e1li vysoko 12:0, kdy\u017e na\u0161e branky dali: Bolack\u00fd Tom\u00e1\u0161, Zaj\u00ed\u010dek Pavel 2, Kubn\u00fd Anton\u00edn 3, Stuchl\u00edk Radim, St\u0159\u00edbn\u00fd Martin, Oh\u0159\u00e1l Filip3, Peterek Filip. <strong>Utk\u00e1n\u00ed krajsk\u00e9 sout\u011b\u017ee Kobe\u0159ice &#8211; Vratimov se bude hr\u00e1t ve st\u0159edu 17. srpna od 17:30 hodin na na\u0161em h\u0159i\u0161ti. Zveme v\u0161echny p\u0159\u00edznivce na\u0161ich dorostenc\u016f. <\/strong><\/span><\/p>\n<p style=\"text-align: justify;\"><span style=\"font-family: arial,helvetica,sans-serif; font-size: 12pt;\"><strong>\u00a0<\/strong><\/span><\/p>\n<p style=\"text-align: justify;\"><span style=\"font-family: arial,helvetica,sans-serif; font-size: 12pt;\"><strong><u>Program krajsk\u00e9 sout\u011b\u017ee dorostu <\/u><\/strong><\/span><\/p>\n<table width=\"592\">\n<tbody>\n<tr style=\"text-align: justify;\">\n<td width=\"309\"><span style=\"font-family: arial,helvetica,sans-serif; font-size: 12pt;\">Polanka &#8211; Svinov<\/span><\/td>\n<td width=\"283\"><span style=\"font-family: arial,helvetica,sans-serif; font-size: 12pt;\">Vratimov &#8211; Stud\u00e9nka<\/span><\/td>\n<\/tr>\n<tr style=\"text-align: justify;\">\n<td width=\"309\"><span style=\"font-family: arial,helvetica,sans-serif; font-size: 12pt;\">Fulnek &#8211; V\u00edtkov<\/span><\/td>\n<td width=\"283\"><span style=\"font-family: arial,helvetica,sans-serif; font-size: 12pt;\">Svinov &#8211; Klimkovice<\/span><\/td>\n<\/tr>\n<tr style=\"text-align: justify;\">\n<td width=\"309\"><span style=\"font-family: arial,helvetica,sans-serif; font-size: 12pt;\">Klimkovice &#8211; Horn\u00ed Bene\u0161ov<\/span><\/td>\n<td width=\"283\"><span style=\"font-family: arial,helvetica,sans-serif; font-size: 12pt;\">Vrbno pod Prad\u011bdem &#8211; Polanka<\/span><\/td>\n<\/tr>\n<tr style=\"text-align: justify;\">\n<td width=\"309\"><span style=\"font-family: arial,helvetica,sans-serif; font-size: 12pt;\">Stud\u00e9nka &#8211; M\u011bsto Albrechtice<\/span><\/td>\n<td width=\"283\"><span style=\"font-family: arial,helvetica,sans-serif; font-size: 12pt;\">M\u011bsto Albrechtice &#8211; Darkovi\u010dky<\/span><\/td>\n<\/tr>\n<tr style=\"text-align: justify;\">\n<td width=\"309\"><span style=\"font-family: arial,helvetica,sans-serif; font-size: 12pt;\">Darkovi\u010dky &#8211; Doln\u00ed Bene\u0161ov<\/span><\/td>\n<td width=\"283\"><span style=\"font-family: arial,helvetica,sans-serif; font-size: 12pt;\">V\u00edtkov &#8211; Hradec nad Moravic\u00ed<\/span><\/td>\n<\/tr>\n<tr style=\"text-align: justify;\">\n<td width=\"309\"><span style=\"font-family: arial,helvetica,sans-serif; font-size: 12pt;\">Hradec nad Moravic\u00ed &#8211; Vrbno pod Prad\u011bdem<\/span><\/td>\n<td width=\"283\"><span style=\"font-family: arial,helvetica,sans-serif; font-size: 12pt;\">Doln\u00ed Bene\u0161ov &#8211; Fulnek<\/span><\/td>\n<\/tr>\n<tr style=\"text-align: justify;\">\n<td width=\"309\"><span style=\"font-family: arial,helvetica,sans-serif; font-size: 12pt;\"><strong>Kobe\u0159ice &#8211; Vratimov <\/strong><\/span><\/td>\n<td width=\"283\"><span style=\"font-family: arial,helvetica,sans-serif; font-size: 12pt;\">Horn\u00ed Bene\u0161ov &#8211; R\u00fdma\u0159ov<\/span><\/td>\n<\/tr>\n<\/tbody>\n<\/table>\n","protected":false},"excerpt":{"rendered":"<p>S\u00a0\u010cesk\u00fdm T\u011b\u0161\u00ednem ji\u017e ve \u010dtvrtek 11. srpna! Vzhledem k\u00a0tomu, \u017ee o tomto v\u00edkendu u n\u00e1s prob\u011bhnou odpustov\u00e9 slavnosti, budou hr\u00e1t na\u0161i fotbalist\u00e9 \u201eA\u201c mu\u017estva s\u00a0\u010cesk\u00fdm T\u011b\u0161\u00ednem<span class=\"excerpt-hellip\"> [\u2026]<\/span><\/p>\n","protected":false},"author":3,"featured_media":2645,"comment_status":"closed","ping_status":"open","sticky":false,"template":"","format":"standard","meta":{"ngg_post_thumbnail":0,"footnotes":""},"categories":[115,112,110,107],"tags":[],"class_list":["post-2644","post","type-post","status-publish","format-standard","has-post-thumbnail","hentry","category-a-tym","category-b-tym","category-dorost","category-fotbal"],"_links":{"self":[{"href":"https:\/\/tjsokolkoberice.cz\/index.php?rest_route=\/wp\/v2\/posts\/2644","targetHints":{"allow":["GET"]}}],"collection":[{"href":"https:\/\/tjsokolkoberice.cz\/index.php?rest_route=\/wp\/v2\/posts"}],"about":[{"href":"https:\/\/tjsokolkoberice.cz\/index.php?rest_route=\/wp\/v2\/types\/post"}],"author":[{"embeddable":true,"href":"https:\/\/tjsokolkoberice.cz\/index.php?rest_route=\/wp\/v2\/users\/3"}],"replies":[{"embeddable":true,"href":"https:\/\/tjsokolkoberice.cz\/index.php?rest_route=%2Fwp%2Fv2%2Fcomments&post=2644"}],"version-history":[{"count":2,"href":"https:\/\/tjsokolkoberice.cz\/index.php?rest_route=\/wp\/v2\/posts\/2644\/revisions"}],"predecessor-version":[{"id":2647,"href":"https:\/\/tjsokolkoberice.cz\/index.php?rest_route=\/wp\/v2\/posts\/2644\/revisions\/2647"}],"wp:featuredmedia":[{"embeddable":true,"href":"https:\/\/tjsokolkoberice.cz\/index.php?rest_route=\/wp\/v2\/media\/2645"}],"wp:attachment":[{"href":"https:\/\/tjsokolkoberice.cz\/index.php?rest_route=%2Fwp%2Fv2%2Fmedia&parent=2644"}],"wp:term":[{"taxonomy":"category","embeddable":true,"href":"https:\/\/tjsokolkoberice.cz\/index.php?rest_route=%2Fwp%2Fv2%2Fcategories&post=2644"},{"taxonomy":"post_tag","embeddable":true,"href":"https:\/\/tjsokolkoberice.cz\/index.php?rest_route=%2Fwp%2Fv2%2Ftags&post=2644"}],"curies":[{"name":"wp","href":"https:\/\/api.w.org\/{rel}","templated":true}]}}