{"id":2651,"date":"2016-08-17T12:39:56","date_gmt":"2016-08-17T11:39:56","guid":{"rendered":"https:\/\/tjsokolkoberice.cz\/?p=2651"},"modified":"2025-10-14T11:57:40","modified_gmt":"2025-10-14T10:57:40","slug":"muzi-b-odstartovali-vyhrou-ve-vavrovicich","status":"publish","type":"post","link":"https:\/\/tjsokolkoberice.cz\/?p=2651","title":{"rendered":"Mu\u017ei \u201eB\u201c odstartovali v\u00fdhrou ve V\u00e1vrovic\u00edch!"},"content":{"rendered":"<p style=\"text-align: justify;\"><span style=\"font-family: arial,helvetica,sans-serif; font-size: 12pt;\"><strong>Mu\u017ei \u201eB\u201c vyhr\u00e1li ve V\u00e1vrovic\u00edch<\/strong><\/span><\/p>\n<p style=\"text-align: justify;\"><span style=\"font-family: arial,helvetica,sans-serif; font-size: 12pt;\">Prvn\u00ed v\u00fdhru si p\u0159ipsali na sv\u00e9 konto na\u0161i mu\u017ei \u201eB\u201c, kte\u0159\u00ed hr\u00e1li ve V\u00e1vrovic\u00edch. Po polo\u010dase jsme vedli brankou N\u00e1hl\u00edka z\u00a012. minuty. Tu druhou, kter\u00e1 potvrdila na\u0161e v\u00edt\u011bzstv\u00ed, zaznamenal ze sv\u00e9 kopa\u010dky Patrik Kom\u00e1rek, kter\u00fd tak dal tomuto z\u00e1pasu kone\u010dnou podobu 0:2 pro n\u00e1\u0161 celek.<\/span><\/p>\n<p style=\"text-align: justify;\"><span style=\"font-family: arial,helvetica,sans-serif; font-size: 12pt;\">V\u00a0okresn\u00edm p\u0159eboru se hr\u00e1lo v\u0161ech sedm utk\u00e1n\u00ed. Nejv\u00edce branek padlo ve St\u011bbo\u0159ic\u00edch, kter\u00e9 porazily B\u011blou rekordn\u00edm sk\u00f3rem 11:0. O jedin\u00e9 v\u00edt\u011bzstv\u00ed hostuj\u00edc\u00edho celku se postarali na\u0161i fotbalist\u00e9, kte\u0159\u00ed vyhr\u00e1li ve V\u00e1vrovic\u00edch. Dal\u0161\u00ed bod hostuj\u00edc\u00edho celku uhr\u00e1la Hlavnice, kter\u00e1 remizovala v\u00a0Jakartovic\u00edch.<\/span><\/p>\n<p style=\"text-align: justify;\">\n<p style=\"text-align: justify;\"><span style=\"text-decoration: underline; font-family: arial,helvetica,sans-serif; font-size: 12pt;\"><strong>V\u00fdsledky okresn\u00edho p\u0159eboru<\/strong><\/span><\/p>\n<p style=\"text-align: justify;\"><span style=\"font-family: arial,helvetica,sans-serif; font-size: 12pt;\"><strong>V\u00e1vrovice &#8211; Kobe\u0159ice &#8222;B&#8220; 0:2 (0:1)<\/strong><\/span><br \/>\n<span style=\"font-family: arial,helvetica,sans-serif; font-size: 12pt;\"> V\u0159esina &#8211; Hn\u011bvo\u0161ice 5:2 (2:1)<\/span><br \/>\n<span style=\"font-family: arial,helvetica,sans-serif; font-size: 12pt;\"> Budi\u0161ov nad Budi\u0161ovkou &#8211; Pust\u00e1 Polom &#8222;B&#8220; 6:0 (2:0)<\/span><br \/>\n<span style=\"font-family: arial,helvetica,sans-serif; font-size: 12pt;\"> Mal\u00e9 Ho\u0161tice &#8211; Litultovice 4:0 (1:0)<\/span><br \/>\n<span style=\"font-family: arial,helvetica,sans-serif; font-size: 12pt;\"> Jakartovice &#8211; Hlavnice 2:2 (2:0)<\/span><br \/>\n<span style=\"font-family: arial,helvetica,sans-serif; font-size: 12pt;\"> St\u011bbo\u0159ice &#8211; B\u011bl\u00e1 11:0 (4:0)<\/span><br \/>\n<span style=\"font-family: arial,helvetica,sans-serif; font-size: 12pt;\"> Hradec nad Moravic\u00ed &#8211; Slavia Opava 4:1 (2:1)<\/span><\/p>\n","protected":false},"excerpt":{"rendered":"<p>Mu\u017ei \u201eB\u201c vyhr\u00e1li ve V\u00e1vrovic\u00edch Prvn\u00ed v\u00fdhru si p\u0159ipsali na sv\u00e9 konto na\u0161i mu\u017ei \u201eB\u201c, kte\u0159\u00ed hr\u00e1li ve V\u00e1vrovic\u00edch. Po polo\u010dase jsme vedli brankou N\u00e1hl\u00edka z\u00a012.<span class=\"excerpt-hellip\"> [\u2026]<\/span><\/p>\n","protected":false},"author":1,"featured_media":1319,"comment_status":"closed","ping_status":"open","sticky":false,"template":"","format":"standard","meta":{"ngg_post_thumbnail":0,"footnotes":""},"categories":[112,107,104,102],"tags":[],"class_list":["post-2651","post","type-post","status-publish","format-standard","has-post-thumbnail","hentry","category-b-tym","category-fotbal","category-vysledky","category-zapasy"],"_links":{"self":[{"href":"https:\/\/tjsokolkoberice.cz\/index.php?rest_route=\/wp\/v2\/posts\/2651","targetHints":{"allow":["GET"]}}],"collection":[{"href":"https:\/\/tjsokolkoberice.cz\/index.php?rest_route=\/wp\/v2\/posts"}],"about":[{"href":"https:\/\/tjsokolkoberice.cz\/index.php?rest_route=\/wp\/v2\/types\/post"}],"author":[{"embeddable":true,"href":"https:\/\/tjsokolkoberice.cz\/index.php?rest_route=\/wp\/v2\/users\/1"}],"replies":[{"embeddable":true,"href":"https:\/\/tjsokolkoberice.cz\/index.php?rest_route=%2Fwp%2Fv2%2Fcomments&post=2651"}],"version-history":[{"count":4,"href":"https:\/\/tjsokolkoberice.cz\/index.php?rest_route=\/wp\/v2\/posts\/2651\/revisions"}],"predecessor-version":[{"id":2683,"href":"https:\/\/tjsokolkoberice.cz\/index.php?rest_route=\/wp\/v2\/posts\/2651\/revisions\/2683"}],"wp:featuredmedia":[{"embeddable":true,"href":"https:\/\/tjsokolkoberice.cz\/index.php?rest_route=\/wp\/v2\/media\/1319"}],"wp:attachment":[{"href":"https:\/\/tjsokolkoberice.cz\/index.php?rest_route=%2Fwp%2Fv2%2Fmedia&parent=2651"}],"wp:term":[{"taxonomy":"category","embeddable":true,"href":"https:\/\/tjsokolkoberice.cz\/index.php?rest_route=%2Fwp%2Fv2%2Fcategories&post=2651"},{"taxonomy":"post_tag","embeddable":true,"href":"https:\/\/tjsokolkoberice.cz\/index.php?rest_route=%2Fwp%2Fv2%2Ftags&post=2651"}],"curies":[{"name":"wp","href":"https:\/\/api.w.org\/{rel}","templated":true}]}}