{"id":2656,"date":"2016-08-17T12:39:16","date_gmt":"2016-08-17T11:39:16","guid":{"rendered":"https:\/\/tjsokolkoberice.cz\/?p=2656"},"modified":"2025-10-14T11:57:40","modified_gmt":"2025-10-14T10:57:40","slug":"vikendovy-program-nasich-muzstev-8","status":"publish","type":"post","link":"https:\/\/tjsokolkoberice.cz\/?p=2656","title":{"rendered":"V\u00edkendov\u00fd program na\u0161ich mu\u017estev"},"content":{"rendered":"<p style=\"text-align: justify;\"><span style=\"font-size: 12pt; font-family: arial,helvetica,sans-serif;\"><strong>Mu\u017ei \u201eA\u201c jedou k\u00a0dal\u0161\u00edmu mistrovsk\u00e9mu utk\u00e1n\u00ed do\u00a0He\u0159manic <\/strong><\/span><\/p>\n<p style=\"text-align: justify;\"><span style=\"font-family: arial,helvetica,sans-serif; font-size: 12pt;\">Po utk\u00e1n\u00ed s\u00a0\u010cesk\u00fdm T\u011b\u0161\u00ednem budou na\u0161i fotbalist\u00e9 \u201eA\u201c mu\u017estva hr\u00e1t venku, kde se st\u0159etnou s\u00a0celkem He\u0159manic, kter\u00fd je na 6. m\u00edst\u011b tabulky krajsk\u00e9ho p\u0159eboru. V\u00a0dosavadn\u00edch dvou utk\u00e1n\u00edch jednou zv\u00edt\u011bzil a jednou prohr\u00e1l. Soupe\u0159i vs\u00edtil 6 a obdr\u017eel 3 branky. Do utk\u00e1n\u00ed s\u00a0n\u00e1mi nastupuje po prohran\u00e9m utk\u00e1n\u00ed s\u00a0B\u0159idli\u010dnou pom\u011brem 2:3.<\/span><\/p>\n<p style=\"text-align: justify;\"><span style=\"font-family: arial,helvetica,sans-serif; font-size: 12pt;\">Na\u0161i hr\u00e1\u010di jdou do utk\u00e1n\u00ed s\u00a0He\u0159manicemi po proh\u0159e v\u00a0dom\u00e1c\u00edm prost\u0159ed\u00ed s\u00a0\u010cesk\u00fdm T\u011b\u0161\u00ednem pom\u011brem 1:2. Celkov\u011b jsme des\u00e1t\u00ed p\u0159i sk\u00f3re 2:2. <strong>Utk\u00e1n\u00ed krajsk\u00e9ho p\u0159eboru He\u0159manice &#8211; Kobe\u0159ice se bude hr\u00e1t v\u00a0sobotu 20. srpna od 17:00 hodin. Odjezd autobusu je v\u00a015:15 hodin. <\/strong><\/span><\/p>\n<p style=\"text-align: justify;\"><span style=\"font-family: arial,helvetica,sans-serif; font-size: 12pt;\">[cs_toggle column_size=&#8220;1\/1&#8243; cs_toggle_section_title=&#8220;Program krajsk\u00e9ho p\u0159eboru&#8220; cs_toggle_title=&#8220;Program krajsk\u00e9ho p\u0159eboru &#8211; klikni&#8220; =&#8220;null&#8220; cs_toggle_icon=&#8220;icon-calendar6&#8243; cs_toggle_state=&#8220;close&#8220; cs_toggle_custom_animation=&#8220;slideDown&#8220;]<\/span><\/p>\n<table width=\"475\">\n<tbody>\n<tr>\n<td width=\"259\"><span style=\"font-family: arial,helvetica,sans-serif; font-size: 12pt;\">\u0160enov &#8211; B\u00edlovec<\/span><\/td>\n<td width=\"216\"><span style=\"font-family: arial,helvetica,sans-serif; font-size: 12pt;\">H\u00e1j ve Slezsku &#8211; Bohum\u00edn<\/span><\/td>\n<\/tr>\n<tr>\n<td width=\"259\"><span style=\"font-family: arial,helvetica,sans-serif; font-size: 12pt;\">\u010cesk\u00fd T\u011b\u0161\u00edn &#8211; \u010celadn\u00e1<\/span><\/td>\n<td width=\"216\"><span style=\"font-family: arial,helvetica,sans-serif; font-size: 12pt;\">\u0160enov &#8211; D\u011btmarovice<\/span><\/td>\n<\/tr>\n<tr>\n<td width=\"259\"><span style=\"font-family: arial,helvetica,sans-serif; font-size: 12pt;\"><strong>He\u0159manice &#8211; Kobe\u0159ice <\/strong><\/span><\/td>\n<td width=\"216\"><span style=\"font-family: arial,helvetica,sans-serif; font-size: 12pt;\">Slavia Orlov\u00e1 &#8211; Fren\u0161t\u00e1t p. R.<\/span><\/td>\n<\/tr>\n<tr>\n<td width=\"259\"><span style=\"font-family: arial,helvetica,sans-serif; font-size: 12pt;\">Slavia Orlov\u00e1 &#8211; D\u011btmarovice<\/span><\/td>\n<td width=\"216\"><span style=\"font-family: arial,helvetica,sans-serif; font-size: 12pt;\">\u010celadn\u00e1 &#8211; He\u0159manice<\/span><\/td>\n<\/tr>\n<tr>\n<td width=\"259\"><span style=\"font-family: arial,helvetica,sans-serif; font-size: 12pt;\">Krnov &#8211; Vendryn\u011b<\/span><\/td>\n<td width=\"216\"><span style=\"font-family: arial,helvetica,sans-serif; font-size: 12pt;\">Vendryn\u011b &#8211; \u010cesk\u00fd T\u011b\u0161\u00edn<\/span><\/td>\n<\/tr>\n<tr>\n<td width=\"259\"><span style=\"font-family: arial,helvetica,sans-serif; font-size: 12pt;\">Bohum\u00edn &#8211; SO Brunt\u00e1l<\/span><\/td>\n<td width=\"216\"><span style=\"font-family: arial,helvetica,sans-serif; font-size: 12pt;\"><strong>Kobe\u0159ice &#8211; Polanka <\/strong><\/span><\/td>\n<\/tr>\n<tr>\n<td width=\"259\"><span style=\"font-family: arial,helvetica,sans-serif; font-size: 12pt;\">Fren\u0161t\u00e1t p. R. &#8211; H\u00e1j ve Slezsku<\/span><\/td>\n<td width=\"216\"><span style=\"font-family: arial,helvetica,sans-serif; font-size: 12pt;\">SO Brunt\u00e1l &#8211; Krnov<\/span><\/td>\n<\/tr>\n<tr>\n<td width=\"259\"><span style=\"font-family: arial,helvetica,sans-serif; font-size: 12pt;\">Polanka &#8211; B\u0159idli\u010dn\u00e1<\/span><\/td>\n<td width=\"216\"><span style=\"font-family: arial,helvetica,sans-serif; font-size: 12pt;\">B\u00edlovec &#8211; B\u0159idli\u010dn\u00e1<\/span><\/td>\n<\/tr>\n<\/tbody>\n<\/table>\n<p style=\"text-align: justify;\"><span style=\"font-family: arial,helvetica,sans-serif; font-size: 12pt;\">[\/cs_toggle]<\/span><\/p>\n<p style=\"text-align: justify;\">\n<p style=\"text-align: justify;\"><span style=\"font-size: 12pt; font-family: arial,helvetica,sans-serif;\"><strong>Mu\u017ei \u201eB\u201c hraj\u00ed doma s\u00a0Mal\u00fdmi Ho\u0161ticemi <\/strong><\/span><\/p>\n<p style=\"text-align: justify;\"><span style=\"font-family: arial,helvetica,sans-serif; font-size: 12pt;\">Po skv\u011bl\u00e9m v\u00edt\u011bzstv\u00ed ve V\u00e1vrovic\u00edch se p\u0159edstav\u00ed na\u0161i mu\u017ei \u201eB\u201c v\u00a0dom\u00e1c\u00edm prost\u0159ed\u00ed, kde p\u0159iv\u00edtaj\u00ed celek Mal\u00fdch Ho\u0161tic, kter\u00fd je v\u00a0pomysln\u00e9 tabulce po 1. kole na 3. m\u00edst\u011b po v\u00edt\u011bzstv\u00ed s\u00a0Litultovicemi 4:0. Na\u0161i nastupuj\u00ed do utk\u00e1n\u00ed po v\u00edt\u011bzstv\u00ed ve\u00a0 V\u00e1vrovic\u00edch a fanou\u0161ci na\u0161eho\u00a0 \u201eB\u201c mu\u017estva budou jist\u011b zv\u011bdav\u00ed, zda na\u0161i fotbalist\u00e9 v\u00edt\u011bzstv\u00ed potvrd\u00ed<strong>. Utk\u00e1n\u00ed okresn\u00edho p\u0159eboru Kobe\u0159ice \u201eB\u201c \u2013 Mal\u00e9 Ho\u0161tice se bude hr\u00e1t v\u00a0sobotu 20. srpna od 17:00 hodin na na\u0161em h\u0159i\u0161ti. Zveme v\u0161echny p\u0159\u00edznivce na\u0161\u00ed \u201edvojky\u201c<\/strong><\/span><\/p>\n<p style=\"text-align: justify;\"><span style=\"font-family: arial,helvetica,sans-serif; font-size: 12pt;\">[cs_toggle column_size=&#8220;1\/1&#8243; cs_toggle_section_title=&#8220;Program okresn\u00edho p\u0159eboru&#8220; cs_toggle_title=&#8220;Program okresn\u00edho p\u0159eboru &#8211; klikni&#8220; =&#8220;null&#8220; cs_toggle_icon=&#8220;icon-calendar6&#8243; cs_toggle_state=&#8220;close&#8220; cs_toggle_custom_animation=&#8220;slideDown&#8220;]<\/span><\/p>\n<table width=\"592\">\n<tbody>\n<tr>\n<td width=\"309\"><span style=\"font-family: arial,helvetica,sans-serif; font-size: 12pt;\"><strong>Kobe\u0159ice &#8222;B&#8220; &#8211; Mal\u00e9 Ho\u0161tice <\/strong><\/span><\/td>\n<td width=\"283\"><span style=\"font-family: arial,helvetica,sans-serif; font-size: 12pt;\">Hradec nad Moravic\u00ed &#8211; Budi\u0161ov nad Budi\u0161ovkou<\/span><\/td>\n<\/tr>\n<tr>\n<td width=\"309\"><span style=\"font-family: arial,helvetica,sans-serif; font-size: 12pt;\">Pust\u00e1 Polom &#8222;B&#8220; &#8211; St\u011bbo\u0159ice<\/span><\/td>\n<td width=\"283\"><span style=\"font-family: arial,helvetica,sans-serif; font-size: 12pt;\">Jakartovice &#8211; B\u011bl\u00e1<\/span><\/td>\n<\/tr>\n<tr>\n<td width=\"309\"><span style=\"font-family: arial,helvetica,sans-serif; font-size: 12pt;\">Slavia Opava &#8211; Budi\u0161ov nad Budi\u0161ovkou<\/span><\/td>\n<td width=\"283\"><span style=\"font-family: arial,helvetica,sans-serif; font-size: 12pt;\">St\u011bbo\u0159ice &#8211; Slavia Opava<\/span><\/td>\n<\/tr>\n<tr>\n<td width=\"309\"><span style=\"font-family: arial,helvetica,sans-serif; font-size: 12pt;\">B\u011bl\u00e1 &#8211; V\u0159esina<\/span><\/td>\n<td width=\"283\"><span style=\"font-family: arial,helvetica,sans-serif; font-size: 12pt;\">Mal\u00e9 Ho\u0161tice &#8211; Hlavnice<\/span><\/td>\n<\/tr>\n<tr>\n<td width=\"309\"><span style=\"font-family: arial,helvetica,sans-serif; font-size: 12pt;\">Hn\u011bvo\u0161ice &#8211; Jakartovice<\/span><\/td>\n<td width=\"283\"><span style=\"font-family: arial,helvetica,sans-serif; font-size: 12pt;\">V\u0159esina &#8211; Pust\u00e1 Polom &#8222;B&#8220;<\/span><\/td>\n<\/tr>\n<tr>\n<td width=\"309\"><span style=\"font-family: arial,helvetica,sans-serif; font-size: 12pt;\">Hlavnice &#8211; V\u00e1vrovice<\/span><\/td>\n<td width=\"283\"><span style=\"font-family: arial,helvetica,sans-serif; font-size: 12pt;\"><strong>Litultovice &#8211; Kobe\u0159ice &#8222;B&#8220; <\/strong><\/span><\/td>\n<\/tr>\n<tr>\n<td width=\"309\"><span style=\"font-family: arial,helvetica,sans-serif; font-size: 12pt;\">Litultovice &#8211; Hradec nad Moravic\u00ed<\/span><\/td>\n<td width=\"283\"><span style=\"font-family: arial,helvetica,sans-serif; font-size: 12pt;\">V\u00e1vrovice &#8211; Hn\u011bvo\u0161ice<\/span><\/td>\n<\/tr>\n<\/tbody>\n<\/table>\n<p style=\"text-align: justify;\"><span style=\"font-family: arial,helvetica,sans-serif; font-size: 12pt;\">[\/cs_toggle]<\/span><\/p>\n<p style=\"text-align: justify;\">\n<p style=\"text-align: justify;\"><span style=\"font-size: 12pt; font-family: arial,helvetica,sans-serif;\"><strong>Dorostenci za\u010d\u00ednaj\u00ed novou fotbalovou sez\u00f3nu utk\u00e1n\u00edm v\u00a0dom\u00e1c\u00edm prost\u0159ed\u00ed s\u00a0Vratimovem<\/strong><\/span><\/p>\n<p style=\"text-align: justify;\"><span style=\"font-family: arial,helvetica,sans-serif; font-size: 12pt;\">Novou fotbalovou sez\u00f3nu zah\u00e1j\u00ed na\u0161i dorostenci ji\u017e tuto st\u0159edu 17. Srpna, kdy se st\u0159etnou s\u00a0Vratimovem. V\u00a0minul\u00e9 fotbalov\u00e9 sez\u00f3n\u011b obsadil n\u00e1\u0161 prvn\u00ed soupe\u0159 7. m\u00edsto se ziskem 40 bod\u016f. Vyhr\u00e1l 12x, 4x remizoval a v\u00a0deseti utk\u00e1n\u00edch byl pora\u017een. Sv\u00fdm soupe\u0159\u016f vs\u00edtil 63 a obdr\u017eel 74 branek.<\/span><\/p>\n<p style=\"text-align: justify;\"><span style=\"font-family: arial,helvetica,sans-serif; font-size: 12pt;\">Na\u0161i dorostenci se v\u00a0minul\u00e9 sez\u00f3n\u011b um\u00edstili jako nov\u00e1\u010dek sout\u011b\u017ee na velmi p\u011bkn\u00e9m 2. m\u00edst\u011b. Z\u00edskali 52 bod\u016f, kdy\u017e vyhr\u00e1li 17 utk\u00e1n\u00ed, jednou remizovali a 8x byli pora\u017eeni. Soupe\u0159\u016fm vs\u00edtili 108 a obdr\u017eeli 42 branek. V\u00a0utk\u00e1n\u00ed s\u00a0Vratimovem jsme na podzim lo\u0148sk\u00e9ho roku doma remizovali 4:4 a v\u00a0odvet\u011b na ja\u0159e vyhr\u00e1li vysoko 12:0, kdy\u017e na\u0161e branky dali: Bolack\u00fd Tom\u00e1\u0161, Zaj\u00ed\u010dek Pavel 2, Kubn\u00fd Anton\u00edn 3, Stuchl\u00edk Radim, St\u0159\u00edbn\u00fd Martin, Oh\u0159\u00e1l Filip3, Peterek Filip. <strong>Utk\u00e1n\u00ed krajsk\u00e9 sout\u011b\u017ee Kobe\u0159ice &#8211; Vratimov se bude hr\u00e1t ve st\u0159edu 17. srpna od 17:30 hodin na na\u0161em h\u0159i\u0161ti. Zveme v\u0161echny p\u0159\u00edznivce na\u0161ich dorostenc\u016f. <\/strong><\/span><\/p>\n<p style=\"text-align: justify;\"><span style=\"font-family: arial,helvetica,sans-serif; font-size: 12pt;\">[cs_toggle column_size=&#8220;1\/1&#8243; cs_toggle_section_title=&#8220;Program krajsk\u00e9 sout\u011b\u017ee dorostu&#8220; cs_toggle_title=&#8220;Program krajsk\u00e9 sout\u011b\u017ee dorostu &#8211; klikni&#8220; =&#8220;null&#8220; cs_toggle_icon=&#8220;icon-calendar6&#8243; cs_toggle_state=&#8220;close&#8220; cs_toggle_custom_animation=&#8220;slideDown&#8220;]<\/span><\/p>\n<table width=\"592\">\n<tbody>\n<tr>\n<td width=\"309\"><span style=\"font-family: arial,helvetica,sans-serif; font-size: 12pt;\">Polanka &#8211; Svinov<\/span><\/td>\n<td width=\"283\"><span style=\"font-family: arial,helvetica,sans-serif; font-size: 12pt;\">Vratimov &#8211; Stud\u00e9nka<\/span><\/td>\n<\/tr>\n<tr>\n<td width=\"309\"><span style=\"font-family: arial,helvetica,sans-serif; font-size: 12pt;\">Fulnek &#8211; V\u00edtkov<\/span><\/td>\n<td width=\"283\"><span style=\"font-family: arial,helvetica,sans-serif; font-size: 12pt;\">Svinov &#8211; Klimkovice<\/span><\/td>\n<\/tr>\n<tr>\n<td width=\"309\"><span style=\"font-family: arial,helvetica,sans-serif; font-size: 12pt;\">Klimkovice &#8211; Horn\u00ed Bene\u0161ov<\/span><\/td>\n<td width=\"283\"><span style=\"font-family: arial,helvetica,sans-serif; font-size: 12pt;\">Vrbno pod Prad\u011bdem &#8211; Polanka<\/span><\/td>\n<\/tr>\n<tr>\n<td width=\"309\"><span style=\"font-family: arial,helvetica,sans-serif; font-size: 12pt;\">Stud\u00e9nka &#8211; M\u011bsto Albrechtice<\/span><\/td>\n<td width=\"283\"><span style=\"font-family: arial,helvetica,sans-serif; font-size: 12pt;\">M\u011bsto Albrechtice &#8211; Darkovi\u010dky<\/span><\/td>\n<\/tr>\n<tr>\n<td width=\"309\"><span style=\"font-family: arial,helvetica,sans-serif; font-size: 12pt;\">Darkovi\u010dky &#8211; Doln\u00ed Bene\u0161ov<\/span><\/td>\n<td width=\"283\"><span style=\"font-family: arial,helvetica,sans-serif; font-size: 12pt;\">V\u00edtkov &#8211; Hradec nad Moravic\u00ed<\/span><\/td>\n<\/tr>\n<tr>\n<td width=\"309\"><span style=\"font-family: arial,helvetica,sans-serif; font-size: 12pt;\">Hradec nad Moravic\u00ed &#8211; Vrbno pod Prad\u011bdem<\/span><\/td>\n<td width=\"283\"><span style=\"font-family: arial,helvetica,sans-serif; font-size: 12pt;\">Doln\u00ed Bene\u0161ov &#8211; Fulnek<\/span><\/td>\n<\/tr>\n<tr>\n<td width=\"309\"><span style=\"font-family: arial,helvetica,sans-serif; font-size: 12pt;\"><strong>Kobe\u0159ice &#8211; Vratimov <\/strong><\/span><\/td>\n<td width=\"283\"><span style=\"font-family: arial,helvetica,sans-serif; font-size: 12pt;\">Horn\u00ed Bene\u0161ov &#8211; R\u00fdma\u0159ov<\/span><\/td>\n<\/tr>\n<\/tbody>\n<\/table>\n<p style=\"text-align: justify;\"><span style=\"font-family: arial,helvetica,sans-serif; font-size: 12pt;\"><u>[\/cs_toggle]<\/u><strong><u><br \/>\n<\/u><\/strong><\/span><\/p>\n<p style=\"text-align: justify;\">\n<p style=\"text-align: justify;\"><span style=\"font-size: 12pt; font-family: arial,helvetica,sans-serif;\"><strong>Star\u0161\u00ed a mlad\u0161\u00ed \u017e\u00e1ci hraj\u00ed doma se Slavi\u00ed Opava <\/strong><\/span><\/p>\n<p style=\"text-align: justify;\"><span style=\"font-family: arial,helvetica,sans-serif; font-size: 12pt;\">Naplno se rozto\u010d\u00ed tak\u00e9 \u017e\u00e1kovsk\u00e9 sout\u011b\u017ee. Star\u0161\u00ed a mlad\u0161\u00ed \u017e\u00e1ci Kobe\u0159ic za\u010d\u00ednaj\u00ed doma se Slavi\u00ed Opava. Star\u0161\u00ed \u017e\u00e1ci Slavie Opava v minul\u00e9m ro\u010dn\u00edku obsadili 11. m\u00edsto s\u00a012 body p\u0159i sk\u00f3re 27:102. Vyhr\u00e1li 3x, 3x remizovali a v\u00a016 utk\u00e1n\u00edch byli pora\u017eeni.<\/span><\/p>\n<p style=\"text-align: justify;\"><span style=\"font-family: arial,helvetica,sans-serif; font-size: 12pt;\">Mlad\u0161\u00ed \u017e\u00e1ci tohoto celku obsadili 10. m\u00edsto p\u0159i sk\u00f3re 55:142 z\u00edskali 14 bod\u016f. Vyhr\u00e1li 4 utk\u00e1n\u00ed, 2x remizovali a stejn\u011b jako star\u0161\u00ed 16x prohr\u00e1li. <strong>Utk\u00e1n\u00ed star\u0161\u00edch a mlad\u0161\u00edch \u017e\u00e1k\u016f Kobe\u0159ice &#8211; Slavia Opava se bude hr\u00e1t v\u00a0sobotu 20. srpna od 13:15 star\u0161\u00ed a od 15:00 hodin mlad\u0161\u00ed \u017e\u00e1ci. <\/strong><\/span><\/p>\n<p style=\"text-align: justify;\"><span style=\"font-family: arial,helvetica,sans-serif; font-size: 12pt;\">[cs_toggle column_size=&#8220;1\/1&#8243; cs_toggle_section_title=&#8220;Program krajsk\u00e9 sout\u011b\u017ee \u017e\u00e1k\u016f&#8220; cs_toggle_title=&#8220;Program krajsk\u00e9 sout\u011b\u017ee \u017e\u00e1k\u016f\u00a0&#8211; klikni&#8220; =&#8220;null&#8220; cs_toggle_icon=&#8220;icon-calendar6&#8243; cs_toggle_state=&#8220;close&#8220; cs_toggle_custom_animation=&#8220;slideDown&#8220;]<\/span><\/p>\n<table width=\"653\">\n<tbody>\n<tr>\n<td width=\"332\"><span style=\"font-family: arial,helvetica,sans-serif; font-size: 12pt;\">B\u0159idli\u010dn\u00e1 &#8211; R\u00fdma\u0159ov<\/span><\/td>\n<td width=\"321\"><span style=\"font-family: arial,helvetica,sans-serif; font-size: 12pt;\">V\u0159esina &#8211; M\u011bsto Albrechtice<\/span><\/td>\n<\/tr>\n<tr>\n<td width=\"332\"><span style=\"font-family: arial,helvetica,sans-serif; font-size: 12pt;\">M\u011bsto Albrechtice &#8211; Vrbno<\/span><\/td>\n<td width=\"321\"><span style=\"font-family: arial,helvetica,sans-serif; font-size: 12pt;\">Slavia Opava &#8211; V\u00edtkov<\/span><\/td>\n<\/tr>\n<tr>\n<td width=\"332\"><span style=\"font-family: arial,helvetica,sans-serif; font-size: 12pt;\"><strong>Kobe\u0159ice &#8211; Slavia Opava <\/strong><\/span><\/td>\n<td width=\"321\"><span style=\"font-family: arial,helvetica,sans-serif; font-size: 12pt;\">Vrbno &#8211; B\u0159idli\u010dn\u00e1<\/span><\/td>\n<\/tr>\n<tr>\n<td width=\"332\"><span style=\"font-family: arial,helvetica,sans-serif; font-size: 12pt;\">Radu\u0148 &#8211; V\u0159esina<\/span><\/td>\n<td width=\"321\"><span style=\"font-family: arial,helvetica,sans-serif; font-size: 12pt;\"><strong>Budi\u0161ov nad Budi\u0161ovkou &#8211; Kobe\u0159ice <\/strong><\/span><\/td>\n<\/tr>\n<tr>\n<td width=\"332\"><span style=\"font-family: arial,helvetica,sans-serif; font-size: 12pt;\">Budi\u0161ov nad Budi\u0161ovkou &#8211; Doln\u00ed Bene\u0161ov<\/span><\/td>\n<td width=\"321\"><span style=\"font-family: arial,helvetica,sans-serif; font-size: 12pt;\">Doln\u00ed Bene\u0161ov &#8211; R\u00fdma\u0159ov<\/span><\/td>\n<\/tr>\n<\/tbody>\n<\/table>\n<p style=\"text-align: justify;\"><span style=\"font-family: arial,helvetica,sans-serif; font-size: 12pt;\">[\/cs_toggle]<\/span><\/p>\n","protected":false},"excerpt":{"rendered":"<p>Mu\u017ei \u201eA\u201c jedou k\u00a0dal\u0161\u00edmu mistrovsk\u00e9mu utk\u00e1n\u00ed do\u00a0He\u0159manic Po utk\u00e1n\u00ed s\u00a0\u010cesk\u00fdm T\u011b\u0161\u00ednem budou na\u0161i fotbalist\u00e9 \u201eA\u201c mu\u017estva hr\u00e1t venku, kde se st\u0159etnou s\u00a0celkem He\u0159manic, kter\u00fd je na<span class=\"excerpt-hellip\"> [\u2026]<\/span><\/p>\n","protected":false},"author":1,"featured_media":1883,"comment_status":"closed","ping_status":"open","sticky":false,"template":"","format":"standard","meta":{"ngg_post_thumbnail":0,"footnotes":""},"categories":[115,112,110,107,117,103,111,102],"tags":[],"class_list":["post-2656","post","type-post","status-publish","format-standard","has-post-thumbnail","hentry","category-a-tym","category-b-tym","category-dorost","category-fotbal","category-mladsi-zaci","category-pozvanky","category-starsi-zaci","category-zapasy"],"_links":{"self":[{"href":"https:\/\/tjsokolkoberice.cz\/index.php?rest_route=\/wp\/v2\/posts\/2656","targetHints":{"allow":["GET"]}}],"collection":[{"href":"https:\/\/tjsokolkoberice.cz\/index.php?rest_route=\/wp\/v2\/posts"}],"about":[{"href":"https:\/\/tjsokolkoberice.cz\/index.php?rest_route=\/wp\/v2\/types\/post"}],"author":[{"embeddable":true,"href":"https:\/\/tjsokolkoberice.cz\/index.php?rest_route=\/wp\/v2\/users\/1"}],"replies":[{"embeddable":true,"href":"https:\/\/tjsokolkoberice.cz\/index.php?rest_route=%2Fwp%2Fv2%2Fcomments&post=2656"}],"version-history":[{"count":11,"href":"https:\/\/tjsokolkoberice.cz\/index.php?rest_route=\/wp\/v2\/posts\/2656\/revisions"}],"predecessor-version":[{"id":2680,"href":"https:\/\/tjsokolkoberice.cz\/index.php?rest_route=\/wp\/v2\/posts\/2656\/revisions\/2680"}],"wp:featuredmedia":[{"embeddable":true,"href":"https:\/\/tjsokolkoberice.cz\/index.php?rest_route=\/wp\/v2\/media\/1883"}],"wp:attachment":[{"href":"https:\/\/tjsokolkoberice.cz\/index.php?rest_route=%2Fwp%2Fv2%2Fmedia&parent=2656"}],"wp:term":[{"taxonomy":"category","embeddable":true,"href":"https:\/\/tjsokolkoberice.cz\/index.php?rest_route=%2Fwp%2Fv2%2Fcategories&post=2656"},{"taxonomy":"post_tag","embeddable":true,"href":"https:\/\/tjsokolkoberice.cz\/index.php?rest_route=%2Fwp%2Fv2%2Ftags&post=2656"}],"curies":[{"name":"wp","href":"https:\/\/api.w.org\/{rel}","templated":true}]}}