{"id":2754,"date":"2016-09-02T16:16:22","date_gmt":"2016-09-02T15:16:22","guid":{"rendered":"https:\/\/tjsokolkoberice.cz\/?p=2754"},"modified":"2025-10-14T11:57:39","modified_gmt":"2025-10-14T10:57:39","slug":"obe-domaci-utkani-muzi-a-prohraly","status":"publish","type":"post","link":"https:\/\/tjsokolkoberice.cz\/?p=2754","title":{"rendered":"Ob\u011b dom\u00e1c\u00ed utk\u00e1n\u00ed mu\u017ei \u201eA\u201c prohr\u00e1li"},"content":{"rendered":"<p style=\"text-align: justify;\"><span style=\"font-family: arial,helvetica,sans-serif; font-size: 12pt;\">Hr\u00e1\u010di na\u0161eho \u201eA\u201c mu\u017estva absolvovali v\u00a0uplynul\u00fdch dnech dv\u011b dom\u00e1c\u00ed utk\u00e1n\u00ed v\u00a0rozmez\u00ed t\u0159\u00ed dn\u016f. Bohu\u017eel se jim nepoda\u0159ilo ani v\u00a0jednom z\u00a0nich bodovat a po p\u011bti kolech jsou na posledn\u00ed p\u0159\u00ed\u010dce krajsk\u00e9ho p\u0159eboru.<\/span><\/p>\n<p style=\"text-align: justify;\"><span style=\"font-family: arial,helvetica,sans-serif; font-size: 12pt;\"><strong>\u00a0<\/strong><\/span><\/p>\n<p style=\"text-align: justify;\"><span style=\"font-family: arial,helvetica,sans-serif; font-size: 12pt;\"><strong>TJ Sokol Kobe\u0159ice &#8211; FK SK Polanka 2:3 (2:0)<\/strong><\/span><\/p>\n<p style=\"text-align: justify;\"><span style=\"font-family: arial,helvetica,sans-serif; font-size: 12pt;\">Bez n\u011bkolika opor a zku\u0161en\u00fdch hr\u00e1\u010d\u016f nastoupili na\u0161i hr\u00e1\u010di do d\u016fle\u017eit\u00e9ho utk\u00e1n\u00ed s\u00a0Polankou. V\u00a0prvn\u00ed p\u016fli jsme to p\u011bkn\u011b rozjeli a prvn\u00ed branku vs\u00edtili ji\u017e ve 13. minut\u011b, kdy autorem byl navr\u00e1tilec z\u00a0Doln\u00edho Bene\u0161ova Oberherr Jan. Ve 20. minut\u011b jsme zvy\u0161ovali \u0160ime\u010dkem na 2:0 a zd\u00e1lo se, \u017ee utk\u00e1n\u00ed dovedeme do v\u00edt\u011bzn\u00e9ho konce, nebo\u0165 jsme m\u011bli dal\u0161\u00ed velk\u00e9 p\u0159\u00edle\u017eitosti k\u00a0nav\u00fd\u0161en\u00ed sk\u00f3re.<\/span><\/p>\n<p style=\"text-align: justify;\"><span style=\"font-family: arial,helvetica,sans-serif; font-size: 12pt;\">Na\u0161i hr\u00e1\u010di v\u0161ak jakoby zapomn\u011bli, \u017ee fotbal se hraje 90. minut. Do druh\u00e9ho polo\u010dasu nastoupilo jakoby vym\u011bn\u011bn\u00e9 mu\u017estvo. Na\u0161i kluci p\u0159estali hr\u00e1t, hr\u00e1\u010di Polanky to vyc\u00edtili a za\u010dali na\u0161e kluky p\u0159ehr\u00e1vat. Nejen\u017ee srovnali pro n\u011b nep\u0159\u00edzniv\u00fd stav, ale dokonce dok\u00e1zali vyhr\u00e1t a to d\u00edky na\u0161\u00ed vlastn\u00ed brance z\u00a083. minuty.<\/span><\/p>\n<p style=\"text-align: justify;\"><span style=\"font-family: arial,helvetica,sans-serif; font-size: 12pt;\"><strong>\u00a0<\/strong><\/span><\/p>\n<p style=\"text-align: justify;\"><span style=\"font-family: arial,helvetica,sans-serif; font-size: 12pt;\"><strong><u>Sestava na\u0161eho celku:<\/u><\/strong><\/span><\/p>\n<p style=\"text-align: justify;\"><span style=\"font-family: arial,helvetica,sans-serif; font-size: 12pt;\">Hluchn\u00edk \u2013 \u0160ime\u010dek Adam, Pavl\u00ed\u010dek Luk\u00e1\u0161, Wirth Ren\u00e9, Ja\u0161ek Tom\u00e1\u0161, Schreier Jan, Stuchl\u00edk Petr, Bo\u010dek Daniel, Kry\u0161tof Zden\u011bk, Oberherr Jan, Hartmann Radek<\/span><\/p>\n<p style=\"text-align: justify;\"><span style=\"font-family: arial,helvetica,sans-serif; font-size: 12pt;\"><strong><u>St\u0159\u00eddali:<\/u><\/strong> Oberherr Adam a \u010cujek Jan<\/span><\/p>\n<p style=\"text-align: justify;\"><span style=\"font-family: arial,helvetica,sans-serif; font-size: 12pt;\">[cs_toggle column_size=&#8220;1\/1&#8243; cs_toggle_section_title=&#8220;V\u00fdsledky 4. kola krajsk\u00e9ho p\u0159eboru&#8220; cs_toggle_title=&#8220;V\u00fdsledky 4. kola krajsk\u00e9ho p\u0159eboru &#8211; klikni&#8220; =&#8220;null&#8220; cs_toggle_icon=&#8220;icon-calendar6&#8243; cs_toggle_state=&#8220;close&#8220; cs_toggle_custom_animation=&#8220;slideDown&#8220;]<br \/>\n<\/span><\/p>\n<p style=\"text-align: justify;\"><span style=\"font-family: arial,helvetica,sans-serif; font-size: 12pt; color: #333399;\"><strong>Kobe\u0159ice &#8211; Polanka 2:3 (2:0)\u00a0 <\/strong><\/span><\/p>\n<p style=\"text-align: justify;\"><span style=\"font-family: arial,helvetica,sans-serif; font-size: 12pt; color: #333399;\"><a style=\"color: #333399;\" href=\"https:\/\/souteze.fotbal.cz\/zapasy\/zapas\/92da2ceb-29d2-47d8-a357-631dc25ab14a\">SO Brunt\u00e1l <strong>&#8211; <\/strong>Krnov <strong>0:0<\/strong><strong> (0:0) <\/strong><\/a><\/span><\/p>\n<p style=\"text-align: justify;\"><span style=\"font-family: arial,helvetica,sans-serif; font-size: 12pt; color: #333399;\"><a style=\"color: #333399;\" href=\"https:\/\/souteze.fotbal.cz\/zapasy\/zapas\/0a03ae26-4ed6-40c1-810d-2df5074b0fe4\">B\u00edlovec<strong> &#8211; <\/strong>B\u0159idli\u010dn\u00e1 <strong>0:1<\/strong><strong> (0:0)<\/strong><\/a><\/span><\/p>\n<p style=\"text-align: justify;\"><span style=\"font-family: arial,helvetica,sans-serif; font-size: 12pt; color: #333399;\"><a style=\"color: #333399;\" href=\"https:\/\/souteze.fotbal.cz\/zapasy\/zapas\/8e4c5ab0-0d6e-4a30-88b7-a9df10902bc2\">\u0160enov<strong> &#8211; <\/strong>D\u011btmarovice <strong>0:1<\/strong><strong> (0:0)<\/strong><\/a><\/span><\/p>\n<p style=\"text-align: justify;\"><span style=\"font-family: arial,helvetica,sans-serif; font-size: 12pt; color: #333399;\"><a style=\"color: #333399;\" href=\"https:\/\/souteze.fotbal.cz\/zapasy\/zapas\/13da8232-7adb-4636-b5b5-bda1993e81f5\">Slavia Orlov\u00e1 <strong>&#8211; <\/strong>Fren\u0161t\u00e1t p. R. <strong>2:1<\/strong><strong> (0:0) <\/strong><\/a><\/span><\/p>\n<p style=\"text-align: justify;\"><span style=\"font-family: arial,helvetica,sans-serif; font-size: 12pt; color: #333399;\"><a style=\"color: #333399;\" href=\"https:\/\/souteze.fotbal.cz\/zapasy\/zapas\/09fc360a-a826-47a4-a78a-7ef0fd595a76\">H\u00e1j ve Slezsku<strong> &#8211; <\/strong>Bohum\u00edn <strong>1:2<\/strong><strong> (0:1)<\/strong><\/a><\/span><\/p>\n<p style=\"text-align: justify;\"><span style=\"font-family: arial,helvetica,sans-serif; font-size: 12pt; color: #333399;\"><a style=\"color: #333399;\" href=\"https:\/\/souteze.fotbal.cz\/zapasy\/zapas\/ede19f2b-8386-4223-a0af-46cd5f595a6c\">Vendryn\u011b<strong> &#8211; <\/strong>\u010cesk\u00fd T\u011b\u0161\u00edn <strong>0:3<\/strong><strong> (0:1)<\/strong><\/a><\/span><\/p>\n<p style=\"text-align: justify;\"><span style=\"font-family: arial,helvetica,sans-serif; font-size: 12pt;\"><a href=\"https:\/\/souteze.fotbal.cz\/zapasy\/zapas\/3f5e6888-2b16-406d-8261-aa8ae21e3973\"><span style=\"color: #333399;\">\u010celadn\u00e1<strong> &#8211; <\/strong>He\u0159manice <strong>1:3<\/strong><\/span><strong><span style=\"color: #333399;\"> (0:2)<\/span> <\/strong><\/a><\/span><\/p>\n<p style=\"text-align: justify;\">[\/cs_toggle]<\/p>\n<p style=\"text-align: justify;\"><span style=\"font-family: arial,helvetica,sans-serif; font-size: 12pt;\"><strong>TJ Sokol Kobe\u0159ice &#8211; FK Bospor Bohum\u00edn 0:2 (0:0)<\/strong><\/span><\/p>\n<p style=\"text-align: justify;\"><span style=\"font-family: arial,helvetica,sans-serif; font-size: 12pt;\">V\u00a0p\u0159edehr\u00e1vce 15. kola krajsk\u00e9ho p\u0159eboru jsme ve st\u0159edu hostili na dom\u00e1c\u00edm h\u0159i\u0161ti celek Bohum\u00edna. Ten k\u00a0n\u00e1m p\u0159ijel jako t\u0159et\u00ed t\u00fdm pr\u016fb\u011b\u017en\u00e9 tabulky, tak\u017ee byl v\u00a0utk\u00e1n\u00ed velk\u00fd favorit. Na\u0161i hr\u00e1\u010di dr\u017eeli krok s\u00a0favorizovan\u00fdm celkem t\u00e9m\u011b\u0159 80. minut. Za tu dobu si soupe\u0159 nevypracoval \u010distou g\u00f3lovou \u0161anci. To sam\u00e9 v\u0161ak plat\u00ed i pro na\u0161e hr\u00e1\u010de, i kdy\u017e hlavi\u010dka Pavl\u00ed\u010dka ze 75. minuty po rohu skon\u010dila na ty\u010di a z\u00a0n\u00e1sledn\u00e9ho z\u00e1varu ji\u017e nic v\u00e1\u017en\u00e9ho nebylo. Slibn\u00fd nerozhodn\u00fd v\u00fdsledek jsme udr\u017eovali a\u017e do 79. minuty, kdy n\u00e1m po nen\u00e1padn\u00e9 akci vs\u00edtil branku st\u0159\u00eddaj\u00edc\u00ed Jatagandzidis. Od t\u00e9to chv\u00edle jsme se sice sna\u017eili vyrovnat nep\u0159\u00edzniv\u00fd stav, ale dal\u0161\u00ed st\u0159\u00eddaj\u00edc\u00ed hr\u00e1\u010d \u0160i\u0161ka, kter\u00fd p\u0159i\u0161el na h\u0159i\u0161t\u011b a\u017e v\u00a082. minut\u011b, n\u00e1m dal rozhoduj\u00edc\u00ed branku st\u0159elou um\u00edst\u011bnou k\u00a0ty\u010di Hluchn\u00edkovy svatyn\u011b. Na\u0161i hr\u00e1\u010di jsou tak nad\u00e1le na posledn\u00ed p\u0159\u00ed\u010dce tabulky krajsk\u00e9ho p\u0159eboru se ziskem 3 bod\u016f za \u00favodn\u00ed v\u00edt\u011bzstv\u00ed v\u00a0Krnov\u011b.<\/span><\/p>\n<p style=\"text-align: justify;\"><span style=\"font-family: arial,helvetica,sans-serif; font-size: 12pt;\"><strong><u>Sestava na\u0161eho celku :<\/u><\/strong><\/span><\/p>\n<p style=\"text-align: justify;\"><span style=\"font-family: arial,helvetica,sans-serif; font-size: 12pt;\">Hluchn\u00edk \u2013 \u0160ime\u010dek Adam, Pavl\u00ed\u010dek Luk\u00e1\u0161, Wirth Ren\u00e9, Ja\u0161ek Tom\u00e1\u0161, Schreier Jan, Stuchl\u00edk Petr, Bo\u010dek Daniel, Kry\u0161tof Zden\u011bk, Oberherr Jan, Hartmann Radek (21. Stuchl\u00edk Radim)<\/span><\/p>\n<p style=\"text-align: justify;\">[cs_toggle column_size=&#8220;1\/2&#8243; cs_toggle_section_title=&#8220;V\u00fdsledky 5. kola krajsk\u00e9ho p\u0159eboru&#8220; cs_toggle_title=&#8220;V\u00fdsledky 5. kola krajsk\u00e9ho p\u0159eboru &#8211; klikni&#8220; =&#8220;null&#8220; cs_toggle_icon=&#8220;icon-calendar6&#8243; cs_toggle_state=&#8220;close&#8220; cs_toggle_custom_animation=&#8220;slideDown&#8220;]<\/p>\n<p style=\"text-align: justify;\"><span style=\"font-family: arial,helvetica,sans-serif; font-size: 12pt; color: #333399;\"><a style=\"color: #333399;\" href=\"https:\/\/souteze.fotbal.cz\/zapasy\/zapas\/bd2fe8b5-58f2-4673-96f0-819e17c92efe\">Kobe\u0159ice &#8211; Bohum\u00edn <strong>0:2<\/strong> (0:0)<\/a><\/span><\/p>\n<p style=\"text-align: justify;\"><span style=\"font-family: arial,helvetica,sans-serif; font-size: 12pt; color: #333399;\"><a style=\"color: #333399;\" href=\"https:\/\/souteze.fotbal.cz\/zapasy\/zapas\/23e455c3-ce88-4ff4-a2bb-7a5c631597d0\">Polanka<strong> &#8211; <\/strong>\u010cesk\u00fd T\u011b\u0161\u00edn <strong>1:1<\/strong><strong> (0:0)<\/strong><\/a><\/span><\/p>\n<p style=\"text-align: justify;\"><span style=\"font-family: arial,helvetica,sans-serif; font-size: 12pt; color: #333399;\"><a style=\"color: #333399;\" href=\"https:\/\/souteze.fotbal.cz\/zapasy\/zapas\/a9f4628a-c2f2-4498-9c2d-bf90bfa96f74\">\u010celadn\u00e1<strong> &#8211; <\/strong>Fren\u0161t\u00e1t p. R. <strong>5:4<\/strong><strong> (3:2) <\/strong><\/a><\/span><\/p>\n<p style=\"text-align: justify;\"><span style=\"font-family: arial,helvetica,sans-serif; font-size: 12pt; color: #333399;\"><a style=\"color: #333399;\" href=\"https:\/\/souteze.fotbal.cz\/zapasy\/zapas\/4da328e4-8ee2-4acf-8995-21c04967b484\">SO Brunt\u00e1l <strong>&#8211; <\/strong>\u0160enov <strong>6:3<\/strong><strong> (4:2)<\/strong><\/a><\/span><\/p>\n<p style=\"text-align: justify;\"><span style=\"font-family: arial,helvetica,sans-serif; font-size: 12pt; color: #333399;\"><a style=\"color: #333399;\" href=\"https:\/\/souteze.fotbal.cz\/zapasy\/zapas\/3e9c3be2-07b8-4cdc-8460-11cda6d21d46\">Vendryn\u011b<strong> &#8211; <\/strong>D\u011btmarovice <strong>0:1<\/strong><strong> (0:1)<\/strong><\/a><\/span><\/p>\n<p style=\"text-align: justify;\"><span style=\"font-family: arial,helvetica,sans-serif; font-size: 12pt; color: #333399;\"><a style=\"color: #333399;\" href=\"https:\/\/souteze.fotbal.cz\/zapasy\/zapas\/8039de66-8f83-4836-a6a7-b029af4fc516\">He\u0159manice<strong> &#8211; <\/strong>B\u00edlovec <strong>5:1<\/strong><strong> (3:1)<\/strong><\/a><\/span><\/p>\n<p style=\"text-align: justify;\"><span style=\"font-family: arial,helvetica,sans-serif; font-size: 12pt; color: #333399;\"><a style=\"color: #333399;\" href=\"https:\/\/souteze.fotbal.cz\/zapasy\/zapas\/b8bd86d5-d813-4e5e-87b6-c69cd8905714\">B\u0159idli\u010dn\u00e1<strong> &#8211; <\/strong>Krnov <strong>3:3<\/strong><strong> (2:1)<\/strong><\/a><\/span><\/p>\n<p style=\"text-align: justify;\"><span style=\"font-family: arial,helvetica,sans-serif; font-size: 12pt; color: #333399;\"><a style=\"color: #333399;\" href=\"https:\/\/souteze.fotbal.cz\/zapasy\/zapas\/92da2ceb-29d2-47d8-a357-631dc25ab14a\">SO Brunt\u00e1l <strong>&#8211; <\/strong>Krnov <strong>0:0<\/strong><strong> (0:0)<\/strong> <\/a><\/span><\/p>\n<p style=\"text-align: justify;\">[\/cs_toggle][cs_toggle column_size=&#8220;1\/2&#8243; cs_toggle_section_title=&#8220;Tabulka 5. kolo&#8220; cs_toggle_title=&#8220;Tabulka 5. kolo &#8211; klikni&#8220; =&#8220;null&#8220; cs_toggle_icon=&#8220;icon-calendar6&#8243; cs_toggle_state=&#8220;close&#8220; cs_toggle_custom_animation=&#8220;slideDown&#8220;]<\/p>\n<table>\n<tbody>\n<tr>\n<td>1.<\/td>\n<td>He\u0159manice<\/td>\n<td>5<\/td>\n<td>4<\/td>\n<td>0<\/td>\n<td>1<\/td>\n<td>22:5<\/td>\n<td>12<\/td>\n<\/tr>\n<tr>\n<td>2.<\/td>\n<td>Bohum\u00edn<\/td>\n<td>5<\/td>\n<td>4<\/td>\n<td>0<\/td>\n<td>1<\/td>\n<td>12:8<\/td>\n<td>12<\/td>\n<\/tr>\n<tr>\n<td>3.<\/td>\n<td>D\u011btmarovice<\/td>\n<td>5<\/td>\n<td>4<\/td>\n<td>0<\/td>\n<td>1<\/td>\n<td>8:4<\/td>\n<td>12<\/td>\n<\/tr>\n<tr>\n<td>4.<\/td>\n<td>\u010celadn\u00e1<\/td>\n<td>5<\/td>\n<td>3<\/td>\n<td>0<\/td>\n<td>2<\/td>\n<td>12:9<\/td>\n<td>9<\/td>\n<\/tr>\n<tr>\n<td>5.<\/td>\n<td>B\u0159idli\u010dn\u00e1<\/td>\n<td>5<\/td>\n<td>2<\/td>\n<td>3<\/td>\n<td>0<\/td>\n<td>9:7<\/td>\n<td>9<\/td>\n<\/tr>\n<tr>\n<td>6.<\/td>\n<td>\u010cesk\u00fd T\u011b\u0161\u00edn<\/td>\n<td>5<\/td>\n<td>2<\/td>\n<td>2<\/td>\n<td>1<\/td>\n<td>8:6<\/td>\n<td>8<\/td>\n<\/tr>\n<tr>\n<td>7.<\/td>\n<td>SO Brunt\u00e1l<\/td>\n<td>5<\/td>\n<td>2<\/td>\n<td>1<\/td>\n<td>2<\/td>\n<td>11:10<\/td>\n<td>7<\/td>\n<\/tr>\n<tr>\n<td>8.<\/td>\n<td>Polanka<\/td>\n<td>5<\/td>\n<td>1<\/td>\n<td>3<\/td>\n<td>1<\/td>\n<td>7:10<\/td>\n<td>6<\/td>\n<\/tr>\n<tr>\n<td>9.<\/td>\n<td>B\u00edlovec<\/td>\n<td>5<\/td>\n<td>1<\/td>\n<td>2<\/td>\n<td>2<\/td>\n<td>9:9<\/td>\n<td>5<\/td>\n<\/tr>\n<tr>\n<td>10.<\/td>\n<td>Krnov<\/td>\n<td>5<\/td>\n<td>1<\/td>\n<td>2<\/td>\n<td>2<\/td>\n<td>6:7<\/td>\n<td>5<\/td>\n<\/tr>\n<tr>\n<td>11.<\/td>\n<td>Slavia Orlov\u00e1<\/td>\n<td>4<\/td>\n<td>1<\/td>\n<td>2<\/td>\n<td>1<\/td>\n<td>5:6<\/td>\n<td>5<\/td>\n<\/tr>\n<tr>\n<td>12.<\/td>\n<td>Fren\u0161t\u00e1t p. R.<\/td>\n<td>5<\/td>\n<td>1<\/td>\n<td>1<\/td>\n<td>3<\/td>\n<td>10:11<\/td>\n<td>4<\/td>\n<\/tr>\n<tr>\n<td>13.<\/td>\n<td>Vendryn\u011b<\/td>\n<td>5<\/td>\n<td>1<\/td>\n<td>1<\/td>\n<td>3<\/td>\n<td>7:12<\/td>\n<td>4<\/td>\n<\/tr>\n<tr>\n<td>14.<\/td>\n<td>\u0160enov<\/td>\n<td>5<\/td>\n<td>1<\/td>\n<td>1<\/td>\n<td>3<\/td>\n<td>8:16<\/td>\n<td>4<\/td>\n<\/tr>\n<tr>\n<td>15.<\/td>\n<td>H\u00e1j ve Slezsku<\/td>\n<td>4<\/td>\n<td>1<\/td>\n<td>0<\/td>\n<td>3<\/td>\n<td>4:7<\/td>\n<td>3<\/td>\n<\/tr>\n<tr>\n<td><strong>16.<\/strong><\/td>\n<td><strong>Kobe\u0159ice<\/strong><\/td>\n<td><strong>5<\/strong><\/td>\n<td><strong>1<\/strong><\/td>\n<td><strong>0<\/strong><\/td>\n<td><strong>4<\/strong><\/td>\n<td><strong>4:15<\/strong><\/td>\n<td><strong>3<\/strong><\/td>\n<\/tr>\n<\/tbody>\n<\/table>\n<p>[\/cs_toggle]<\/p>\n","protected":false},"excerpt":{"rendered":"<p>Hr\u00e1\u010di na\u0161eho \u201eA\u201c mu\u017estva absolvovali v\u00a0uplynul\u00fdch dnech dv\u011b dom\u00e1c\u00ed utk\u00e1n\u00ed v\u00a0rozmez\u00ed t\u0159\u00ed dn\u016f. Bohu\u017eel se jim nepoda\u0159ilo ani v\u00a0jednom z\u00a0nich bodovat a po p\u011bti kolech jsou<span class=\"excerpt-hellip\"> [\u2026]<\/span><\/p>\n","protected":false},"author":3,"featured_media":1720,"comment_status":"closed","ping_status":"open","sticky":false,"template":"","format":"standard","meta":{"ngg_post_thumbnail":0,"footnotes":""},"categories":[115,107,104,102],"tags":[],"class_list":["post-2754","post","type-post","status-publish","format-standard","has-post-thumbnail","hentry","category-a-tym","category-fotbal","category-vysledky","category-zapasy"],"_links":{"self":[{"href":"https:\/\/tjsokolkoberice.cz\/index.php?rest_route=\/wp\/v2\/posts\/2754","targetHints":{"allow":["GET"]}}],"collection":[{"href":"https:\/\/tjsokolkoberice.cz\/index.php?rest_route=\/wp\/v2\/posts"}],"about":[{"href":"https:\/\/tjsokolkoberice.cz\/index.php?rest_route=\/wp\/v2\/types\/post"}],"author":[{"embeddable":true,"href":"https:\/\/tjsokolkoberice.cz\/index.php?rest_route=\/wp\/v2\/users\/3"}],"replies":[{"embeddable":true,"href":"https:\/\/tjsokolkoberice.cz\/index.php?rest_route=%2Fwp%2Fv2%2Fcomments&post=2754"}],"version-history":[{"count":6,"href":"https:\/\/tjsokolkoberice.cz\/index.php?rest_route=\/wp\/v2\/posts\/2754\/revisions"}],"predecessor-version":[{"id":2775,"href":"https:\/\/tjsokolkoberice.cz\/index.php?rest_route=\/wp\/v2\/posts\/2754\/revisions\/2775"}],"wp:featuredmedia":[{"embeddable":true,"href":"https:\/\/tjsokolkoberice.cz\/index.php?rest_route=\/wp\/v2\/media\/1720"}],"wp:attachment":[{"href":"https:\/\/tjsokolkoberice.cz\/index.php?rest_route=%2Fwp%2Fv2%2Fmedia&parent=2754"}],"wp:term":[{"taxonomy":"category","embeddable":true,"href":"https:\/\/tjsokolkoberice.cz\/index.php?rest_route=%2Fwp%2Fv2%2Fcategories&post=2754"},{"taxonomy":"post_tag","embeddable":true,"href":"https:\/\/tjsokolkoberice.cz\/index.php?rest_route=%2Fwp%2Fv2%2Ftags&post=2754"}],"curies":[{"name":"wp","href":"https:\/\/api.w.org\/{rel}","templated":true}]}}