{"id":2787,"date":"2016-09-08T15:05:24","date_gmt":"2016-09-08T14:05:24","guid":{"rendered":"https:\/\/tjsokolkoberice.cz\/?p=2787"},"modified":"2025-10-14T11:57:28","modified_gmt":"2025-10-14T10:57:28","slug":"vikendovy-program-nasich-muzstev-10","status":"publish","type":"post","link":"https:\/\/tjsokolkoberice.cz\/?p=2787","title":{"rendered":"V\u00edkendov\u00fd program na\u0161ich mu\u017estev"},"content":{"rendered":"<h1><span style=\"font-size: 14pt; font-family: arial,helvetica,sans-serif;\"><strong>Mu\u017ei\u201cA\u201c budou hr\u00e1t op\u011bt venku, tentokr\u00e1t se st\u0159etnou s B\u00edlovcem<\/strong><\/span><\/h1>\n<p><span style=\"font-size: 12pt; font-family: arial,helvetica,sans-serif;\">Po utk\u00e1n\u00ed v B\u0159idli\u010dn\u00e9 budou na\u0161i hr\u00e1\u010di \u201eA\u201c mu\u017estva hr\u00e1t s\u00a0B\u00edlovcem, kter\u00fd je po \u0161esti utk\u00e1n\u00edch na 7. m\u00edst\u011b tabulky krajsk\u00e9ho p\u0159eboru. Jejich bilance je velmi vyrovnan\u00e1, kdy\u017e 2x vyhr\u00e1l, 2x remizoval a 2x okusil ho\u0159kost por\u00e1\u017eky. Do utk\u00e1n\u00ed s\u00a0n\u00e1mi jde po v\u00edt\u011bzstv\u00ed v\u00a0D\u011btmarovic\u00edch, kter\u00e9 p\u0159esv\u011bd\u010dil o sv\u00fdch kvalit\u00e1ch v\u00fdhrou 3:1. Celkov\u011b B\u00edlovec dal soupe\u0159\u016fm 12 a obdr\u017eel 10 branek.<\/span><\/p>\n<p><span style=\"font-size: 12pt; font-family: arial,helvetica,sans-serif;\">Na\u0161im hr\u00e1\u010d\u016fm se v\u00a0tomto ro\u010dn\u00edku neda\u0159\u00ed a jdou od por\u00e1\u017eky k\u00a0por\u00e1\u017ece, i kdy\u017e v\u00a0n\u011bkter\u00fdch utk\u00e1n\u00edch je n\u00e1\u0161 hern\u00ed projev velmi sna\u017eiv\u00fd. Jsme na posledn\u00edm m\u00edst\u011b tabulky krajsk\u00e9ho p\u0159eboru a pot\u0159ebovali bychom prolomit kone\u010dn\u011b fotbalov\u00e9 ne\u00fasp\u011bchy a v\u00a0n\u011bkter\u00fdch utk\u00e1n\u00edch u\u017e kone\u010dn\u011b bodovat. No t\u0159eba tomu tak bude u\u017e v\u00a0utk\u00e1n\u00ed s\u00a0B\u00edlovcem. <strong>Utk\u00e1n\u00ed B\u00edlovec &#8211; TJ Sokol Kobe\u0159ice se bude hr\u00e1t v\u00a0ned\u011bli 11. z\u00e1\u0159\u00ed 2016 v\u00a016:00 hodin. Odjezd k\u00a0utk\u00e1n\u00ed je ve 14:00 hodin. Zveme v\u0161echny fotbalov\u00e9 p\u0159\u00edznivce na\u0161eho \u201eA\u201c mu\u017estva.<\/strong><\/span><\/p>\n<p><span style=\"font-size: 12pt; font-family: arial,helvetica,sans-serif;\">[cs_toggle column_size=&#8220;1\/1&#8243; cs_toggle_section_title=&#8220;Program krajsk\u00e9ho p\u0159eboru&#8220; cs_toggle_title=&#8220;Program krajsk\u00e9ho p\u0159eboru &#8211; klikni&#8220; =&#8220;null&#8220; cs_toggle_icon=&#8220;icon-calendar6&#8243; cs_toggle_state=&#8220;close&#8220; cs_toggle_custom_animation=&#8220;slideDown&#8220;]<\/span><\/p>\n<table width=\"416\">\n<tbody>\n<tr>\n<td width=\"209\"><span style=\"font-size: 12pt; font-family: arial,helvetica,sans-serif;\">Slavia Orlov\u00e1 &#8211; Krnov<\/span><\/td>\n<td width=\"207\"><span style=\"font-size: 12pt; font-family: arial,helvetica,sans-serif;\">He\u0159manice &#8211; H\u00e1j ve Slezsku<\/span><\/td>\n<\/tr>\n<tr>\n<td width=\"209\"><span style=\"font-size: 12pt; font-family: arial,helvetica,sans-serif;\">\u010celadn\u00e1 &#8211; B\u0159idli\u010dn\u00e1<\/span><\/td>\n<td width=\"207\"><span style=\"font-size: 12pt; font-family: arial,helvetica,sans-serif;\">B\u0159idli\u010dn\u00e1 &#8211; Vendryn\u011b<\/span><\/td>\n<\/tr>\n<tr>\n<td width=\"209\"><span style=\"font-size: 12pt; font-family: arial,helvetica,sans-serif;\">Vendryn\u011b &#8211; Polanka<\/span><\/td>\n<td width=\"207\"><span style=\"font-size: 12pt; font-family: arial,helvetica,sans-serif;\">\u010cesk\u00fd T\u011b\u0161\u00edn &#8211; Slavia Orlov\u00e1<\/span><\/td>\n<\/tr>\n<tr>\n<td width=\"209\"><span style=\"font-size: 12pt; font-family: arial,helvetica,sans-serif;\">H\u00e1j ve Slezsku &#8211; \u010cesk\u00fd T\u011b\u0161\u00edn<\/span><\/td>\n<td width=\"207\"><span style=\"font-size: 12pt; font-family: arial,helvetica,sans-serif;\">Fren\u0161t\u00e1t p. R. &#8211; B\u00edlovec<\/span><\/td>\n<\/tr>\n<tr>\n<td width=\"209\"><span style=\"font-size: 12pt; font-family: arial,helvetica,sans-serif;\">D\u011btmarovice &#8211; Fren\u0161t\u00e1t p. R.<\/span><\/td>\n<td width=\"207\"><span style=\"font-size: 12pt; font-family: arial,helvetica,sans-serif;\">Bohum\u00edn &#8211; D\u011btmarovice<\/span><\/td>\n<\/tr>\n<tr>\n<td width=\"209\"><span style=\"font-size: 12pt; font-family: arial,helvetica,sans-serif;\">\u0160enov &#8211; Bohum\u00edn<\/span><\/td>\n<td width=\"207\"><span style=\"font-size: 12pt; font-family: arial,helvetica,sans-serif;\"><strong>Kobe\u0159ice &#8211; \u010celadn\u00e1 <\/strong><\/span><\/td>\n<\/tr>\n<tr>\n<td width=\"209\"><span style=\"font-size: 12pt; font-family: arial,helvetica,sans-serif;\"><strong>B\u00edlovec &#8211; Kobe\u0159ice <\/strong><\/span><\/td>\n<td width=\"207\"><span style=\"font-size: 12pt; font-family: arial,helvetica,sans-serif;\">Krnov &#8211; \u0160enov<\/span><\/td>\n<\/tr>\n<tr>\n<td width=\"209\"><span style=\"font-size: 12pt; font-family: arial,helvetica,sans-serif;\">SO Brunt\u00e1l &#8211; He\u0159manice<\/span><\/td>\n<td width=\"207\"><span style=\"font-size: 12pt; font-family: arial,helvetica,sans-serif;\">Polanka &#8211; SO Brunt\u00e1l<\/span><\/td>\n<\/tr>\n<\/tbody>\n<\/table>\n<p><span style=\"font-size: 12pt; font-family: arial,helvetica,sans-serif;\">[\/cs_toggle]<\/span><\/p>\n<h1><span style=\"font-size: 14pt; font-family: arial,helvetica,sans-serif;\"><strong>Mu\u017ei \u201eB\u201c budou hr\u00e1t doma s\u00a0Hlavnic\u00ed<\/strong><\/span><\/h1>\n<p><span style=\"font-size: 12pt; font-family: arial,helvetica,sans-serif;\">Po proh\u0159e doma s\u00a0Hradcem se st\u0159etnou na\u0161i fotbalist\u00e9 \u201eB\u201c mu\u017estva op\u011bt v\u00a0dom\u00e1c\u00edm prost\u0159ed\u00ed, tentokr\u00e1t zm\u011b\u0159\u00ed s\u00edly s\u00a0celkem Hlavnice, kter\u00e1 je na 2. m\u00edst\u011b tabulky okresn\u00edho p\u0159eboru. Zat\u00edm je\u0161t\u011b neprohr\u00e1la, kdy\u017e 3x vyhr\u00e1la a jednou skon\u010dilo jej\u00ed utk\u00e1n\u00ed nerozhodn\u011b.<\/span><\/p>\n<p><span style=\"font-size: 12pt; font-family: arial,helvetica,sans-serif;\">Na\u0161i hr\u00e1\u010di jdou do utk\u00e1n\u00ed jako jeden\u00e1ct\u00fd celek tabulky okresn\u00edho p\u0159eboru. Zat\u00edm jsme z\u00edskali 3 body za v\u00edt\u011bzstv\u00ed ve V\u00e1vrovic\u00edch 2:0. Soupe\u0159\u016fm jsme vs\u00edtili 3 a obdr\u017eeli 9 branek. <strong>Utk\u00e1n\u00ed okresn\u00edho p\u0159eboru Kobe\u0159ice \u201eB\u201c &#8211; Hlavnice se bude hr\u00e1t v\u00a0sobotu 10. z\u00e1\u0159\u00ed od 16:00 hodin. Zveme v\u0161echny fotbalov\u00e9 p\u0159\u00edznivce na\u0161\u00ed \u201edvojky\u201c.<\/strong><\/span><\/p>\n<p><span style=\"font-size: 12pt; font-family: arial,helvetica,sans-serif;\">[cs_toggle column_size=&#8220;1\/1&#8243; cs_toggle_section_title=&#8220;Program okresn\u00edho p\u0159eboru&#8220; cs_toggle_title=&#8220;Program okresn\u00edho p\u0159eboru &#8211; klikni&#8220; =&#8220;null&#8220; cs_toggle_icon=&#8220;icon-calendar6&#8243; cs_toggle_state=&#8220;close&#8220; cs_toggle_custom_animation=&#8220;slideDown&#8220;]<\/span><\/p>\n<table width=\"564\">\n<tbody>\n<tr>\n<td width=\"272\"><span style=\"font-size: 12pt; font-family: arial,helvetica,sans-serif;\">V\u00e1vrovice &#8211; Pust\u00e1 Polom &#8222;B&#8220;<\/span><\/td>\n<td width=\"292\"><span style=\"font-size: 12pt; font-family: arial,helvetica,sans-serif;\">St\u011bbo\u0159ice &#8211; V\u0159esina<\/span><\/td>\n<\/tr>\n<tr>\n<td width=\"272\"><span style=\"font-size: 12pt; font-family: arial,helvetica,sans-serif;\">Hradec nad Moravic\u00ed &#8211; St\u011bbo\u0159ice<\/span><\/td>\n<td width=\"292\"><span style=\"font-size: 12pt; font-family: arial,helvetica,sans-serif;\">Pust\u00e1 Polom &#8222;B&#8220; &#8211; Mal\u00e9 Ho\u0161tice<\/span><\/td>\n<\/tr>\n<tr>\n<td width=\"272\"><span style=\"font-size: 12pt; font-family: arial,helvetica,sans-serif;\">Jakartovice &#8211; Slavia Opava<\/span><\/td>\n<td width=\"292\"><span style=\"font-size: 12pt; font-family: arial,helvetica,sans-serif;\">Hlavnice &#8211; Hradec nad Moravic\u00ed<\/span><\/td>\n<\/tr>\n<tr>\n<td width=\"272\"><span style=\"font-size: 12pt; font-family: arial,helvetica,sans-serif;\"><strong>Kobe\u0159ice &#8222;B&#8220;<\/strong><strong> &#8211; Hlavnice <\/strong><\/span><\/td>\n<td width=\"292\"><span style=\"font-size: 12pt; font-family: arial,helvetica,sans-serif;\">Slavia Opava &#8211; V\u00e1vrovice<\/span><\/td>\n<\/tr>\n<tr>\n<td width=\"272\"><span style=\"font-size: 12pt; font-family: arial,helvetica,sans-serif;\">Mal\u00e9 Ho\u0161tice &#8211; B\u011bl\u00e1<\/span><\/td>\n<td width=\"292\"><span style=\"font-size: 12pt; font-family: arial,helvetica,sans-serif;\">B\u011bl\u00e1 &#8211; Litultovice<\/span><\/td>\n<\/tr>\n<tr>\n<td width=\"272\"><span style=\"font-size: 12pt; font-family: arial,helvetica,sans-serif;\">V\u0159esina &#8211; Budi\u0161ov nad Budi\u0161ovkou<\/span><\/td>\n<td width=\"292\"><span style=\"font-size: 12pt; font-family: arial,helvetica,sans-serif;\"><strong>Hn\u011bvo\u0161ice<\/strong><strong> &#8211; Kobe\u0159ice &#8222;B&#8220; <\/strong><\/span><\/td>\n<\/tr>\n<tr>\n<td width=\"272\"><span style=\"font-size: 12pt; font-family: arial,helvetica,sans-serif;\">Litultovice &#8211; Hn\u011bvo\u0161ice<\/span><\/td>\n<td width=\"292\"><span style=\"font-size: 12pt; font-family: arial,helvetica,sans-serif;\">Budi\u0161ov nad Budi\u0161ovkou &#8211; Jakartovice<\/span><\/td>\n<\/tr>\n<\/tbody>\n<\/table>\n<p><span style=\"font-size: 12pt; font-family: arial,helvetica,sans-serif;\">[\/cs_toggle]<\/span><\/p>\n<p><span style=\"font-size: 12pt; font-family: arial,helvetica,sans-serif;\"><strong>\u00a0<\/strong><\/span><\/p>\n<p><span style=\"font-size: 12pt; font-family: arial,helvetica,sans-serif;\"><strong><span style=\"font-size: 14pt;\">Dorostenci se st\u0159etnou s\u00a0Klimkovicemi<\/span> <\/strong><\/span><\/p>\n<p><span style=\"font-size: 12pt; font-family: arial,helvetica,sans-serif;\">Na\u0161i dorostenci sehraj\u00ed dal\u0161\u00ed utk\u00e1n\u00ed venku, tentokr\u00e1t se st\u0159etnou s\u00a0Klimkovicemi, kter\u00e9 jsou na 4. m\u00edst\u011b krajsk\u00e9 sout\u011b\u017ee dorostu. Zat\u00edm vyhr\u00e1li t\u0159i utk\u00e1n\u00ed a jednou remizovali a neokusili ho\u0159kost por\u00e1\u017eky.<\/span><\/p>\n<p><span style=\"font-size: 12pt; font-family: arial,helvetica,sans-serif;\">Na\u0161i dorostenci jsou druz\u00ed, kdy\u017e 4x vyhr\u00e1li a rovn\u011b\u017e je\u0161t\u011b neprohr\u00e1li. Jedn\u00e1 se tedy o souboj dvou nepora\u017een\u00fdch celk\u016f. <strong>Utk\u00e1n\u00ed krajsk\u00e9 sout\u011b\u017ee dorostu Klimkovice &#8211; TJ Sokol Kobe\u0159ice se bude hr\u00e1t v\u00a0sobotu 10. z\u00e1\u0159\u00ed od 13:30 hodin. Odjezd k\u00a0utk\u00e1n\u00ed je ve 12:00 hodin.<\/strong><\/span><\/p>\n<p><span style=\"font-size: 12pt; font-family: arial,helvetica,sans-serif;\">[cs_toggle column_size=&#8220;1\/1&#8243; cs_toggle_section_title=&#8220;Program krajsk\u00e9 sout\u011b\u017ee dorostu&#8220; cs_toggle_title=&#8220;Program krajsk\u00e9 sout\u011b\u017ee dorostu &#8211; klikni&#8220; =&#8220;null&#8220; cs_toggle_icon=&#8220;icon-calendar6&#8243; cs_toggle_state=&#8220;close&#8220; cs_toggle_custom_animation=&#8220;slideDown&#8220;]<\/span><\/p>\n<table width=\"531\">\n<tbody>\n<tr>\n<td width=\"255\"><span style=\"font-size: 12pt; font-family: arial,helvetica,sans-serif;\">Polanka &#8211; M\u011bsto Albrechtice<\/span><\/td>\n<td width=\"276\"><span style=\"font-size: 12pt; font-family: arial,helvetica,sans-serif;\">Vrbno pod Prad\u011bdem &#8211; Stud\u00e9nka<\/span><\/td>\n<\/tr>\n<tr>\n<td width=\"255\"><span style=\"font-size: 12pt; font-family: arial,helvetica,sans-serif;\">Stud\u00e9nka &#8211; R\u00fdma\u0159ov<\/span><\/td>\n<td width=\"276\"><span style=\"font-size: 12pt; font-family: arial,helvetica,sans-serif;\">M\u011bsto Albrechtice &#8211; Horn\u00ed Bene\u0161ov<\/span><\/td>\n<\/tr>\n<tr>\n<td width=\"255\"><span style=\"font-size: 12pt; font-family: arial,helvetica,sans-serif;\"><strong>Klimkovice &#8211; Kobe\u0159ice <\/strong><\/span><\/td>\n<td width=\"276\"><span style=\"font-size: 12pt; font-family: arial,helvetica,sans-serif;\"><strong>V\u00edtkov &#8211; Kobe\u0159ice <\/strong><\/span><\/td>\n<\/tr>\n<tr>\n<td width=\"255\"><span style=\"font-size: 12pt; font-family: arial,helvetica,sans-serif;\">Svinov &#8211; Doln\u00ed Bene\u0161ov<\/span><\/td>\n<td width=\"276\"><span style=\"font-size: 12pt; font-family: arial,helvetica,sans-serif;\">Svinov &#8211; Darkovi\u010dky<\/span><\/td>\n<\/tr>\n<tr>\n<td width=\"255\"><span style=\"font-size: 12pt; font-family: arial,helvetica,sans-serif;\">Vrbno pod Prad\u011bdem &#8211; V\u00edtkov<\/span><\/td>\n<td width=\"276\"><span style=\"font-size: 12pt; font-family: arial,helvetica,sans-serif;\">Klimkovice &#8211; Hradec nad Moravic\u00ed<\/span><\/td>\n<\/tr>\n<tr>\n<td width=\"255\"><span style=\"font-size: 12pt; font-family: arial,helvetica,sans-serif;\">Darkovi\u010dky &#8211; Horn\u00ed Bene\u0161ov<\/span><\/td>\n<td width=\"276\"><span style=\"font-size: 12pt; font-family: arial,helvetica,sans-serif;\">Doln\u00ed Bene\u0161ov &#8211; R\u00fdma\u0159ov<\/span><\/td>\n<\/tr>\n<tr>\n<td width=\"255\"><span style=\"font-size: 12pt; font-family: arial,helvetica,sans-serif;\">Hradec nad Moravic\u00ed &#8211; Vratimov<\/span><\/td>\n<td width=\"276\"><span style=\"font-size: 12pt; font-family: arial,helvetica,sans-serif;\">Polanka &#8211; Fulnek<\/span><\/td>\n<\/tr>\n<\/tbody>\n<\/table>\n<p><span style=\"font-size: 12pt; font-family: arial,helvetica,sans-serif;\">[\/cs_toggle]<\/span><\/p>\n<p><span style=\"font-size: 12pt; font-family: arial,helvetica,sans-serif;\"><strong>\u00a0<\/strong><\/span><\/p>\n<p><span style=\"font-size: 14pt; font-family: arial,helvetica,sans-serif;\"><strong>Star\u0161\u00ed a mlad\u0161\u00ed \u017e\u00e1ci budou hr\u00e1t s V\u00edtkovem<\/strong><\/span><\/p>\n<p>&nbsp;<\/p>\n<p><span style=\"font-size: 12pt; font-family: arial,helvetica,sans-serif;\">Star\u0161\u00ed \u017e\u00e1ci za\u010d\u00ednaj\u00ed v\u00a0sobotu 10. z\u00e1\u0159\u00ed od 12:15 hodin, mlad\u0161\u00ed ve 14:00 hodin.<\/span><\/p>\n<p><span style=\"font-size: 12pt; font-family: arial,helvetica,sans-serif;\">[cs_toggle column_size=&#8220;1\/1&#8243; cs_toggle_section_title=&#8220;Program krajsk\u00e9 sout\u011b\u017ee \u017e\u00e1k\u016f&#8220; cs_toggle_title=&#8220;Program krasjk\u00e9 sout\u011b\u017ee \u017e\u00e1k\u016f &#8211; klikni&#8220; =&#8220;null&#8220; cs_toggle_icon=&#8220;icon-calendar6&#8243; cs_toggle_state=&#8220;close&#8220; cs_toggle_custom_animation=&#8220;slideDown&#8220;]<\/span><\/p>\n<table width=\"576\">\n<tbody>\n<tr>\n<td width=\"259\"><span style=\"font-size: 12pt; font-family: arial,helvetica,sans-serif;\"><strong>Kobe\u0159ice &#8211; V\u00edtkov <\/strong><\/span><\/td>\n<td width=\"317\"><span style=\"font-size: 12pt; font-family: arial,helvetica,sans-serif;\">B\u0159idli\u010dn\u00e1 &#8211; Slavia Opava<\/span><\/td>\n<\/tr>\n<tr>\n<td width=\"259\"><span style=\"font-size: 12pt; font-family: arial,helvetica,sans-serif;\">Doln\u00ed Bene\u0161ov &#8211; Vrbno<\/span><\/td>\n<td width=\"317\"><span style=\"font-size: 12pt; font-family: arial,helvetica,sans-serif;\">V\u00edtkov &#8211; Doln\u00ed Bene\u0161ov<\/span><\/td>\n<\/tr>\n<tr>\n<td width=\"259\"><span style=\"font-size: 12pt; font-family: arial,helvetica,sans-serif;\">Slavia Opava &#8211; M\u011bsto Albrechtice<\/span><\/td>\n<td width=\"317\"><span style=\"font-size: 12pt; font-family: arial,helvetica,sans-serif;\">M\u011bsto Albrechtice &#8211; Budi\u0161ov nad Budi\u0161ovkou<\/span><\/td>\n<\/tr>\n<tr>\n<td width=\"259\"><span style=\"font-size: 12pt; font-family: arial,helvetica,sans-serif;\">Budi\u0161ov nad Budi\u0161ovkou &#8211; Radu\u0148<\/span><\/td>\n<td width=\"317\"><span style=\"font-size: 12pt; font-family: arial,helvetica,sans-serif;\">Vrbno &#8211; V\u0159esina<\/span><\/td>\n<\/tr>\n<tr>\n<td width=\"259\"><span style=\"font-size: 12pt; font-family: arial,helvetica,sans-serif;\">V\u0159esina &#8211; R\u00fdma\u0159ov<\/span><\/td>\n<td width=\"317\"><span style=\"font-size: 12pt; font-family: arial,helvetica,sans-serif;\"><strong>Radu\u0148 &#8211; Kobe\u0159ice <\/strong><\/span><\/td>\n<\/tr>\n<\/tbody>\n<\/table>\n<p><span style=\"font-size: 12pt; font-family: arial,helvetica,sans-serif;\">[\/cs_toggle]<\/span><\/p>\n","protected":false},"excerpt":{"rendered":"<p>Mu\u017ei\u201cA\u201c budou hr\u00e1t op\u011bt venku, tentokr\u00e1t se st\u0159etnou s B\u00edlovcem Po utk\u00e1n\u00ed v B\u0159idli\u010dn\u00e9 budou na\u0161i hr\u00e1\u010di \u201eA\u201c mu\u017estva hr\u00e1t s\u00a0B\u00edlovcem, kter\u00fd je po \u0161esti utk\u00e1n\u00edch<span class=\"excerpt-hellip\"> [\u2026]<\/span><\/p>\n","protected":false},"author":3,"featured_media":1731,"comment_status":"closed","ping_status":"open","sticky":false,"template":"","format":"standard","meta":{"ngg_post_thumbnail":0,"footnotes":""},"categories":[115,112,110,107,117,103,111,102],"tags":[],"class_list":["post-2787","post","type-post","status-publish","format-standard","has-post-thumbnail","hentry","category-a-tym","category-b-tym","category-dorost","category-fotbal","category-mladsi-zaci","category-pozvanky","category-starsi-zaci","category-zapasy"],"_links":{"self":[{"href":"https:\/\/tjsokolkoberice.cz\/index.php?rest_route=\/wp\/v2\/posts\/2787","targetHints":{"allow":["GET"]}}],"collection":[{"href":"https:\/\/tjsokolkoberice.cz\/index.php?rest_route=\/wp\/v2\/posts"}],"about":[{"href":"https:\/\/tjsokolkoberice.cz\/index.php?rest_route=\/wp\/v2\/types\/post"}],"author":[{"embeddable":true,"href":"https:\/\/tjsokolkoberice.cz\/index.php?rest_route=\/wp\/v2\/users\/3"}],"replies":[{"embeddable":true,"href":"https:\/\/tjsokolkoberice.cz\/index.php?rest_route=%2Fwp%2Fv2%2Fcomments&post=2787"}],"version-history":[{"count":3,"href":"https:\/\/tjsokolkoberice.cz\/index.php?rest_route=\/wp\/v2\/posts\/2787\/revisions"}],"predecessor-version":[{"id":2790,"href":"https:\/\/tjsokolkoberice.cz\/index.php?rest_route=\/wp\/v2\/posts\/2787\/revisions\/2790"}],"wp:featuredmedia":[{"embeddable":true,"href":"https:\/\/tjsokolkoberice.cz\/index.php?rest_route=\/wp\/v2\/media\/1731"}],"wp:attachment":[{"href":"https:\/\/tjsokolkoberice.cz\/index.php?rest_route=%2Fwp%2Fv2%2Fmedia&parent=2787"}],"wp:term":[{"taxonomy":"category","embeddable":true,"href":"https:\/\/tjsokolkoberice.cz\/index.php?rest_route=%2Fwp%2Fv2%2Fcategories&post=2787"},{"taxonomy":"post_tag","embeddable":true,"href":"https:\/\/tjsokolkoberice.cz\/index.php?rest_route=%2Fwp%2Fv2%2Ftags&post=2787"}],"curies":[{"name":"wp","href":"https:\/\/api.w.org\/{rel}","templated":true}]}}