{"id":2910,"date":"2016-10-20T16:35:57","date_gmt":"2016-10-20T15:35:57","guid":{"rendered":"https:\/\/tjsokolkoberice.cz\/?p=2910"},"modified":"2025-10-14T11:57:14","modified_gmt":"2025-10-14T10:57:14","slug":"pozvanka-na-vikendova-utkani","status":"publish","type":"post","link":"https:\/\/tjsokolkoberice.cz\/?p=2910","title":{"rendered":"Pozv\u00e1nka na v\u00edkendov\u00e1 utk\u00e1n\u00ed"},"content":{"rendered":"<h1 style=\"text-align: justify;\"><span style=\"font-family: arial,helvetica,sans-serif; font-size: 14pt;\"><strong>Mu\u017ei\u201cA\u201c budou hr\u00e1t v\u00a0sobotu v \u0160enov\u011b<\/strong><\/span><\/h1>\n<p style=\"text-align: justify;\"><span style=\"font-family: arial,helvetica,sans-serif; font-size: 12pt;\">Utk\u00e1n\u00ed krajsk\u00e9ho p\u0159eboru SK \u0160enov &#8211; TJ Sokol Kobe\u0159ice se bude hr\u00e1t v\u00a0sobotu 22. 10. ve\u00a014:00 hodin. Odjez k\u00a0utk\u00e1n\u00ed je v\u00a011:45. Zveme na toto utk\u00e1n\u00ed v\u0161echny p\u0159\u00edznivce na\u0161eho \u201eA\u201c mu\u017estva.<\/span><\/p>\n<p style=\"text-align: justify;\"><span style=\"font-family: arial,helvetica,sans-serif; font-size: 12pt;\"><strong><u>Program krajsk\u00e9ho p\u0159eboru <\/u><\/strong><\/span><\/p>\n<table width=\"233\">\n<tbody>\n<tr>\n<td width=\"233\"><span style=\"font-family: arial,helvetica,sans-serif; font-size: 12pt;\">D\u011btmarovice &#8211; B\u0159idli\u010dn\u00e1<\/span><\/td>\n<\/tr>\n<tr>\n<td width=\"233\"><span style=\"font-family: arial,helvetica,sans-serif; font-size: 12pt;\"><strong>\u0160enov &#8211; Kobe\u0159ice <\/strong><\/span><\/td>\n<\/tr>\n<tr>\n<td width=\"233\"><span style=\"font-family: arial,helvetica,sans-serif; font-size: 12pt;\">H\u00e1j ve Slezsku &#8211; Vendryn\u011b<\/span><\/td>\n<\/tr>\n<tr>\n<td width=\"233\"><span style=\"font-family: arial,helvetica,sans-serif; font-size: 12pt;\">Slavia Orlov\u00e1 &#8211; \u010celadn\u00e1<\/span><\/td>\n<\/tr>\n<tr>\n<td width=\"233\"><span style=\"font-family: arial,helvetica,sans-serif; font-size: 12pt;\">Krnov &#8211; \u010cesk\u00fd T\u011b\u0161\u00edn<\/span><\/td>\n<\/tr>\n<tr>\n<td width=\"233\"><span style=\"font-family: arial,helvetica,sans-serif; font-size: 12pt;\">Bohum\u00edn &#8211; He\u0159manice<\/span><\/td>\n<\/tr>\n<tr>\n<td width=\"233\"><span style=\"font-family: arial,helvetica,sans-serif; font-size: 12pt;\">B\u00edlovec &#8211; SO Brunt\u00e1l<\/span><\/td>\n<\/tr>\n<tr>\n<td width=\"233\"><span style=\"font-family: arial,helvetica,sans-serif; font-size: 12pt;\">Fren\u0161t\u00e1t p. R. &#8211; Polanka<\/span><\/td>\n<\/tr>\n<\/tbody>\n<\/table>\n<p style=\"text-align: justify;\"><span style=\"font-family: arial,helvetica,sans-serif; font-size: 12pt;\"><strong>\u00a0<\/strong><\/span><\/p>\n<h1 style=\"text-align: justify;\"><span style=\"font-family: arial,helvetica,sans-serif; font-size: 14pt;\"><strong>\u00a0Mu\u017ei \u201eB\u201c budou hr\u00e1t doma se St\u011bbo\u0159icemi<\/strong><\/span><\/h1>\n<p style=\"text-align: justify;\"><span style=\"font-family: arial,helvetica,sans-serif; font-size: 12pt;\">Utk\u00e1n\u00ed okresn\u00edho p\u0159eboru Kobe\u0159ice \u201eB\u201c &#8211; St\u011bbo\u0159ice se bude hr\u00e1t v\u00a0sobotu 22. \u0159\u00edjna od 14:00 hodin. Zveme v\u0161echny p\u0159\u00edznivce na\u0161\u00ed \u201edvojky\u201c.<\/span><\/p>\n<p style=\"text-align: justify;\"><span style=\"font-family: arial,helvetica,sans-serif; font-size: 12pt;\"><strong><u>Program okresn\u00edho p\u0159eboru <\/u><\/strong><\/span><\/p>\n<table width=\"285\">\n<tbody>\n<tr>\n<td width=\"285\"><span style=\"font-family: arial,helvetica,sans-serif; font-size: 12pt;\">Hlavnice &#8211; Budi\u0161ov nad Budi\u0161ovkou<\/span><\/td>\n<\/tr>\n<tr>\n<td width=\"285\"><span style=\"font-family: arial,helvetica,sans-serif; font-size: 12pt;\"><strong>Kobe\u0159ice &#8222;B&#8220;<\/strong><strong> &#8211; St\u011bbo\u0159ice <\/strong><\/span><\/td>\n<\/tr>\n<tr>\n<td width=\"285\"><span style=\"font-family: arial,helvetica,sans-serif; font-size: 12pt;\">Hradec nad Moravic\u00ed &#8211; V\u00e1vrovice<\/span><\/td>\n<\/tr>\n<tr>\n<td width=\"285\"><span style=\"font-family: arial,helvetica,sans-serif; font-size: 12pt;\">B\u011bl\u00e1 &#8211; Pust\u00e1 Polom &#8222;B&#8220;<\/span><\/td>\n<\/tr>\n<tr>\n<td width=\"285\"><span style=\"font-family: arial,helvetica,sans-serif; font-size: 12pt;\">Mal\u00e9 Ho\u0161tice &#8211; Jakartovice<\/span><\/td>\n<\/tr>\n<tr>\n<td width=\"285\"><span style=\"font-family: arial,helvetica,sans-serif; font-size: 12pt;\">Litultovice &#8211; V\u0159esina<\/span><\/td>\n<\/tr>\n<tr>\n<td width=\"285\"><span style=\"font-family: arial,helvetica,sans-serif; font-size: 12pt;\">Hn\u011bvo\u0161ice &#8211; Slavia Opava<\/span><\/td>\n<\/tr>\n<\/tbody>\n<\/table>\n<p style=\"text-align: justify;\"><span style=\"font-family: arial,helvetica,sans-serif; font-size: 12pt;\"><strong>\u00a0<\/strong><\/span><\/p>\n<h1 style=\"text-align: justify;\"><span style=\"font-family: arial,helvetica,sans-serif; font-size: 14pt;\"><strong>\u00a0V\u00a0dal\u0161\u00edm utk\u00e1n\u00ed hraj\u00ed dorostenci ve Svinov\u011b<\/strong><\/span><\/h1>\n<p style=\"text-align: justify;\"><span style=\"font-family: arial,helvetica,sans-serif; font-size: 12pt;\">Utk\u00e1n\u00ed krajsk\u00e9 sout\u011b\u017ee dorostu Svinov &#8211; Kobe\u0159ice se bude hr\u00e1t v\u00a0sobotu 22. \u0159\u00edjna od 11:45 hodin. Zveme v\u0161echny p\u0159\u00edznivce na\u0161eho dorostu.<\/span><\/p>\n<p style=\"text-align: justify;\"><span style=\"font-family: arial,helvetica,sans-serif; font-size: 12pt;\"><strong><u>Program krajsk\u00e9 sout\u011b\u017ee dorostu <\/u><\/strong><\/span><\/p>\n<table width=\"211\">\n<tbody>\n<tr>\n<td width=\"211\"><span style=\"font-family: arial,helvetica,sans-serif; font-size: 12pt;\">Polanka &#8211; Stud\u00e9nka<\/span><\/td>\n<\/tr>\n<tr>\n<td width=\"211\"><span style=\"font-family: arial,helvetica,sans-serif; font-size: 12pt;\">Klimkovice &#8211; Fulnek<\/span><\/td>\n<\/tr>\n<tr>\n<td width=\"211\"><span style=\"font-family: arial,helvetica,sans-serif; font-size: 12pt;\">Vrbno pod Prad\u011bdem &#8211; R\u00fdma\u0159ov<\/span><\/td>\n<\/tr>\n<tr>\n<td width=\"211\"><span style=\"font-family: arial,helvetica,sans-serif; font-size: 12pt;\"><strong>Svinov<\/strong><strong> &#8211; Kobe\u0159ice <\/strong><\/span><\/td>\n<\/tr>\n<tr>\n<td width=\"211\"><span style=\"font-family: arial,helvetica,sans-serif; font-size: 12pt;\">M\u011bsto Albrechtice &#8211; Vratimov<\/span><\/td>\n<\/tr>\n<tr>\n<td width=\"211\"><span style=\"font-family: arial,helvetica,sans-serif; font-size: 12pt;\">V\u00edtkov &#8211; Horn\u00ed Bene\u0161ov<\/span><\/td>\n<\/tr>\n<tr>\n<td width=\"211\"><span style=\"font-family: arial,helvetica,sans-serif; font-size: 12pt;\">Hradec nad Moravic\u00ed &#8211; Darkovi\u010dky<\/span><\/td>\n<\/tr>\n<\/tbody>\n<\/table>\n<p style=\"text-align: justify;\"><span style=\"font-family: arial,helvetica,sans-serif; font-size: 12pt;\"><strong>\u00a0<\/strong><\/span><\/p>\n<p style=\"text-align: justify;\"><span style=\"font-family: arial,helvetica,sans-serif; font-size: 12pt;\"><strong>\u00a0<\/strong><\/span><\/p>\n<p style=\"text-align: justify;\"><span style=\"font-family: arial,helvetica,sans-serif; font-size: 12pt;\"><strong>St. a ml. \u017e\u00e1ci o tomto v\u00edkendu nehraj\u00ed.<\/strong><\/span><\/p>\n","protected":false},"excerpt":{"rendered":"<p>Mu\u017ei\u201cA\u201c budou hr\u00e1t v\u00a0sobotu v \u0160enov\u011b Utk\u00e1n\u00ed krajsk\u00e9ho p\u0159eboru SK \u0160enov &#8211; TJ Sokol Kobe\u0159ice se bude hr\u00e1t v\u00a0sobotu 22. 10. ve\u00a014:00 hodin. Odjez k\u00a0utk\u00e1n\u00ed je<span class=\"excerpt-hellip\"> [\u2026]<\/span><\/p>\n","protected":false},"author":3,"featured_media":1886,"comment_status":"closed","ping_status":"open","sticky":false,"template":"","format":"standard","meta":{"ngg_post_thumbnail":0,"footnotes":""},"categories":[115,112,110,107,117,111,102],"tags":[],"class_list":["post-2910","post","type-post","status-publish","format-standard","has-post-thumbnail","hentry","category-a-tym","category-b-tym","category-dorost","category-fotbal","category-mladsi-zaci","category-starsi-zaci","category-zapasy"],"_links":{"self":[{"href":"https:\/\/tjsokolkoberice.cz\/index.php?rest_route=\/wp\/v2\/posts\/2910","targetHints":{"allow":["GET"]}}],"collection":[{"href":"https:\/\/tjsokolkoberice.cz\/index.php?rest_route=\/wp\/v2\/posts"}],"about":[{"href":"https:\/\/tjsokolkoberice.cz\/index.php?rest_route=\/wp\/v2\/types\/post"}],"author":[{"embeddable":true,"href":"https:\/\/tjsokolkoberice.cz\/index.php?rest_route=\/wp\/v2\/users\/3"}],"replies":[{"embeddable":true,"href":"https:\/\/tjsokolkoberice.cz\/index.php?rest_route=%2Fwp%2Fv2%2Fcomments&post=2910"}],"version-history":[{"count":1,"href":"https:\/\/tjsokolkoberice.cz\/index.php?rest_route=\/wp\/v2\/posts\/2910\/revisions"}],"predecessor-version":[{"id":2911,"href":"https:\/\/tjsokolkoberice.cz\/index.php?rest_route=\/wp\/v2\/posts\/2910\/revisions\/2911"}],"wp:featuredmedia":[{"embeddable":true,"href":"https:\/\/tjsokolkoberice.cz\/index.php?rest_route=\/wp\/v2\/media\/1886"}],"wp:attachment":[{"href":"https:\/\/tjsokolkoberice.cz\/index.php?rest_route=%2Fwp%2Fv2%2Fmedia&parent=2910"}],"wp:term":[{"taxonomy":"category","embeddable":true,"href":"https:\/\/tjsokolkoberice.cz\/index.php?rest_route=%2Fwp%2Fv2%2Fcategories&post=2910"},{"taxonomy":"post_tag","embeddable":true,"href":"https:\/\/tjsokolkoberice.cz\/index.php?rest_route=%2Fwp%2Fv2%2Ftags&post=2910"}],"curies":[{"name":"wp","href":"https:\/\/api.w.org\/{rel}","templated":true}]}}