{"id":2945,"date":"2016-11-03T12:43:57","date_gmt":"2016-11-03T11:43:57","guid":{"rendered":"https:\/\/tjsokolkoberice.cz\/?p=2945"},"modified":"2025-10-14T11:57:14","modified_gmt":"2025-10-14T10:57:14","slug":"vikendovy-program-nasich-muzstev-tj-sokol","status":"publish","type":"post","link":"https:\/\/tjsokolkoberice.cz\/?p=2945","title":{"rendered":"V\u00edkendov\u00fd program na\u0161ich mu\u017estev TJ Sokol"},"content":{"rendered":"<h1 style=\"text-align: justify;\"><span style=\"font-family: arial,helvetica,sans-serif; font-size: 14pt;\"><strong>Pozor zm\u011bna! Utk\u00e1n\u00ed proti Fren\u0161t\u00e1tu p\/Radho\u0161t\u011bm odehraj\u00ed mu\u017ei &#8222;A&#8220; v ned\u011bli doma!<\/strong><\/span><\/h1>\n<p style=\"text-align: justify;\"><span style=\"font-family: arial,helvetica,sans-serif; font-size: 12pt;\"><strong>Vzhledem k dohod\u011b obou klub\u016f o zm\u011bn\u011b po\u0159adatelstv\u00ed utk\u00e1n\u00ed krajsk\u00e9ho p\u0159eboru odehraj\u00ed na\u0161i fotbalist\u00e9 &#8222;A&#8220; mu\u017estva dal\u0161\u00ed velmi d\u016fle\u017eit\u00fd z\u00e1chran\u00e1\u0159sk\u00fd souboj v dom\u00e1c\u00edm prost\u0159ed\u00ed. Utk\u00e1n\u00ed krajsk\u00e9ho p\u0159eboru TJ Sokol Kobe\u0159ice &#8211; Fren\u0161t\u00e1t p\/R se bude hr\u00e1t <span style=\"text-decoration: underline;\">v\u00a0ned\u011bli 6.11.2016 od 11:00 hodin na na\u0161em h\u0159i\u0161ti<\/span>. Zveme na toto utk\u00e1n\u00ed v\u0161echny p\u0159\u00edznivce na\u0161eho \u201eA\u201c mu\u017estva. <\/strong><\/span><\/p>\n<p style=\"text-align: justify;\"><span style=\"font-family: arial,helvetica,sans-serif; font-size: 12pt;\"><strong><u>Program krajsk\u00e9ho p\u0159eboru<\/u><\/strong><\/span><\/p>\n<p style=\"text-align: justify;\"><span style=\"font-family: arial,helvetica,sans-serif; font-size: 12pt;\">Orlov\u00e1 \u2013 SO Brunt\u00e1l<\/span><\/p>\n<p style=\"text-align: justify;\"><span style=\"font-family: arial,helvetica,sans-serif; font-size: 12pt;\">D\u011btmarovice \u2013 \u010celadn\u00e1<\/span><\/p>\n<p style=\"text-align: justify;\"><span style=\"font-family: arial,helvetica,sans-serif; font-size: 12pt;\">\u010c. T\u011b\u0161\u00edn \u2013 He\u0159manice<\/span><\/p>\n<p style=\"text-align: justify;\"><span style=\"font-family: arial,helvetica,sans-serif; font-size: 12pt;\">\u0160enov \u2013 Vendryn\u011b<\/span><\/p>\n<p style=\"text-align: justify;\"><span style=\"font-family: arial,helvetica,sans-serif; font-size: 12pt;\">Krnov \u2013 Polanka<\/span><\/p>\n<p style=\"text-align: justify;\"><span style=\"font-family: arial,helvetica,sans-serif; font-size: 12pt;\">B\u00edlovec \u2013 H\u00e1j ve Sl.<\/span><\/p>\n<p style=\"text-align: justify;\"><span style=\"font-family: arial,helvetica,sans-serif; font-size: 12pt;\">Bohum\u00edn \u2013 B\u0159idli\u010dn\u00e1<\/span><\/p>\n<h1 style=\"text-align: justify;\"><span style=\"font-family: arial,helvetica,sans-serif; font-size: 14pt;\"><strong>Mu\u017ei \u201eB\u201c budou hr\u00e1t doma s Jakartovicemi<\/strong><\/span><\/h1>\n<p style=\"text-align: justify;\"><span style=\"font-family: arial,helvetica,sans-serif; font-size: 12pt;\"><strong>Utk\u00e1n\u00ed okresn\u00edho p\u0159eboru Kobe\u0159ice \u201eB\u201c &#8211; Jakartovice se bude hr\u00e1t v\u00a0sobotu 5. 11. od 14:00 hodin. Zveme v\u0161echny p\u0159\u00edznivce na\u0161\u00ed \u201edvojky\u201c. <\/strong><\/span><\/p>\n<h1 style=\"text-align: justify;\"><span style=\"font-family: arial,helvetica,sans-serif; font-size: 14pt;\"><strong>V\u00a0posledn\u00edm podzimn\u00edm utk\u00e1n\u00ed hraj\u00ed dorostenci v\u00a0M\u011bst\u011b Albrechtice<\/strong><\/span><\/h1>\n<p style=\"text-align: justify;\"><span style=\"font-family: arial,helvetica,sans-serif; font-size: 12pt;\"><strong>\u00a0Utk\u00e1n\u00ed krajsk\u00e9 sout\u011b\u017ee dorostu M\u011bsto Albrechtice &#8211; Kobe\u0159ice se bude hr\u00e1t v\u00a0ned\u011bli 6. 11. od 10 hodin. Zveme v\u0161echny p\u0159\u00edznivce na\u0161eho dorostu<\/strong><\/span><\/p>\n<p style=\"text-align: justify;\"><span style=\"font-family: arial,helvetica,sans-serif; font-size: 12pt;\"><strong>\u00a0<\/strong><\/span><\/p>\n","protected":false},"excerpt":{"rendered":"<p>Pozor zm\u011bna! Utk\u00e1n\u00ed proti Fren\u0161t\u00e1tu p\/Radho\u0161t\u011bm odehraj\u00ed mu\u017ei &#8222;A&#8220; v ned\u011bli doma! Vzhledem k dohod\u011b obou klub\u016f o zm\u011bn\u011b po\u0159adatelstv\u00ed utk\u00e1n\u00ed krajsk\u00e9ho p\u0159eboru odehraj\u00ed na\u0161i fotbalist\u00e9<span class=\"excerpt-hellip\"> [\u2026]<\/span><\/p>\n","protected":false},"author":3,"featured_media":1733,"comment_status":"closed","ping_status":"open","sticky":false,"template":"","format":"standard","meta":{"ngg_post_thumbnail":0,"footnotes":""},"categories":[115,112,110,107,103,102],"tags":[],"class_list":["post-2945","post","type-post","status-publish","format-standard","has-post-thumbnail","hentry","category-a-tym","category-b-tym","category-dorost","category-fotbal","category-pozvanky","category-zapasy"],"_links":{"self":[{"href":"https:\/\/tjsokolkoberice.cz\/index.php?rest_route=\/wp\/v2\/posts\/2945","targetHints":{"allow":["GET"]}}],"collection":[{"href":"https:\/\/tjsokolkoberice.cz\/index.php?rest_route=\/wp\/v2\/posts"}],"about":[{"href":"https:\/\/tjsokolkoberice.cz\/index.php?rest_route=\/wp\/v2\/types\/post"}],"author":[{"embeddable":true,"href":"https:\/\/tjsokolkoberice.cz\/index.php?rest_route=\/wp\/v2\/users\/3"}],"replies":[{"embeddable":true,"href":"https:\/\/tjsokolkoberice.cz\/index.php?rest_route=%2Fwp%2Fv2%2Fcomments&post=2945"}],"version-history":[{"count":4,"href":"https:\/\/tjsokolkoberice.cz\/index.php?rest_route=\/wp\/v2\/posts\/2945\/revisions"}],"predecessor-version":[{"id":2953,"href":"https:\/\/tjsokolkoberice.cz\/index.php?rest_route=\/wp\/v2\/posts\/2945\/revisions\/2953"}],"wp:featuredmedia":[{"embeddable":true,"href":"https:\/\/tjsokolkoberice.cz\/index.php?rest_route=\/wp\/v2\/media\/1733"}],"wp:attachment":[{"href":"https:\/\/tjsokolkoberice.cz\/index.php?rest_route=%2Fwp%2Fv2%2Fmedia&parent=2945"}],"wp:term":[{"taxonomy":"category","embeddable":true,"href":"https:\/\/tjsokolkoberice.cz\/index.php?rest_route=%2Fwp%2Fv2%2Fcategories&post=2945"},{"taxonomy":"post_tag","embeddable":true,"href":"https:\/\/tjsokolkoberice.cz\/index.php?rest_route=%2Fwp%2Fv2%2Ftags&post=2945"}],"curies":[{"name":"wp","href":"https:\/\/api.w.org\/{rel}","templated":true}]}}