{"id":2964,"date":"2016-11-09T16:35:58","date_gmt":"2016-11-09T15:35:58","guid":{"rendered":"https:\/\/tjsokolkoberice.cz\/?p=2964"},"modified":"2025-10-14T11:57:14","modified_gmt":"2025-10-14T10:57:14","slug":"kobericky-pulmaraton","status":"publish","type":"post","link":"https:\/\/tjsokolkoberice.cz\/?p=2964","title":{"rendered":"KOBE\u0158ICK\u00dd P\u016eLMARATON"},"content":{"rendered":"<p style=\"text-align: justify;\"><span style=\"font-size: 12pt; font-family: arial,helvetica,sans-serif;\">V&nbsp;ned\u011bli 23.10.2016 se uskute\u010dnil jubilejn\u00ed ve\u0159ejn\u00fd z\u00e1vod \u201eKobe\u0159ick\u00fd p\u016flmaraton\u201c, kter\u00fd Kobe\u0159ice uspo\u0159\u00e1daly ji\u017e podvac\u00e1t\u00e9. Po\u010das\u00ed z\u00e1vodu p\u0159\u00e1lo, tak\u017ee podm\u00ednky pro \u201estart\u201c byly ide\u00e1ln\u00ed. B\u011b\u017eci se mohli u prezence hl\u00e1sit do t\u011bchto kategori\u00ed:<\/span><\/p>\n<ul style=\"text-align: justify;\">\n<li><span style=\"font-size: 12pt; font-family: arial,helvetica,sans-serif;\">A: mu\u017ei do 39 let<\/span><\/li>\n<li><span style=\"font-size: 12pt; font-family: arial,helvetica,sans-serif;\">B: mu\u017ei do 49 let<\/span><\/li>\n<li><span style=\"font-size: 12pt; font-family: arial,helvetica,sans-serif;\">C: mu\u017ei do 59 let<\/span><\/li>\n<li><span style=\"font-size: 12pt; font-family: arial,helvetica,sans-serif;\">D: mu\u017ei do 69 let<\/span><\/li>\n<li><span style=\"font-size: 12pt; font-family: arial,helvetica,sans-serif;\">E: mu\u017ei nad 70 let<\/span><\/li>\n<\/ul>\n<ul style=\"text-align: justify;\">\n<li><span style=\"font-size: 12pt; font-family: arial,helvetica,sans-serif;\">F: \u017eeny do 35 let<\/span><\/li>\n<li><span style=\"font-size: 12pt; font-family: arial,helvetica,sans-serif;\">G: \u017eeny nad 35 let<\/span><\/li>\n<\/ul>\n<p style=\"text-align: justify;\"><span style=\"font-size: 12pt; font-family: arial,helvetica,sans-serif;\">Nejsiln\u011bj\u0161\u00ed kategori\u00ed byla skupina A, do kter\u00e9 se p\u0159ihl\u00e1silo 24 b\u011b\u017ec\u016f. <strong>Celkov\u00fd po\u010det p\u0159ihl\u00e1\u0161en\u00fdch byl 91<\/strong>, 3 \u00fa\u010dastn\u00edci z\u00e1vod vzdali a nedob\u011bhli do c\u00edle nebo nakonec ani neodstartovali.<\/span><\/p>\n<p style=\"text-align: justify;\"><span style=\"font-size: 12pt; font-family: arial,helvetica,sans-serif;\"><strong>V\u00edt\u011bzem kategorie A<\/strong> se stal <u>Matvyichuk Oleksander s kone\u010dn\u00fdm \u010dasem 1:09:42<\/u>,&nbsp; druh\u00e9 m\u00edsto obsadil Roman Hurt\u00edk a na t\u0159et\u00edm m\u00edst\u011b dob\u011bhl Antczak Robert.<\/span><\/p>\n<p style=\"text-align: justify;\"><span style=\"font-size: 12pt; font-family: arial,helvetica,sans-serif;\"><strong>Kategorie B<\/strong> byla pom\u011brn\u011b vyrovnan\u00e1. Na prvn\u00edm m\u00edst\u011b se um\u00edstil <u>Starodubcev Viktor s \u010dasem 1:14:33,<\/u> pro druhou p\u0159\u00ed\u010dku si dob\u011bhl Babjak Orest a na t\u0159et\u00edm m\u00edst\u011b skon\u010dil Wr\u00f3bel Tomasz.<\/span><\/p>\n<p style=\"text-align: justify;\"><span style=\"font-size: 12pt; font-family: arial,helvetica,sans-serif;\"><strong>V kategorii C<\/strong> dob\u011bhl jako prvn\u00ed <u>Dan \u0160indelek s \u010dasem 1:22:49<\/u>, na druh\u00e9m m\u00edst\u011b dob\u011bhl Petr \u0160krab\u00e1nek a na t\u0159et\u00edm m\u00edst\u011b pak Ros\u0165a Kolich. <strong>V kategorii D<\/strong> prvn\u00ed m\u00edsto obsadil <u>Jan Denca s \u010dasem 1:29:38<\/u>, druh\u00fd dob\u011bhl Karel Krav\u010d\u00edk a t\u0159et\u00ed pak Wybraniec Andrzey. Nejstar\u0161\u00ed mu\u017esk\u00e1 <strong>kategorie E<\/strong> byla nej\u00fasp\u011b\u0161n\u011bj\u0161\u00ed pro <u>Ivana \u0160ormu, kter\u00fd zv\u00edt\u011bzil s \u010dasem 1:52:47<\/u>, na druh\u00e9m m\u00edst\u011b dob\u011bhl V\u00e1clav \u0160\u016fcha a t\u0159et\u00ed pak V\u00e1clav Proch\u00e1zka.<\/span><\/p>\n<p style=\"text-align: justify;\"><span style=\"font-size: 12pt; font-family: arial,helvetica,sans-serif;\">\u017deny sout\u011b\u017eily ve dvou kategori\u00edch, <strong>kategorii E<\/strong> ovl\u00e1dla <u>Ad\u00e9la Esentierov\u00e1, kter\u00e1 zab\u011bhla \u010das 1:33:22<\/u>, na druh\u00e9m m\u00edst\u011b se um\u00edstila Ivana Zbo\u0159ilov\u00e1 a na t\u0159et\u00ed p\u0159\u00ed\u010dce pak Magdalena Drastchov\u00e1.<\/span><\/p>\n<p style=\"text-align: justify;\"><span style=\"font-size: 12pt; font-family: arial,helvetica,sans-serif;\"><strong>V kategorii G<\/strong> zab\u011bhla nejlep\u0161\u00ed \u010das <u>Tereza N\u00e1vratov\u00e1 \u0160\u00e1dkov\u00e1, a to 1:34:53<\/u>, na druh\u00e9m m\u00edst\u011b se um\u00edstila Iva Pachtov\u00e1 a na t\u0159et\u00edm m\u00edst\u011b Ivana Kr\u00e1lov\u00e1.<\/span><\/p>\n<p style=\"text-align: justify;\"><span style=\"font-size: 12pt; font-family: arial,helvetica,sans-serif;\">AO Kobe\u0159ice v z\u00e1vodu zastoupili nap\u0159. Ja\u0161ek Roman, Stanislav Halfar, Jan Urbi\u0161 nebo Eli\u0161ka Kubn\u00e1.<\/span><\/p>\n<p style=\"text-align: justify;\"><span style=\"font-size: 12pt; font-family: arial,helvetica,sans-serif;\">Veden\u00ed TJ Sokol Kobe\u0159ice d\u011bkuje v\u0161em z\u00fa\u010dastn\u011bn\u00fdm za reprezentaci a z\u00e1rove\u0148 obrovsk\u00fd d\u00edk pat\u0159\u00ed v\u0161em, kte\u0159\u00ed se do z\u00e1vodu zapojili po organiza\u010dn\u00ed str\u00e1nce, zejm\u00e9na pak volejbalov\u00e9mu odd\u00edlu, kter\u00fd zapisoval prezenci, kone\u010dn\u00e9 \u010dasy b\u011b\u017ec\u016f a z\u00e1rove\u0148 se i s&nbsp;ostatn\u00edmi po\u0159adateli postaral o ob\u010derstven\u00ed b\u011b\u017ec\u016f b\u011bhem z\u00e1vodu.<\/span><\/p>\n<p style=\"text-align: justify;\"><span style=\"font-size: 12pt; font-family: arial,helvetica,sans-serif;\">Dal\u0161\u00ed podobn\u00e1 akce se chyst\u00e1 na ja\u0159e roku 2017. Douf\u00e1me, \u017ee bude stejn\u011b \u00fasp\u011b\u0161n\u00e1 jako tato! Ji\u017e te\u010f se t\u011b\u0161\u00edme!!!<\/span><\/p>\nngg_shortcode_0_placeholder\n","protected":false},"excerpt":{"rendered":"<p>V&nbsp;ned\u011bli 23.10.2016 se uskute\u010dnil jubilejn\u00ed ve\u0159ejn\u00fd z\u00e1vod \u201eKobe\u0159ick\u00fd p\u016flmaraton\u201c, kter\u00fd Kobe\u0159ice uspo\u0159\u00e1daly ji\u017e podvac\u00e1t\u00e9. Po\u010das\u00ed z\u00e1vodu p\u0159\u00e1lo, tak\u017ee podm\u00ednky pro \u201estart\u201c byly ide\u00e1ln\u00ed. B\u011b\u017eci se mohli<span class=\"excerpt-hellip\"> [\u2026]<\/span><\/p>\n","protected":false},"author":3,"featured_media":2965,"comment_status":"closed","ping_status":"open","sticky":false,"template":"","format":"standard","meta":{"ngg_post_thumbnail":0,"footnotes":""},"categories":[126],"tags":[],"class_list":["post-2964","post","type-post","status-publish","format-standard","has-post-thumbnail","hentry","category-atletika"],"_links":{"self":[{"href":"https:\/\/tjsokolkoberice.cz\/index.php?rest_route=\/wp\/v2\/posts\/2964","targetHints":{"allow":["GET"]}}],"collection":[{"href":"https:\/\/tjsokolkoberice.cz\/index.php?rest_route=\/wp\/v2\/posts"}],"about":[{"href":"https:\/\/tjsokolkoberice.cz\/index.php?rest_route=\/wp\/v2\/types\/post"}],"author":[{"embeddable":true,"href":"https:\/\/tjsokolkoberice.cz\/index.php?rest_route=\/wp\/v2\/users\/3"}],"replies":[{"embeddable":true,"href":"https:\/\/tjsokolkoberice.cz\/index.php?rest_route=%2Fwp%2Fv2%2Fcomments&post=2964"}],"version-history":[{"count":9,"href":"https:\/\/tjsokolkoberice.cz\/index.php?rest_route=\/wp\/v2\/posts\/2964\/revisions"}],"predecessor-version":[{"id":3221,"href":"https:\/\/tjsokolkoberice.cz\/index.php?rest_route=\/wp\/v2\/posts\/2964\/revisions\/3221"}],"wp:featuredmedia":[{"embeddable":true,"href":"https:\/\/tjsokolkoberice.cz\/index.php?rest_route=\/wp\/v2\/media\/2965"}],"wp:attachment":[{"href":"https:\/\/tjsokolkoberice.cz\/index.php?rest_route=%2Fwp%2Fv2%2Fmedia&parent=2964"}],"wp:term":[{"taxonomy":"category","embeddable":true,"href":"https:\/\/tjsokolkoberice.cz\/index.php?rest_route=%2Fwp%2Fv2%2Fcategories&post=2964"},{"taxonomy":"post_tag","embeddable":true,"href":"https:\/\/tjsokolkoberice.cz\/index.php?rest_route=%2Fwp%2Fv2%2Ftags&post=2964"}],"curies":[{"name":"wp","href":"https:\/\/api.w.org\/{rel}","templated":true}]}}