{"id":3303,"date":"2016-12-14T11:51:42","date_gmt":"2016-12-14T10:51:42","guid":{"rendered":"https:\/\/tjsokolkoberice.cz\/?p=3303"},"modified":"2025-10-14T11:57:01","modified_gmt":"2025-10-14T10:57:01","slug":"benjaminci-ovladli-mikulassky-turnaj-ve-stitine","status":"publish","type":"post","link":"https:\/\/tjsokolkoberice.cz\/?p=3303","title":{"rendered":"Benjam\u00ednci ovl\u00e1dli Mikul\u00e1\u0161sk\u00fd turnaj ve \u0160t\u00edtin\u011b!"},"content":{"rendered":"<p style=\"text-align: justify;\"><span style=\"font-family: arial,helvetica,sans-serif; font-size: 12pt;\">V&nbsp;sobotu 3.12. se ve \u0161t\u00edtinsk\u00e9 t\u011blocvi\u010dn\u011b odehr\u00e1l Mikul\u00e1\u0161sk\u00fd turnaj hr\u00e1\u010d\u016f ro\u010dn\u00edku narozen\u00ed 2010 a mlad\u0161\u00ed, kter\u00e9ho se krom\u011b na\u0161ich kluk\u016f z\u00fa\u010dastnili tak\u00e9 hr\u00e1\u010di dom\u00e1c\u00edho Tatranu \u0160t\u00edtina, Mokr\u00fdch Lazc\u016f a MFK Krava\u0159e. Tento velmi kvalitn\u00ed turnaj suver\u00e9nn\u011b ovl\u00e1dli na\u0161i kluci, k&nbsp;\u010demu\u017e jim jm\u00e9nem TJ sokol gratulujeme a d\u011bkujeme za vzornou reprezentaci!<\/span><\/p>\n<p style=\"text-align: justify;\"><span style=\"font-family: arial,helvetica,sans-serif; font-size: 12pt;\"><strong>Celkov\u00e9 po\u0159ad\u00ed:<\/strong><\/span><\/p>\n<p style=\"padding-left: 30px; text-align: justify;\"><span style=\"font-family: arial,helvetica,sans-serif; font-size: 12pt;\"><strong>1. Kobe\u0159ice<\/strong><br \/>\n<\/span><\/p>\n<p style=\"padding-left: 30px; text-align: justify;\"><span style=\"font-family: arial,helvetica,sans-serif; font-size: 12pt;\">2. Tatran \u0160t\u00edtina<\/span><\/p>\n<p style=\"padding-left: 30px; text-align: justify;\"><span style=\"font-family: arial,helvetica,sans-serif; font-size: 12pt;\">3. MFK Krava\u0159e<\/span><\/p>\n<p style=\"padding-left: 30px; text-align: justify;\"><span style=\"font-family: arial,helvetica,sans-serif; font-size: 12pt;\">4. Mokr\u00e9 Lazce<\/span><\/p>\n<p style=\"text-align: justify;\">&nbsp;<\/p>\n<p style=\"text-align: justify;\"><span style=\"font-family: arial,helvetica,sans-serif; font-size: 12pt;\"><strong>Soupiska Kobe\u0159ic:<\/strong><\/span><\/p>\n<p style=\"text-align: justify; padding-left: 30px;\"><span style=\"font-family: arial,helvetica,sans-serif; font-size: 12pt;\">Vojta St\u0159\u00edbn\u00fd&nbsp;<\/span><br \/>\n<span style=\"font-family: arial,helvetica,sans-serif; font-size: 12pt;\"> Dominik Hanzl\u00edk&nbsp;<\/span><br \/>\n<span style=\"font-family: arial,helvetica,sans-serif; font-size: 12pt;\"> Michal Mrovec&nbsp;<\/span><br \/>\n<span style=\"font-family: arial,helvetica,sans-serif; font-size: 12pt;\"> Richard Mo\u0161a&nbsp;<\/span><br \/>\n<span style=\"font-family: arial,helvetica,sans-serif; font-size: 12pt;\"> Robin Mo\u0161a&nbsp;<\/span><br \/>\n<span style=\"font-family: arial,helvetica,sans-serif; font-size: 12pt;\"> Robin V\u00e1clav\u00edk&nbsp;<\/span><br \/>\n<span style=\"font-family: arial,helvetica,sans-serif; font-size: 12pt;\"> Ji\u0159\u00ed \u010cern\u00fd&nbsp;<\/span><br \/>\n<span style=\"font-family: arial,helvetica,sans-serif; font-size: 12pt;\"> Jan Laburda&nbsp;<\/span><br \/>\n<span style=\"font-family: arial,helvetica,sans-serif; font-size: 12pt;\"> Jan Herudek&nbsp;<\/span><br \/>\n<span style=\"font-family: arial,helvetica,sans-serif; font-size: 12pt;\"> Filip Stoklasa <\/span><\/p>\n<p style=\"text-align: justify;\"><span style=\"font-family: arial,helvetica,sans-serif; font-size: 12pt;\"><strong>Tren\u00e9\u0159i:<\/strong> Pavel Dub\u011bl\u010d\u00edk, David V\u00e1clav\u00edk<\/span><\/p>\n<p style=\"text-align: justify;\"><span style=\"font-family: arial,helvetica,sans-serif;\"><strong><span style=\"font-size: 12pt;\">Fotky z turnaje:<\/span><\/strong><\/span><\/p>\nngg_shortcode_0_placeholder\n","protected":false},"excerpt":{"rendered":"<p>V&nbsp;sobotu 3.12. se ve \u0161t\u00edtinsk\u00e9 t\u011blocvi\u010dn\u011b odehr\u00e1l Mikul\u00e1\u0161sk\u00fd turnaj hr\u00e1\u010d\u016f ro\u010dn\u00edku narozen\u00ed 2010 a mlad\u0161\u00ed, kter\u00e9ho se krom\u011b na\u0161ich kluk\u016f z\u00fa\u010dastnili tak\u00e9 hr\u00e1\u010di dom\u00e1c\u00edho Tatranu \u0160t\u00edtina,<span class=\"excerpt-hellip\"> [\u2026]<\/span><\/p>\n","protected":false},"author":3,"featured_media":3304,"comment_status":"closed","ping_status":"open","sticky":false,"template":"","format":"standard","meta":{"ngg_post_thumbnail":0,"footnotes":""},"categories":[107,120,119],"tags":[],"class_list":["post-3303","post","type-post","status-publish","format-standard","has-post-thumbnail","hentry","category-fotbal","category-mini-mladsi","category-mini-starsi"],"_links":{"self":[{"href":"https:\/\/tjsokolkoberice.cz\/index.php?rest_route=\/wp\/v2\/posts\/3303","targetHints":{"allow":["GET"]}}],"collection":[{"href":"https:\/\/tjsokolkoberice.cz\/index.php?rest_route=\/wp\/v2\/posts"}],"about":[{"href":"https:\/\/tjsokolkoberice.cz\/index.php?rest_route=\/wp\/v2\/types\/post"}],"author":[{"embeddable":true,"href":"https:\/\/tjsokolkoberice.cz\/index.php?rest_route=\/wp\/v2\/users\/3"}],"replies":[{"embeddable":true,"href":"https:\/\/tjsokolkoberice.cz\/index.php?rest_route=%2Fwp%2Fv2%2Fcomments&post=3303"}],"version-history":[{"count":5,"href":"https:\/\/tjsokolkoberice.cz\/index.php?rest_route=\/wp\/v2\/posts\/3303\/revisions"}],"predecessor-version":[{"id":3324,"href":"https:\/\/tjsokolkoberice.cz\/index.php?rest_route=\/wp\/v2\/posts\/3303\/revisions\/3324"}],"wp:featuredmedia":[{"embeddable":true,"href":"https:\/\/tjsokolkoberice.cz\/index.php?rest_route=\/wp\/v2\/media\/3304"}],"wp:attachment":[{"href":"https:\/\/tjsokolkoberice.cz\/index.php?rest_route=%2Fwp%2Fv2%2Fmedia&parent=3303"}],"wp:term":[{"taxonomy":"category","embeddable":true,"href":"https:\/\/tjsokolkoberice.cz\/index.php?rest_route=%2Fwp%2Fv2%2Fcategories&post=3303"},{"taxonomy":"post_tag","embeddable":true,"href":"https:\/\/tjsokolkoberice.cz\/index.php?rest_route=%2Fwp%2Fv2%2Ftags&post=3303"}],"curies":[{"name":"wp","href":"https:\/\/api.w.org\/{rel}","templated":true}]}}