{"id":3335,"date":"2017-01-12T19:54:16","date_gmt":"2017-01-12T18:54:16","guid":{"rendered":"https:\/\/tjsokolkoberice.cz\/?p=3335"},"modified":"2025-10-14T11:57:01","modified_gmt":"2025-10-14T10:57:01","slug":"zimni-beh-kobericemi-8-1-2017","status":"publish","type":"post","link":"https:\/\/tjsokolkoberice.cz\/?p=3335","title":{"rendered":"ZIMN\u00cd B\u011aH KOBE\u0158ICEMI"},"content":{"rendered":"<p style=\"text-align: justify;\"><span style=\"font-family: arial,helvetica,sans-serif; font-size: 12pt;\">Prvn\u00ed atletick\u00fd z\u00e1vod roku 2017 nesl n\u00e1zev \u201eZimn\u00ed b\u011bh Kobe\u0159icemi\u201c. Uskute\u010dnil se v&nbsp;ned\u011bli <strong>8. 1. 2017<\/strong> v&nbsp;are\u00e1lu TJ Sokol Kobe\u0159ice. I p\u0159es extr\u00e9mn\u011b mraziv\u00e9 po\u010das\u00ed mohl 28.&nbsp;ro\u010dn\u00edk prob\u011bhnout a odstartoval se tak z\u00e1vod s&nbsp;celkov\u00fdm po\u010dtem <u>48 p\u0159ihl\u00e1\u0161en\u00fdch<\/u>. Z\u00e1vodn\u00edci zm\u011b\u0159ili sv\u00e9 s\u00edly hned v&nbsp;n\u011bkolika kategori\u00edch:<\/span><\/p>\n<p style=\"text-align: justify;\">&nbsp;<\/p>\n<ul style=\"text-align: justify;\">\n<li><span style=\"font-family: arial,helvetica,sans-serif; font-size: 12pt;\"><strong>A (mu\u017ei do 39 let)<\/strong><\/span><\/li>\n<li><span style=\"font-family: arial,helvetica,sans-serif; font-size: 12pt;\"><strong>B (mu\u017ei do 49 let)<\/strong><\/span><\/li>\n<li><span style=\"font-family: arial,helvetica,sans-serif; font-size: 12pt;\"><strong>C (mu\u017ei do 59 let)<\/strong><\/span><\/li>\n<li><span style=\"font-family: arial,helvetica,sans-serif; font-size: 12pt;\"><strong>D (mu\u017ei nad 60 let)<\/strong><\/span><\/li>\n<li><span style=\"font-family: arial,helvetica,sans-serif; font-size: 12pt;\"><strong>E (\u017eeny)<\/strong><\/span><\/li>\n<li><span style=\"font-family: arial,helvetica,sans-serif; font-size: 12pt;\"><strong>Kondi\u010dn\u00ed b\u011bh mu\u017ei<\/strong><\/span><\/li>\n<li><span style=\"font-family: arial,helvetica,sans-serif; font-size: 12pt;\"><strong>\u017d\u00e1ci do 15 let<\/strong><\/span><\/li>\n<\/ul>\n<p style=\"text-align: justify;\">&nbsp;<\/p>\n<p style=\"text-align: justify;\"><span style=\"font-family: arial,helvetica,sans-serif; font-size: 12pt;\">Nejv\u00edc zastoupenou kategori\u00ed byla kategorie C s&nbsp;celkem 12 p\u0159ihl\u00e1\u0161en\u00fdmi mu\u017ei, d\u00e1le kategorie B s&nbsp;11 mu\u017ei, kategorie A s&nbsp;9 mu\u017ei, n\u00e1sledovala \u017eensk\u00e1 kategorie E v&nbsp;zastoupen\u00ed 7 b\u011b\u017eky\u0148 a do&nbsp;kategorie D se p\u0159ihl\u00e1silo 6 b\u011b\u017ec\u016f. Kondi\u010dn\u00edho b\u011bhu se z\u00fa\u010dastnili 2 mu\u017ei a v&nbsp;\u017e\u00e1ky do 15 let reprezentoval pouze jeden b\u011b\u017eec.<\/span><\/p>\n<p style=\"text-align: justify;\">&nbsp;<\/p>\n<p style=\"text-align: justify;\"><span style=\"font-family: arial,helvetica,sans-serif; font-size: 12pt;\">Krom\u011b krut\u00e9ho mrazu, museli b\u011b\u017eci p\u0159ekonat trasu s&nbsp;d\u00e9lkou 9,4 Km, kterou b\u011b\u017eeli v\u0161ichni z&nbsp;kategorie A, B, C a D. \u017deny, \u017e\u00e1ci a mu\u017ei, kte\u0159\u00ed se p\u0159ihl\u00e1sili na kondi\u010dn\u00ed b\u011bh, museli b\u011b\u017eet 4,7 Km.<\/span><\/p>\n<p style=\"text-align: justify;\"><span style=\"font-family: arial,helvetica,sans-serif; font-size: 12pt;\"><strong>&nbsp;<\/strong><\/span><\/p>\n<p style=\"text-align: justify;\"><span style=\"font-family: arial,helvetica,sans-serif; font-size: 12pt;\"><strong><u>V\u00edt\u011bzov\u00e9 28.ro\u010dn\u00edku z\u00e1vodu \u201eZimn\u00ed b\u011bh Kobe\u0159icemi\u201c<\/u><\/strong><\/span><\/p>\n<p style=\"text-align: justify;\"><span style=\"font-family: arial,helvetica,sans-serif; font-size: 12pt;\"><strong>\u201eKategorie A\u201c:<\/strong><\/span><\/p>\n<ol style=\"text-align: justify;\">\n<li><span style=\"font-family: arial,helvetica,sans-serif; font-size: 12pt;\">Oc\u00e1sek Martin<\/span><\/li>\n<li><span style=\"font-family: arial,helvetica,sans-serif; font-size: 12pt;\">Jane\u010dek Roman<\/span><\/li>\n<li><span style=\"font-family: arial,helvetica,sans-serif; font-size: 12pt;\">Poledn\u00edk Michal<\/span><\/li>\n<\/ol>\n<p style=\"text-align: justify;\">&nbsp;<span style=\"font-family: arial,helvetica,sans-serif; font-size: 12pt;\"><strong>\u201eKategorie B\u201c:<\/strong><\/span><\/p>\n<ol style=\"text-align: justify;\">\n<li><span style=\"font-family: arial,helvetica,sans-serif; font-size: 12pt;\">Dominik Ond\u0159ej<\/span><\/li>\n<li><span style=\"font-family: arial,helvetica,sans-serif; font-size: 12pt;\">Szebesta Pavel<\/span><\/li>\n<li><span style=\"font-family: arial,helvetica,sans-serif; font-size: 12pt;\">Jal\u016fvka Tom\u00e1\u0161<\/span><\/li>\n<\/ol>\n<p style=\"text-align: justify;\">&nbsp;<span style=\"font-family: arial,helvetica,sans-serif; font-size: 12pt;\"><strong>\u201eKategorie C\u201c:<\/strong><\/span><\/p>\n<ol style=\"text-align: justify;\">\n<li><span style=\"font-family: arial,helvetica,sans-serif; font-size: 12pt;\">Bala\u017e Roman<\/span><\/li>\n<li><span style=\"font-family: arial,helvetica,sans-serif; font-size: 12pt;\">\u0160krab\u00e1nek Petr<\/span><\/li>\n<li><span style=\"font-family: arial,helvetica,sans-serif; font-size: 12pt;\">Kolich Ros\u0165a<\/span><\/li>\n<\/ol>\n<p style=\"text-align: justify;\">&nbsp;<span style=\"font-family: arial,helvetica,sans-serif; font-size: 12pt;\"><strong>\u201eKategorie D\u201c:<\/strong><\/span><\/p>\n<ol style=\"text-align: justify;\">\n<li><span style=\"font-family: arial,helvetica,sans-serif; font-size: 12pt;\">Denca Jan<\/span><\/li>\n<li><span style=\"font-family: arial,helvetica,sans-serif; font-size: 12pt;\">Jadrn\u00ed\u010dek Petr<\/span><\/li>\n<li><span style=\"font-family: arial,helvetica,sans-serif; font-size: 12pt;\">Urbi\u0161 Vil\u00e9m<\/span><\/li>\n<\/ol>\n<p style=\"text-align: justify;\">&nbsp;<span style=\"font-family: arial,helvetica,sans-serif; font-size: 12pt;\"><strong>\u201eKategorie E (\u017eeny)\u201c:<\/strong><\/span><\/p>\n<ol style=\"text-align: justify;\">\n<li><span style=\"font-family: arial,helvetica,sans-serif; font-size: 12pt;\">Fryzov\u00e1 Krist\u00fdna<\/span><\/li>\n<li><span style=\"font-family: arial,helvetica,sans-serif; font-size: 12pt;\">Dominikov\u00e1 Jana<\/span><\/li>\n<li><span style=\"font-family: arial,helvetica,sans-serif; font-size: 12pt;\">Jal\u016fvkov\u00e1 Ren\u00e1ta<\/span><\/li>\n<\/ol>\n<p style=\"text-align: justify;\">&nbsp;<span style=\"font-family: arial,helvetica,sans-serif; font-size: 12pt;\"><strong>\u201eKategorie kondi\u010dn\u00ed b\u011bh mu\u017ei\u201c:<\/strong><\/span><\/p>\n<ol style=\"text-align: justify;\">\n<li><span style=\"font-family: arial,helvetica,sans-serif; font-size: 12pt;\">Sniehotta Patrik<\/span><\/li>\n<li><span style=\"font-family: arial,helvetica,sans-serif; font-size: 12pt;\">Stuchl\u00edk Karel<\/span><\/li>\n<\/ol>\n<p style=\"text-align: justify;\">&nbsp;<span style=\"font-family: arial,helvetica,sans-serif; font-size: 12pt;\"><strong>\u201e\u017d\u00e1ci do 15 let\u201c:<\/strong><\/span><\/p>\n<ol style=\"text-align: justify;\">\n<li><span style=\"font-family: arial,helvetica,sans-serif; font-size: 12pt;\">\u010cech Jan<\/span><\/li>\n<\/ol>\n<p style=\"text-align: justify;\">&nbsp;<\/p>\n<p style=\"text-align: justify;\"><span style=\"font-family: arial,helvetica,sans-serif; font-size: 12pt;\">D\u00edky pat\u0159\u00ed v\u0161em, kdo se na organizaci b\u011bhu pod\u00edleli: AO Kobe\u0159ice, volejbalov\u00fd odd\u00edl, aj.<\/span><\/p>\n<p style=\"text-align: justify;\"><span style=\"font-family: arial,helvetica,sans-serif; font-size: 12pt;\"><strong>V\u0161em otu\u017eilc\u016fm, kte\u0159\u00ed se b\u011bhu z\u00fa\u010dastnili, d\u011bkujeme a ji\u017e te\u010f v\u0161echny zveme na dal\u0161\u00ed z\u00e1vod, kter\u00fd se uskute\u010dn\u00ed 12. 3. 2017 op\u011bt v&nbsp;are\u00e1lu TJ Sokol Kobe\u0159ice! Sportu zdar \u2013 b\u011bhu zvl\u00e1\u0161\u0165!!!&nbsp;<\/strong><\/span><\/p>\n<p style=\"text-align: justify;\"><span style=\"font-family: arial,helvetica,sans-serif; font-size: 12pt;\">&nbsp;[cs_button button_size=&#8220;btn-lg&#8220; button_title=&#8220;Fotogalerie &#8211; Zimn\u00ed b\u011bh Kobe\u0159icemi, 8. 1. 2017&#8243; button_link=&#8220;https:\/\/tjsokolkoberice.cz\/?page_id=3356&#8243; button_border=&#8220;yes&#8220; =&#8220;null&#8220; button_icon_position=&#8220;left&#8220; button_type=&#8220;rectangle&#8220; button_target=&#8220;_self&#8220;]<\/span><\/p>\n<p style=\"text-align: justify;\"><span style=\"font-family: arial,helvetica,sans-serif; font-size: 12pt;\">Kompletn\u00ed v\u00fdsledky z\u00e1vodu si m\u016f\u017eete prohl\u00e9dnut <span style=\"color: #000080;\"><a style=\"color: #000080;\" href=\"https:\/\/tjsokolkoberice.cz\/wp-content\/uploads\/2017\/01\/Vy\u0301sledky-Zimni\u0301-be\u030ch-Kober\u030cicemi.pdf\" target=\"_blank\"><u>zde<\/u><\/a><\/span><\/span><\/p>\n","protected":false},"excerpt":{"rendered":"<p>Prvn\u00ed atletick\u00fd z\u00e1vod roku 2017 nesl n\u00e1zev \u201eZimn\u00ed b\u011bh Kobe\u0159icemi\u201c. Uskute\u010dnil se v&nbsp;ned\u011bli 8. 1. 2017 v&nbsp;are\u00e1lu TJ Sokol Kobe\u0159ice. I p\u0159es extr\u00e9mn\u011b mraziv\u00e9 po\u010das\u00ed mohl<span class=\"excerpt-hellip\"> [\u2026]<\/span><\/p>\n","protected":false},"author":3,"featured_media":3336,"comment_status":"closed","ping_status":"open","sticky":false,"template":"","format":"standard","meta":{"ngg_post_thumbnail":0,"footnotes":""},"categories":[126,150],"tags":[],"class_list":["post-3335","post","type-post","status-publish","format-standard","has-post-thumbnail","hentry","category-atletika","category-vse"],"_links":{"self":[{"href":"https:\/\/tjsokolkoberice.cz\/index.php?rest_route=\/wp\/v2\/posts\/3335","targetHints":{"allow":["GET"]}}],"collection":[{"href":"https:\/\/tjsokolkoberice.cz\/index.php?rest_route=\/wp\/v2\/posts"}],"about":[{"href":"https:\/\/tjsokolkoberice.cz\/index.php?rest_route=\/wp\/v2\/types\/post"}],"author":[{"embeddable":true,"href":"https:\/\/tjsokolkoberice.cz\/index.php?rest_route=\/wp\/v2\/users\/3"}],"replies":[{"embeddable":true,"href":"https:\/\/tjsokolkoberice.cz\/index.php?rest_route=%2Fwp%2Fv2%2Fcomments&post=3335"}],"version-history":[{"count":5,"href":"https:\/\/tjsokolkoberice.cz\/index.php?rest_route=\/wp\/v2\/posts\/3335\/revisions"}],"predecessor-version":[{"id":3373,"href":"https:\/\/tjsokolkoberice.cz\/index.php?rest_route=\/wp\/v2\/posts\/3335\/revisions\/3373"}],"wp:featuredmedia":[{"embeddable":true,"href":"https:\/\/tjsokolkoberice.cz\/index.php?rest_route=\/wp\/v2\/media\/3336"}],"wp:attachment":[{"href":"https:\/\/tjsokolkoberice.cz\/index.php?rest_route=%2Fwp%2Fv2%2Fmedia&parent=3335"}],"wp:term":[{"taxonomy":"category","embeddable":true,"href":"https:\/\/tjsokolkoberice.cz\/index.php?rest_route=%2Fwp%2Fv2%2Fcategories&post=3335"},{"taxonomy":"post_tag","embeddable":true,"href":"https:\/\/tjsokolkoberice.cz\/index.php?rest_route=%2Fwp%2Fv2%2Ftags&post=3335"}],"curies":[{"name":"wp","href":"https:\/\/api.w.org\/{rel}","templated":true}]}}