{"id":3528,"date":"2017-02-21T16:33:13","date_gmt":"2017-02-21T15:33:13","guid":{"rendered":"https:\/\/tjsokolkoberice.cz\/?p=3528"},"modified":"2025-10-14T11:57:01","modified_gmt":"2025-10-14T10:57:01","slug":"muzi-a-zvitezili-nad-velkymi-hosticemi","status":"publish","type":"post","link":"https:\/\/tjsokolkoberice.cz\/?p=3528","title":{"rendered":"Mu\u017ei A zv\u00edt\u011bzili nad Velk\u00fdmi Ho\u0161ticemi"},"content":{"rendered":"<p><strong><span style=\"font-family: arial,helvetica,sans-serif; font-size: 12pt;\">TJ Sokol Kobe\u0159ice &#8211; FK Velk\u00e9 Ho\u0161tice 3:1 (3:1)<\/span><\/strong><\/p>\n<div><span style=\"font-family: arial,helvetica,sans-serif; font-size: 12pt;\">\u00a0<\/span><\/div>\n<div><span style=\"font-family: arial,helvetica,sans-serif; font-size: 12pt;\">Ji\u017e ke sv\u00e9mu p\u00e1t\u00e9mu utk\u00e1n\u00ed v r\u00e1mci zimn\u00ed p\u0159\u00edpravy nastoupili na\u0161i fotbalist\u00e9 A mu\u017estva. Soupe\u0159em jim byl \u00fa\u010dastn\u00edk 1. B t\u0159\u00eddy z Velk\u00fdch Ho\u0161tic. V\u0161e podstatn\u00e9 se odehr\u00e1lo v 1. polo\u010dase, kdy se za na\u0161e mu\u017estvo 3x trefil Adam \u0160ime\u010dek a jednu trefu p\u0159idali tak\u00e9 host\u00e9. <\/span><\/div>\n<p><span style=\"font-family: arial,helvetica,sans-serif; font-size: 12pt;\">Ve druh\u00e9m d\u011bjstv\u00ed m\u011blo na\u0161e mu\u017estvo n\u011bkolik zaj\u00edmav\u00fdch brankov\u00fdch situac\u00ed, dokonce 3x trefilo ty\u010dku, ale na kone\u010dn\u00e9m v\u00fdsledku se u\u017e nic nezm\u011bnilo.<\/span><\/p>\n<p><span style=\"font-family: arial,helvetica,sans-serif; font-size: 12pt;\">P\u0159\u00ed\u0161t\u00ed v\u00edkend na\u0161e mu\u017estvo absolvuje kondi\u010dn\u00ed soust\u0159ed\u011bn\u00ed v \u017dimrovic\u00edch, dal\u0161\u00ed p\u0159\u00edpravn\u00e9 utk\u00e1n\u00ed odehraje a\u017e 4. b\u0159ezna proti Strahovic\u00edm.<\/span><\/p>\n<p><span style=\"font-size: 12pt; font-family: arial,helvetica,sans-serif;\"><strong>Branky Kobe\u0159ic:<\/strong> Adam \u0160ime\u010dek 3x<\/span><\/p>\n<div><\/div>\n<div><strong><span style=\"font-size: 12pt; font-family: arial,helvetica,sans-serif;\">Sestava 1. polo\u010das:<\/span><\/strong><\/div>\n<div><span style=\"font-size: 12pt; font-family: arial,helvetica,sans-serif;\">Josefus Cyril &#8211; Oberherr Adam, Kollek Filip, Wirth Robin, Schreier Jan, N\u011bm\u010d\u00edk Martin, Stuchl\u00edk Radim, Bo\u010dek Daniel, Kry\u0161tof Zden\u011bk, Kubn\u00fd Anton\u00edn, \u0160ime\u010dek Adam<\/span><\/div>\n<div><\/div>\n<div><strong><span style=\"font-size: 12pt; font-family: arial,helvetica,sans-serif;\">2. polo\u010das:<\/span><\/strong><\/div>\n<div><span style=\"font-size: 12pt; font-family: arial,helvetica,sans-serif;\">Hluchn\u00edk Luk\u00e1\u0161 &#8211; Stuchl\u00edk Petr, Wirth Robin, Schreier Jan, Pavl\u00ed\u010dek Luk\u00e1\u0161, Stuchl\u00edk Radim, Bo\u010dek Daniel, N\u011bm\u010d\u00edk Martin, Kry\u0161tof Zden\u011bk, Oberherr Jan, \u0160ime\u010dek Adam<\/span><\/div>\n","protected":false},"excerpt":{"rendered":"<p>TJ Sokol Kobe\u0159ice &#8211; FK Velk\u00e9 Ho\u0161tice 3:1 (3:1) \u00a0 Ji\u017e ke sv\u00e9mu p\u00e1t\u00e9mu utk\u00e1n\u00ed v r\u00e1mci zimn\u00ed p\u0159\u00edpravy nastoupili na\u0161i fotbalist\u00e9 A mu\u017estva. Soupe\u0159em jim<span class=\"excerpt-hellip\"> [\u2026]<\/span><\/p>\n","protected":false},"author":3,"featured_media":2991,"comment_status":"closed","ping_status":"open","sticky":false,"template":"","format":"standard","meta":{"ngg_post_thumbnail":0,"footnotes":""},"categories":[115,107,150],"tags":[],"class_list":["post-3528","post","type-post","status-publish","format-standard","has-post-thumbnail","hentry","category-a-tym","category-fotbal","category-vse"],"_links":{"self":[{"href":"https:\/\/tjsokolkoberice.cz\/index.php?rest_route=\/wp\/v2\/posts\/3528","targetHints":{"allow":["GET"]}}],"collection":[{"href":"https:\/\/tjsokolkoberice.cz\/index.php?rest_route=\/wp\/v2\/posts"}],"about":[{"href":"https:\/\/tjsokolkoberice.cz\/index.php?rest_route=\/wp\/v2\/types\/post"}],"author":[{"embeddable":true,"href":"https:\/\/tjsokolkoberice.cz\/index.php?rest_route=\/wp\/v2\/users\/3"}],"replies":[{"embeddable":true,"href":"https:\/\/tjsokolkoberice.cz\/index.php?rest_route=%2Fwp%2Fv2%2Fcomments&post=3528"}],"version-history":[{"count":3,"href":"https:\/\/tjsokolkoberice.cz\/index.php?rest_route=\/wp\/v2\/posts\/3528\/revisions"}],"predecessor-version":[{"id":3532,"href":"https:\/\/tjsokolkoberice.cz\/index.php?rest_route=\/wp\/v2\/posts\/3528\/revisions\/3532"}],"wp:featuredmedia":[{"embeddable":true,"href":"https:\/\/tjsokolkoberice.cz\/index.php?rest_route=\/wp\/v2\/media\/2991"}],"wp:attachment":[{"href":"https:\/\/tjsokolkoberice.cz\/index.php?rest_route=%2Fwp%2Fv2%2Fmedia&parent=3528"}],"wp:term":[{"taxonomy":"category","embeddable":true,"href":"https:\/\/tjsokolkoberice.cz\/index.php?rest_route=%2Fwp%2Fv2%2Fcategories&post=3528"},{"taxonomy":"post_tag","embeddable":true,"href":"https:\/\/tjsokolkoberice.cz\/index.php?rest_route=%2Fwp%2Fv2%2Ftags&post=3528"}],"curies":[{"name":"wp","href":"https:\/\/api.w.org\/{rel}","templated":true}]}}