{"id":3534,"date":"2017-02-28T16:29:23","date_gmt":"2017-02-28T15:29:23","guid":{"rendered":"https:\/\/tjsokolkoberice.cz\/?p=3534"},"modified":"2025-10-14T11:57:01","modified_gmt":"2025-10-14T10:57:01","slug":"dorostenci-v-krajskem-finale-v-ostrave-druzi","status":"publish","type":"post","link":"https:\/\/tjsokolkoberice.cz\/?p=3534","title":{"rendered":"Dorostenci v krajsk\u00e9m fin\u00e1le v Ostrav\u011b druz\u00ed!"},"content":{"rendered":"<p><span style=\"font-family: arial,helvetica,sans-serif; font-size: 12pt;\">O uplynul\u00e9m v\u00edkendu se dorostenci TJ Sokol Kobe\u0159ice z\u00fa\u010dastnili dvou halov\u00fdch turnaj\u016f, a to v sobotu v Doln\u00edm Bene\u0161ov\u011b a v ned\u011bli v Ostrav\u011b.<\/span><\/p>\n<p><span style=\"font-size: 14pt;\"><em><strong><span style=\"font-family: arial, helvetica, sans-serif;\">Sobota 25.2. Doln\u00ed Bene\u0161ov<\/span><\/strong><\/em><\/span><\/p>\n<p><span style=\"font-family: arial,helvetica,sans-serif; font-size: 12pt;\">Turnaje se z\u00fa\u010dastnilo 5 mu\u017estev a na\u0161i dorostenci v siln\u00e9 konkurenci dok\u00e1zali tento turnaj vyhr\u00e1t, p\u0159i\u010dem\u017e neztratili \u017e\u00e1dn\u00fd bod a dokonce neinkasovali \u017e\u00e1dnou branku.<\/span><\/p>\n<div><span style=\"font-family: arial,helvetica,sans-serif; font-size: 12pt;\">\u00a0<\/span><\/div>\n<p><strong><span style=\"font-family: arial,helvetica,sans-serif; font-size: 12pt;\">V\u00ddSLEDKY:<\/span><\/strong><\/p>\n<div><span style=\"font-family: arial,helvetica,sans-serif; font-size: 12pt;\">\u00a0 Kobe\u0159ice &#8211; Bolatice \u00a01:0 (branky: Kolar\u010d\u00edk)<\/span><\/div>\n<div><span style=\"font-family: arial,helvetica,sans-serif; font-size: 12pt;\">\u00a0 Kobe\u0159ice &#8211; D. Bene\u0161ov 2:0 (branky: Kaspar, Bolack\u00fd)<\/span><\/div>\n<div><span style=\"font-family: arial,helvetica,sans-serif; font-size: 12pt;\">\u00a0 Kobe\u0159ice &#8211; Kozmice 2:0 (branky: Kaspar, Harto\u0161)<\/span><\/div>\n<div><span style=\"font-family: arial,helvetica,sans-serif; font-size: 12pt;\">\u00a0 Kobe\u0159ice &#8211; Bohuslavice 5:0 (branky: Harto\u0161 2, Bolack\u00fd 2, \u0160van\u010dar)<\/span><\/div>\n<div><span style=\"font-family: arial,helvetica,sans-serif; font-size: 12pt;\">\u00a0<\/span><\/div>\n<p><strong><span style=\"font-family: arial,helvetica,sans-serif; font-size: 12pt;\">Kone\u010dn\u00e9 po\u0159ad\u00ed:<\/span><\/strong><\/p>\n<div><span style=\"font-family: arial,helvetica,sans-serif; font-size: 12pt;\">\u00a0 <strong>1. Kobe\u0159ice \u00a0 \u00a0 \u00a0 \u00a0 \u00a010:0 \u00a0 \u00a0 \u00a0 12 b<\/strong>.<\/span><\/div>\n<div><span style=\"font-family: arial,helvetica,sans-serif; font-size: 12pt;\">\u00a0 2. D. Bene\u0161ov \u00a0 \u00a0 \u00a0 \u00a0 4:4 \u00a0 \u00a0 \u00a0 \u00a0 7<\/span><\/div>\n<div><span style=\"font-family: arial,helvetica,sans-serif; font-size: 12pt;\">\u00a0 3. Kozmice \u00a0 \u00a0 \u00a0 \u00a0 \u00a0 \u00a0 \u00a07:3 \u00a0 \u00a0 \u00a0 \u00a0 6<\/span><\/div>\n<div><span style=\"font-family: arial,helvetica,sans-serif; font-size: 12pt;\">\u00a0 4. Bolatice \u00a0 \u00a0 \u00a0 \u00a0 \u00a0 \u00a0 \u00a0 3:6 \u00a0 \u00a0 \u00a0 \u00a0 4<\/span><\/div>\n<div><span style=\"font-family: arial,helvetica,sans-serif; font-size: 12pt;\">\u00a0 5. Bohuslavice \u00a0 \u00a0 \u00a0 \u00a00:11 \u00a0 \u00a0 \u00a0 \u00a00<\/span><\/div>\n<p><span style=\"font-family: arial,helvetica,sans-serif; font-size: 12pt;\"><strong>Nejlep\u0161\u00ed hr\u00e1\u010d turnaje:<\/strong> Tom\u00e1\u0161 Bolack\u00fd (Kobe\u0159ice)<\/span><\/p>\n<p><span style=\"font-family: arial,helvetica,sans-serif; font-size: 12pt;\"><strong>Turnaje se z\u00fa\u010dastnili:<\/strong> Petr Schlischka, Petr Wittek, Daniel Harto\u0161, Nikolas Kaspar, Tom\u00e1\u0161 Bolack\u00fd,<\/span><\/p>\n<div><span style=\"font-family: arial,helvetica,sans-serif; font-size: 12pt;\">\u00a0 \u00a0 \u00a0 \u00a0 \u00a0 \u00a0 \u00a0 \u00a0 \u00a0 \u00a0 \u00a0 \u00a0 \u00a0 \u00a0 \u00a0 \u00a0 \u00a0 \u00a0 \u00a0 \u00a0 \u00a0 \u00a0 Andreas Kolar\u010d\u00edk, Sebasti\u00e1n \u0160van\u010dar, Martin St\u0159\u00edbn\u00fd<\/span><\/div>\n<div><\/div>\n<div><span style=\"font-family: arial,helvetica,sans-serif; font-size: 12pt;\">\u00a0<\/span><\/div>\n<div><span style=\"font-size: 14pt;\"><em><strong><span style=\"font-family: arial, helvetica, sans-serif;\">Ned\u011ble 26.2.\u00a0Ostrava<\/span><\/strong><\/em><\/span><\/div>\n<p><span style=\"font-family: arial,helvetica,sans-serif; font-size: 12pt;\">V ned\u011bli se na\u0161i dorostenci z\u00fa\u010dastnili krajsk\u00e9ho fin\u00e1le &#8222;O POH\u00c1R VV Moravskoslezsk\u00e9ho KFS&#8220;, kter\u00fd se hr\u00e1l v Ostrav\u011b za \u00fa\u010dasti 6 mu\u017estev. Po po\u010d\u00e1te\u010dn\u00edm nezdaru jsme ostatn\u00ed utk\u00e1n\u00ed vyhr\u00e1li a obsadili kone\u010dn\u00e9 kr\u00e1sn\u00e9 2. m\u00edsto. Na\u0161emu celku k tomuto \u00fasp\u011bchu gratulujeme!<\/span><\/p>\n<div><span style=\"font-family: arial,helvetica,sans-serif; font-size: 12pt;\">\u00a0<\/span><\/div>\n<p><strong><span style=\"font-family: arial,helvetica,sans-serif; font-size: 12pt;\">V\u00fdsledky:<\/span><\/strong><\/p>\n<div><span style=\"font-family: arial,helvetica,sans-serif; font-size: 12pt;\">\u00a0 Kobe\u0159ice &#8211; Star\u00e9 M\u011bsto 3:7 (Rother, St\u0159\u00edbn\u00fd, Kaspar)<\/span><\/div>\n<div><span style=\"font-family: arial,helvetica,sans-serif; font-size: 12pt;\">\u00a0 Kobe\u0159ice &#8211; H.Bene\u0161ov 6:3 \u00a0(Bolack\u00fd 2, Rother 2, St\u0159\u00edbn\u00fd 2)<\/span><\/div>\n<div><span style=\"font-family: arial,helvetica,sans-serif; font-size: 12pt;\">\u00a0 Kobe\u0159ice &#8211; Jablunkov 2:1 \u00a0(Bolack\u00fd, Rother)<\/span><\/div>\n<div><span style=\"font-family: arial,helvetica,sans-serif; font-size: 12pt;\">\u00a0 Kobe\u0159ice &#8211; Bohum\u00edn 6:4 \u00a0(Bolack\u00fd 3, Kollek 2, St\u0159\u00edbn\u00fd)<\/span><\/div>\n<div><span style=\"font-family: arial,helvetica,sans-serif; font-size: 12pt;\">\u00a0 Kobe\u0159ice &#8211; Svinov 2:1 \u00a0(Bolack\u00fd, St\u0159\u00edbn\u00fd)<\/span><\/div>\n<div><span style=\"font-family: arial,helvetica,sans-serif; font-size: 12pt;\">\u00a0<\/span><\/div>\n<p><strong><span style=\"font-family: arial,helvetica,sans-serif; font-size: 12pt;\">Kone\u010dn\u00e9 po\u0159ad\u00ed:<\/span><\/strong><\/p>\n<div><span style=\"font-family: arial,helvetica,sans-serif; font-size: 12pt;\">\u00a0 1. Star\u00e9 M\u011bsto \u00a0 \u00a0 \u00a0 \u00a0 \u00a0 33:14 \u00a0 \u00a0 \u00a0 15 b.<\/span><\/div>\n<div><span style=\"font-family: arial,helvetica,sans-serif; font-size: 12pt;\">\u00a0<strong> 2. Kobe\u0159ice \u00a0 \u00a0 \u00a0 \u00a0 \u00a0 \u00a0 \u00a0 19:16 \u00a0 \u00a0 \u00a0 12<\/strong><\/span><\/div>\n<div><span style=\"font-family: arial,helvetica,sans-serif; font-size: 12pt;\">\u00a0 3. Jablunkov \u00a0 \u00a0 \u00a0 \u00a0 \u00a0 \u00a0 \u00a023:20 \u00a0 \u00a0 \u00a0 \u00a09<\/span><\/div>\n<div><span style=\"font-family: arial,helvetica,sans-serif; font-size: 12pt;\">\u00a0 4. Bohum\u00edn \u00a0 \u00a0 \u00a0 \u00a0 \u00a0 \u00a0 \u00a0 \u00a019:24 \u00a0 \u00a0 \u00a0 \u00a03<\/span><\/div>\n<div><span style=\"font-family: arial,helvetica,sans-serif; font-size: 12pt;\">\u00a0 5. Svinov \u00a0 \u00a0 \u00a0 \u00a0 \u00a0 \u00a0 \u00a0 \u00a0 \u00a0 13:24 \u00a0 \u00a0 \u00a0 \u00a0 3<\/span><\/div>\n<div><span style=\"font-family: arial,helvetica,sans-serif; font-size: 12pt;\">\u00a0 6. H. Bene\u0161ov \u00a0 \u00a0 \u00a0 \u00a0 \u00a0 17:26 \u00a0 \u00a0 \u00a0 \u00a0 3<\/span><\/div>\n<p><span style=\"font-family: arial,helvetica,sans-serif; font-size: 12pt;\"><strong>Nejlep\u0161\u00ed branka\u0159:<\/strong> \u00a0Ond\u0159ej Strzibn\u00fd (Kobe\u0159ice)<\/span><\/p>\n<p><span style=\"font-family: arial,helvetica,sans-serif; font-size: 12pt;\"><strong>Turnaje se z\u00fa\u010dastnili:<\/strong> Ond\u0159ej Strzibn\u00fd, Tom\u00e1\u0161 Bolack\u00fd, Martin St\u0159\u00edbn\u00fd, Filip Kollek, Filip Stromsk\u00fd,<\/span><\/p>\n<div><span style=\"font-family: arial,helvetica,sans-serif; font-size: 12pt;\">\u00a0 \u00a0 \u00a0 \u00a0 \u00a0 \u00a0 \u00a0 \u00a0 \u00a0 \u00a0 \u00a0 \u00a0 \u00a0 \u00a0 \u00a0 \u00a0 \u00a0 \u00a0 \u00a0 \u00a0 \u00a0 \u00a0 Filip Rother, Sebasti\u00e1n \u0160van\u010dar, Martin Moravec, Nikolas Kaspar, Matou\u0161<\/span><\/div>\n<div><span style=\"font-family: arial,helvetica,sans-serif; font-size: 12pt;\">\u00a0 \u00a0 \u00a0 \u00a0 \u00a0 \u00a0 \u00a0 \u00a0 \u00a0 \u00a0 \u00a0 \u00a0 \u00a0 \u00a0 \u00a0 \u00a0 \u00a0 \u00a0 \u00a0 \u00a0 \u00a0 \u00a0 Seidler<\/span><\/div>\n<p><span style=\"font-family: arial,helvetica,sans-serif; font-size: 12pt;\">Na\u0161im dorostenc\u016fm a tren\u00e9r\u016fm d\u011bkujeme za vzornou reprezentaci TJ Sokol a gratulujeme k dosa\u017een\u00fdm \u00fasp\u011bch\u016fm!<\/span><\/p>\n","protected":false},"excerpt":{"rendered":"<p>O uplynul\u00e9m v\u00edkendu se dorostenci TJ Sokol Kobe\u0159ice z\u00fa\u010dastnili dvou halov\u00fdch turnaj\u016f, a to v sobotu v Doln\u00edm Bene\u0161ov\u011b a v ned\u011bli v Ostrav\u011b. Sobota 25.2.<span class=\"excerpt-hellip\"> [\u2026]<\/span><\/p>\n","protected":false},"author":3,"featured_media":3535,"comment_status":"closed","ping_status":"open","sticky":false,"template":"","format":"standard","meta":{"ngg_post_thumbnail":0,"footnotes":""},"categories":[110,107,150],"tags":[],"class_list":["post-3534","post","type-post","status-publish","format-standard","has-post-thumbnail","hentry","category-dorost","category-fotbal","category-vse"],"_links":{"self":[{"href":"https:\/\/tjsokolkoberice.cz\/index.php?rest_route=\/wp\/v2\/posts\/3534","targetHints":{"allow":["GET"]}}],"collection":[{"href":"https:\/\/tjsokolkoberice.cz\/index.php?rest_route=\/wp\/v2\/posts"}],"about":[{"href":"https:\/\/tjsokolkoberice.cz\/index.php?rest_route=\/wp\/v2\/types\/post"}],"author":[{"embeddable":true,"href":"https:\/\/tjsokolkoberice.cz\/index.php?rest_route=\/wp\/v2\/users\/3"}],"replies":[{"embeddable":true,"href":"https:\/\/tjsokolkoberice.cz\/index.php?rest_route=%2Fwp%2Fv2%2Fcomments&post=3534"}],"version-history":[{"count":9,"href":"https:\/\/tjsokolkoberice.cz\/index.php?rest_route=\/wp\/v2\/posts\/3534\/revisions"}],"predecessor-version":[{"id":3556,"href":"https:\/\/tjsokolkoberice.cz\/index.php?rest_route=\/wp\/v2\/posts\/3534\/revisions\/3556"}],"wp:featuredmedia":[{"embeddable":true,"href":"https:\/\/tjsokolkoberice.cz\/index.php?rest_route=\/wp\/v2\/media\/3535"}],"wp:attachment":[{"href":"https:\/\/tjsokolkoberice.cz\/index.php?rest_route=%2Fwp%2Fv2%2Fmedia&parent=3534"}],"wp:term":[{"taxonomy":"category","embeddable":true,"href":"https:\/\/tjsokolkoberice.cz\/index.php?rest_route=%2Fwp%2Fv2%2Fcategories&post=3534"},{"taxonomy":"post_tag","embeddable":true,"href":"https:\/\/tjsokolkoberice.cz\/index.php?rest_route=%2Fwp%2Fv2%2Ftags&post=3534"}],"curies":[{"name":"wp","href":"https:\/\/api.w.org\/{rel}","templated":true}]}}