{"id":3599,"date":"2017-03-12T20:25:46","date_gmt":"2017-03-12T19:25:46","guid":{"rendered":"https:\/\/tjsokolkoberice.cz\/?p=3599"},"modified":"2025-10-14T11:56:49","modified_gmt":"2025-10-14T10:56:49","slug":"clanek-sachoveho-oddilu-rok-2016-2017","status":"publish","type":"post","link":"https:\/\/tjsokolkoberice.cz\/?p=3599","title":{"rendered":"\u010cl\u00e1nek \u0161achov\u00e9ho odd\u00edlu rok 2016 \/ 2017"},"content":{"rendered":"<p style=\"text-align: justify;\"><span style=\"font-size: 12pt; font-family: arial,helvetica,sans-serif;\">V\u00e1\u017eeni sportovn\u00ed p\u0159\u00edznivci,<\/span><\/p>\n<p style=\"text-align: justify;\"><span style=\"font-size: 12pt; font-family: arial,helvetica,sans-serif;\">dovolte, abychom v\u00e1s sezn\u00e1mili s&nbsp;v\u00fdsledky \u0161achov\u00e9ho odd\u00edlu za uplynulou sezonu 2016 \/ 2017. V&nbsp;okresn\u00ed sout\u011b\u017ei jsme m\u011bli nasazen\u00e9 dv\u011b mu\u017estva \u2013 Kobe\u0159ice \u201eA\u201c a \u201eB\u201c. Soupiska t\u00fdm\u016f byla sestaven\u00e1 tak, aby \u201e\u00e1\u010dko\u201c bylo co nejsiln\u011bj\u0161\u00ed a v&nbsp;t\u00e9to sezon\u011b dok\u00e1zalo postoupit o t\u0159\u00eddu v\u00fd\u0161 do Okresn\u00edho p\u0159eboru. U\u017e od \u00favodn\u00edch z\u00e1pas\u016f bylo z\u0159ejm\u00e9, \u017ee tento krok byl dobrou volbou a prvn\u00ed mu\u017estvo s&nbsp;p\u0159ehledem v\u00edt\u011bzilo a poctiv\u011b sb\u00edralo body. Je t\u0159eba \u0159\u00edct, \u017ee na \u00fakor mu\u017estva \u201eB\u201c, kter\u00e9 sp\u00ed\u0161e sb\u00edralo zku\u0161enosti. Situace v&nbsp;tabulce vykrystalizovala tak, \u017ee posledn\u00ed utk\u00e1n\u00ed \u0160K 1935 Bolatice \u2013 TJ Sokol Kobe\u0159ice \u201eA\u201c (26. 2. 2017) bylo p\u0159\u00edm\u00fdm soubojem o prvn\u00ed m\u00edsto a postup do vy\u0161\u0161\u00ed sout\u011b\u017ee. A\u010d jsme byli m\u00edrn\u00fdmi favority, dom\u00e1c\u00ed nasadili omlazenou sestavu, kter\u00e1 n\u00e1s dok\u00e1zala zasko\u010dit. Bolatice nakonec v&nbsp;tomto vz\u00e1jemn\u00e9m utk\u00e1n\u00ed zv\u00edt\u011bzili 3,5:1,5 a u\u0161t\u011bd\u0159ili n\u00e1m prvn\u00ed por\u00e1\u017eku v&nbsp;sezon\u011b, ale vzhledem k&nbsp;lep\u0161\u00edmu sk\u00f3re v&nbsp;jednotliv\u00fdch parti\u00edch jsme prvn\u00ed m\u00edsto udr\u017eeli (viz. tabulka) a po roce jsme se op\u011bt dostali tam, kam kobe\u0159ick\u00fd \u0161achov\u00fd odd\u00edl pat\u0159\u00ed \u2013 do okresn\u00edho p\u0159eboru!<\/span><\/p>\n<p style=\"text-align: justify;\"><span style=\"font-size: 12pt; font-family: arial,helvetica,sans-serif;\">D\u011bkujeme v\u0161em hr\u00e1\u010d\u016fm, kte\u0159\u00ed si po celou sezonu udr\u017eovali velice dobrou formu (nejen d\u00edky intenzivn\u00edm p\u00e1te\u010dn\u00edm tr\u00e9nink\u016fm) a p\u0159ejeme hodn\u011b \u0161t\u011bst\u00ed a \u0161achov\u00e9ho umu v&nbsp;nadch\u00e1zej\u00edc\u00ed sezon\u011b.<\/span><\/p>\n<p style=\"text-align: justify;\"><a href=\"https:\/\/tjsokolkoberice.cz\/wp-content\/uploads\/2017\/03\/tabulka-sachu.jpg\"><img loading=\"lazy\" decoding=\"async\" class=\"alignnone size-full wp-image-3600\" src=\"https:\/\/tjsokolkoberice.cz\/wp-content\/uploads\/2017\/03\/tabulka-sachu.jpg\" alt=\"\" height=\"283\" width=\"592\" srcset=\"https:\/\/tjsokolkoberice.cz\/wp-content\/uploads\/2017\/03\/tabulka-sachu.jpg 592w, https:\/\/tjsokolkoberice.cz\/wp-content\/uploads\/2017\/03\/tabulka-sachu-300x143.jpg 300w\" sizes=\"auto, (max-width:767px) 480px, 592px\" \/><\/a><\/p>\n<p style=\"text-align: justify;\"><span style=\"font-size: 12pt; font-family: arial,helvetica,sans-serif;\">Zdroj: <span style=\"color: #003366;\"><a style=\"color: #003366;\" href=\"http:\/\/db.chess.cz\/soutez.php?sid=1739\">http:\/\/db.chess.cz\/soutez.php?sid=1739<\/a><\/span><\/span><\/p>\n<p style=\"text-align: justify;\">&nbsp;<\/p>\n<p style=\"text-align: justify;\"><span style=\"font-size: 12pt; font-family: arial,helvetica,sans-serif;\">Jakub Mrovec<\/span><\/p>\n<ol start=\"6\">\n<li style=\"text-align: justify;\"><span style=\"font-size: 12pt; font-family: arial,helvetica,sans-serif;\">3. 2017<\/span><\/li>\n<\/ol>\n","protected":false},"excerpt":{"rendered":"<p>V\u00e1\u017eeni sportovn\u00ed p\u0159\u00edznivci, dovolte, abychom v\u00e1s sezn\u00e1mili s&nbsp;v\u00fdsledky \u0161achov\u00e9ho odd\u00edlu za uplynulou sezonu 2016 \/ 2017. V&nbsp;okresn\u00ed sout\u011b\u017ei jsme m\u011bli nasazen\u00e9 dv\u011b mu\u017estva \u2013 Kobe\u0159ice \u201eA\u201c<span class=\"excerpt-hellip\"> [\u2026]<\/span><\/p>\n","protected":false},"author":3,"featured_media":3601,"comment_status":"closed","ping_status":"open","sticky":false,"template":"","format":"standard","meta":{"ngg_post_thumbnail":0,"footnotes":""},"categories":[162,150],"tags":[],"class_list":["post-3599","post","type-post","status-publish","format-standard","has-post-thumbnail","hentry","category-sachy","category-vse"],"_links":{"self":[{"href":"https:\/\/tjsokolkoberice.cz\/index.php?rest_route=\/wp\/v2\/posts\/3599","targetHints":{"allow":["GET"]}}],"collection":[{"href":"https:\/\/tjsokolkoberice.cz\/index.php?rest_route=\/wp\/v2\/posts"}],"about":[{"href":"https:\/\/tjsokolkoberice.cz\/index.php?rest_route=\/wp\/v2\/types\/post"}],"author":[{"embeddable":true,"href":"https:\/\/tjsokolkoberice.cz\/index.php?rest_route=\/wp\/v2\/users\/3"}],"replies":[{"embeddable":true,"href":"https:\/\/tjsokolkoberice.cz\/index.php?rest_route=%2Fwp%2Fv2%2Fcomments&post=3599"}],"version-history":[{"count":3,"href":"https:\/\/tjsokolkoberice.cz\/index.php?rest_route=\/wp\/v2\/posts\/3599\/revisions"}],"predecessor-version":[{"id":3606,"href":"https:\/\/tjsokolkoberice.cz\/index.php?rest_route=\/wp\/v2\/posts\/3599\/revisions\/3606"}],"wp:featuredmedia":[{"embeddable":true,"href":"https:\/\/tjsokolkoberice.cz\/index.php?rest_route=\/wp\/v2\/media\/3601"}],"wp:attachment":[{"href":"https:\/\/tjsokolkoberice.cz\/index.php?rest_route=%2Fwp%2Fv2%2Fmedia&parent=3599"}],"wp:term":[{"taxonomy":"category","embeddable":true,"href":"https:\/\/tjsokolkoberice.cz\/index.php?rest_route=%2Fwp%2Fv2%2Fcategories&post=3599"},{"taxonomy":"post_tag","embeddable":true,"href":"https:\/\/tjsokolkoberice.cz\/index.php?rest_route=%2Fwp%2Fv2%2Ftags&post=3599"}],"curies":[{"name":"wp","href":"https:\/\/api.w.org\/{rel}","templated":true}]}}