{"id":3608,"date":"2017-03-14T12:01:57","date_gmt":"2017-03-14T11:01:57","guid":{"rendered":"https:\/\/tjsokolkoberice.cz\/?p=3608"},"modified":"2025-10-14T11:56:49","modified_gmt":"2025-10-14T10:56:49","slug":"kobericka-dvacitka","status":"publish","type":"post","link":"https:\/\/tjsokolkoberice.cz\/?p=3608","title":{"rendered":"KOBE\u0158ICK\u00c1 DVAC\u00cdTKA"},"content":{"rendered":"<p><span style=\"font-size: 12pt; font-family: arial,helvetica,sans-serif;\">12. 3. 2017 se uskute\u010dnil dal\u0161\u00ed z\u00e1vod po\u0159\u00e1dan\u00fd AO Kobe\u0159ice. Z\u00e1vod s&nbsp;n\u00e1zvem \u201eKobe\u0159ick\u00e1 dvac\u00edtka\u201c se b\u011b\u017eel ji\u017e po 36. a lze konstatovat, \u017ee se jednalo op\u011bt o dal\u0161\u00ed ze s\u00e9rie \u00fasp\u011b\u0161n\u00fdch z\u00e1vod\u016f.<\/span><\/p>\n<p style=\"text-align: justify;\">&nbsp;<span style=\"font-size: 12pt; font-family: arial,helvetica,sans-serif;\">B\u011b\u017eelo se hned v&nbsp;n\u011bkolika kategori\u00edch:<\/span><\/p>\n<ul style=\"text-align: justify;\">\n<li><span style=\"font-size: 12pt; font-family: arial,helvetica,sans-serif;\"><strong>A (mu\u017ei do 39 let)<\/strong><\/span><\/li>\n<li><span style=\"font-size: 12pt; font-family: arial,helvetica,sans-serif;\"><strong>B (mu\u017ei do 49 let)<\/strong><\/span><\/li>\n<li><span style=\"font-size: 12pt; font-family: arial,helvetica,sans-serif;\"><strong>C (mu\u017ei do 59 let)<\/strong><\/span><\/li>\n<li><span style=\"font-size: 12pt; font-family: arial,helvetica,sans-serif;\"><strong>D (mu\u017ei do 69 let)<\/strong><\/span><\/li>\n<li><span style=\"font-size: 12pt; font-family: arial,helvetica,sans-serif;\"><strong>E (mu\u017ei nad 70 let)<\/strong><\/span><\/li>\n<li><span style=\"font-size: 12pt; font-family: arial,helvetica,sans-serif;\"><strong>F (\u017eeny do 35 let)<\/strong><\/span><\/li>\n<li><span style=\"font-size: 12pt; font-family: arial,helvetica,sans-serif;\"><strong>G (\u017eeny nad 35 let)<\/strong><\/span><\/li>\n<li><span style=\"font-size: 12pt; font-family: arial,helvetica,sans-serif;\"><strong>Kondi\u010dn\u00ed b\u011bh mu\u017ei 6km<\/strong><\/span><\/li>\n<li><span style=\"font-size: 12pt; font-family: arial,helvetica,sans-serif;\"><strong>Kondi\u010dn\u00ed b\u011bh \u017eeny 6km<\/strong><\/span><\/li>\n<li><span style=\"font-size: 12pt; font-family: arial,helvetica,sans-serif;\"><strong>Kondi\u010dn\u00ed b\u011bh mu\u017ei 10km<\/strong><\/span><\/li>\n<li><span style=\"font-size: 12pt; font-family: arial,helvetica,sans-serif;\"><strong>Kondi\u010dn\u00ed b\u011bh \u017eeny 10km<\/strong><\/span><\/li>\n<\/ul>\n<p style=\"text-align: justify;\">&nbsp;<span style=\"font-size: 12pt; font-family: arial,helvetica,sans-serif;\">Po\u010das\u00ed z\u00e1vodu p\u0159\u00e1lo po celou dobu. Odstartov\u00e1no bylo v&nbsp;9.00 r\u00e1no a to hromadn\u00fdm startem s&nbsp;celkov\u00fdm po\u010dtem <strong>134b\u011b\u017ec\u016f<\/strong>(tento po\u010det je pouze v&nbsp;dosp\u011bl\u00fdch kategori\u00edch, viz v\u00fd\u0161e).<\/span><\/p>\n<p style=\"text-align: justify;\"><span style=\"font-size: 12pt; font-family: arial,helvetica,sans-serif;\">Siln\u00e9 zastoupen\u00ed m\u011bli op\u011bt b\u011b\u017eci z&nbsp;Polska, ale i z&nbsp;Ostravy, Karvin\u00e9 a jin\u00fdch kout\u016f MSK.<\/span><\/p>\n<p style=\"text-align: justify;\"><span style=\"font-size: 12pt; font-family: arial,helvetica,sans-serif;\">A jak si b\u011b\u017eci v&nbsp;jednotliv\u00fdch kategori\u00edch vedli?<\/span><\/p>\n<p style=\"text-align: justify;\"><span style=\"font-size: 12pt; font-family: arial,helvetica,sans-serif;\"><strong>\u201eKategorie A\u201c:<\/strong><\/span><\/p>\n<p style=\"text-align: justify;\"><span style=\"font-size: 12pt; font-family: arial,helvetica,sans-serif;\">Zeman\u00edk Jan<\/span><\/p>\n<p style=\"text-align: justify;\"><span style=\"font-size: 12pt; font-family: arial,helvetica,sans-serif;\">Oc\u00e1sek Martin<\/span><\/p>\n<p style=\"text-align: justify;\"><span style=\"font-size: 12pt; font-family: arial,helvetica,sans-serif;\">Fousek Jan<\/span><\/p>\n<p style=\"text-align: justify;\"><span style=\"font-size: 12pt; font-family: arial,helvetica,sans-serif;\">&nbsp;<strong>\u201eKategorie B\u201c:<\/strong><\/span><\/p>\n<p style=\"text-align: justify;\"><span style=\"font-size: 12pt; font-family: arial,helvetica,sans-serif;\">Wrobel Tomasz<\/span><\/p>\n<p style=\"text-align: justify;\"><span style=\"font-size: 12pt; font-family: arial,helvetica,sans-serif;\">\u0160kapa Marek<\/span><\/p>\n<p style=\"text-align: justify;\"><span style=\"font-size: 12pt; font-family: arial,helvetica,sans-serif;\">Svoboda Tom\u00e1\u0161<\/span><\/p>\n<p style=\"text-align: justify;\"><span style=\"font-size: 12pt; font-family: arial,helvetica,sans-serif;\">&nbsp;<strong>\u201eKategorie C\u201c:<\/strong><\/span><\/p>\n<p style=\"text-align: justify;\"><span style=\"font-size: 12pt; font-family: arial,helvetica,sans-serif;\">\u0160krab\u00e1nek Petr<\/span><\/p>\n<p style=\"text-align: justify;\"><span style=\"font-size: 12pt; font-family: arial,helvetica,sans-serif;\">\u0160indelek Vladan<\/span><\/p>\n<p style=\"text-align: justify;\"><span style=\"font-size: 12pt; font-family: arial,helvetica,sans-serif;\">Bal\u00e1\u017e Roman<\/span><\/p>\n<p style=\"text-align: justify;\"><span style=\"font-size: 12pt; font-family: arial,helvetica,sans-serif;\">&nbsp;<strong>\u201eKategorie D\u201c:<\/strong><\/span><\/p>\n<p style=\"text-align: justify;\"><span style=\"font-size: 12pt; font-family: arial,helvetica,sans-serif;\">Denca Jan<\/span><\/p>\n<p style=\"text-align: justify;\"><span style=\"font-size: 12pt; font-family: arial,helvetica,sans-serif;\">Sikora \u0160tefan<\/span><\/p>\n<p style=\"text-align: justify;\"><span style=\"font-size: 12pt; font-family: arial,helvetica,sans-serif;\">Jasek Tadeusz<\/span><\/p>\n<p style=\"text-align: justify;\"><span style=\"font-size: 12pt; font-family: arial,helvetica,sans-serif;\">&nbsp;<strong>\u201eKategorie E\u201c:<\/strong><\/span><\/p>\n<p style=\"text-align: justify;\"><span style=\"font-size: 12pt; font-family: arial,helvetica,sans-serif;\">\u0160\u016fcha V\u00e1clav<\/span><\/p>\n<p style=\"text-align: justify;\"><span style=\"font-size: 12pt; font-family: arial,helvetica,sans-serif;\">\u0160orma Ivan<\/span><\/p>\n<p style=\"text-align: justify;\"><span style=\"font-size: 12pt; font-family: arial,helvetica,sans-serif;\">Beskydsk\u00fd Ded\u011bk<\/span><\/p>\n<p style=\"text-align: justify;\"><span style=\"font-size: 12pt; font-family: arial,helvetica,sans-serif;\">&nbsp;<strong>\u201eKategorie F\u201d:<\/strong><\/span><\/p>\n<p style=\"text-align: justify;\"><span style=\"font-size: 12pt; font-family: arial,helvetica,sans-serif;\">Esentierov\u00e1 Ad\u00e9la<\/span><\/p>\n<p style=\"text-align: justify;\"><span style=\"font-size: 12pt; font-family: arial,helvetica,sans-serif;\">Urbancov\u00e1 Zuzana<\/span><\/p>\n<p style=\"text-align: justify;\"><span style=\"font-size: 12pt; font-family: arial,helvetica,sans-serif;\">Martinkov\u00e1 Veronika<\/span><\/p>\n<p style=\"text-align: justify;\"><span style=\"font-size: 12pt; font-family: arial,helvetica,sans-serif;\"><strong>\u201eKategorie G\u201d:<\/strong><\/span><\/p>\n<p style=\"text-align: justify;\"><span style=\"font-size: 12pt; font-family: arial,helvetica,sans-serif;\">Zbo\u0159ilov\u00e1 Ivana<\/span><\/p>\n<p style=\"text-align: justify;\"><span style=\"font-size: 12pt; font-family: arial,helvetica,sans-serif;\">Odehnalov\u00e1 Lucie<\/span><\/p>\n<p style=\"text-align: justify;\"><span style=\"font-size: 12pt; font-family: arial,helvetica,sans-serif;\">N\u00e1vratov\u00e1 \u0160\u00e1pkov\u00e1 Tereza<\/span><\/p>\n<p style=\"text-align: justify;\"><span style=\"font-size: 12pt; font-family: arial,helvetica,sans-serif;\">&nbsp;<strong>\u201eKategorie kondi\u010dn\u00ed b\u011bh mu\u017ei 6km\u201d:<\/strong><\/span><\/p>\n<p style=\"text-align: justify;\"><span style=\"font-size: 12pt; font-family: arial,helvetica,sans-serif;\">Antczak Robert<\/span><\/p>\n<p style=\"text-align: justify;\"><span style=\"font-size: 12pt; font-family: arial,helvetica,sans-serif;\">Jeziorski Piotr<\/span><\/p>\n<p style=\"text-align: justify;\"><span style=\"font-size: 12pt; font-family: arial,helvetica,sans-serif;\">Bo\u010dek Radim<\/span><\/p>\n<p style=\"text-align: justify;\"><span style=\"font-size: 12pt; font-family: arial,helvetica,sans-serif;\"><strong>\u201eKategorie kondi\u010dn\u00ed b\u011bh \u017eeny 6km\u201d:<\/strong><\/span><\/p>\n<p style=\"text-align: justify;\"><span style=\"font-size: 12pt; font-family: arial,helvetica,sans-serif;\">Michopullu Nelly<\/span><\/p>\n<p style=\"text-align: justify;\"><span style=\"font-size: 12pt; font-family: arial,helvetica,sans-serif;\">\u0160t\u011bp\u00e1nov\u00e1 Sabina<\/span><\/p>\n<p style=\"text-align: justify;\"><span style=\"font-size: 12pt; font-family: arial,helvetica,sans-serif;\">Dedkov\u00e1 And\u011bla<\/span><\/p>\n<p style=\"text-align: justify;\"><span style=\"font-size: 12pt; font-family: arial,helvetica,sans-serif;\"><strong>\u201eKategorie kondi\u010dn\u00ed b\u011bh mu\u017ei 10km\u201d:<\/strong><\/span><\/p>\n<p style=\"text-align: justify;\"><span style=\"font-size: 12pt; font-family: arial,helvetica,sans-serif;\">GrycmanKazimir<\/span><\/p>\n<p style=\"text-align: justify;\"><span style=\"font-size: 12pt; font-family: arial,helvetica,sans-serif;\">Burda Filip<\/span><\/p>\n<p style=\"text-align: justify;\"><span style=\"font-size: 12pt; font-family: arial,helvetica,sans-serif;\">Li\u0161ka Petr<\/span><\/p>\n<p style=\"text-align: justify;\"><span style=\"font-size: 12pt; font-family: arial,helvetica,sans-serif;\"><strong>\u201eKategorie kondi\u010dn\u00ed b\u011bh \u017eeny 10km\u201d:<\/strong><\/span><\/p>\n<p style=\"text-align: justify;\"><span style=\"font-size: 12pt; font-family: arial,helvetica,sans-serif;\">\u0160lachtov\u00e1 Ivana<\/span><\/p>\n<p style=\"text-align: justify;\"><span style=\"font-size: 12pt; font-family: arial,helvetica,sans-serif;\">Van\u010durov\u00e1 Lenka<\/span><\/p>\n<p style=\"text-align: justify;\"><span style=\"font-size: 12pt; font-family: arial,helvetica,sans-serif;\">Balkov\u00e1 Nat\u00e1lie.<\/span><\/p>\n<p style=\"text-align: justify;\"><span style=\"font-size: 12pt; font-family: arial,helvetica,sans-serif;\">Podrobn\u00e9 v\u00fdsledky si m\u016f\u017eete prohl\u00e9dnout <span style=\"color: #003366;\"><a style=\"color: #003366;\" href=\"https:\/\/tjsokolkoberice.cz\/wp-content\/uploads\/2017\/03\/Vy\u0301sledky-Kober\u030cicka\u0301-dvaci\u0301tka.xlsx\" target=\"_blank\">zde&#8230;.<\/a><\/span><\/span><\/p>\n<p style=\"text-align: justify;\">[cs_button button_size=&#8220;btn-lg&#8220; button_title=&#8220;Fotogalerie&#8220; button_link=&#8220;http:\/\/falcon81.rajce.idnes.cz\/Kobericka_dvacitka_2017#&#8220; button_border=&#8220;yes&#8220; =&#8220;null&#8220; button_icon=&#8220;icon-th&#8220; button_icon_position=&#8220;left&#8220; button_type=&#8220;rectangle&#8220; button_target=&#8220;_self&#8220;]<\/p>\n<p style=\"text-align: justify;\"><span style=\"font-size: 12pt; font-family: arial,helvetica,sans-serif;\"><strong>AO Kobe\u0159ice d\u011bkuje v\u0161em, kte\u0159\u00ed se z\u00e1vodu z\u00fa\u010dastnili a hlavn\u011b t\u011bm, kte\u0159\u00ed se pod\u00edleli na jeho realizaci \ud83d\ude42<\/strong><\/span><\/p>\n","protected":false},"excerpt":{"rendered":"<p>12. 3. 2017 se uskute\u010dnil dal\u0161\u00ed z\u00e1vod po\u0159\u00e1dan\u00fd AO Kobe\u0159ice. Z\u00e1vod s&nbsp;n\u00e1zvem \u201eKobe\u0159ick\u00e1 dvac\u00edtka\u201c se b\u011b\u017eel ji\u017e po 36. a lze konstatovat, \u017ee se jednalo op\u011bt<span class=\"excerpt-hellip\"> [\u2026]<\/span><\/p>\n","protected":false},"author":3,"featured_media":3609,"comment_status":"closed","ping_status":"open","sticky":false,"template":"","format":"standard","meta":{"ngg_post_thumbnail":0,"footnotes":""},"categories":[126,150],"tags":[],"class_list":["post-3608","post","type-post","status-publish","format-standard","has-post-thumbnail","hentry","category-atletika","category-vse"],"_links":{"self":[{"href":"https:\/\/tjsokolkoberice.cz\/index.php?rest_route=\/wp\/v2\/posts\/3608","targetHints":{"allow":["GET"]}}],"collection":[{"href":"https:\/\/tjsokolkoberice.cz\/index.php?rest_route=\/wp\/v2\/posts"}],"about":[{"href":"https:\/\/tjsokolkoberice.cz\/index.php?rest_route=\/wp\/v2\/types\/post"}],"author":[{"embeddable":true,"href":"https:\/\/tjsokolkoberice.cz\/index.php?rest_route=\/wp\/v2\/users\/3"}],"replies":[{"embeddable":true,"href":"https:\/\/tjsokolkoberice.cz\/index.php?rest_route=%2Fwp%2Fv2%2Fcomments&post=3608"}],"version-history":[{"count":4,"href":"https:\/\/tjsokolkoberice.cz\/index.php?rest_route=\/wp\/v2\/posts\/3608\/revisions"}],"predecessor-version":[{"id":3614,"href":"https:\/\/tjsokolkoberice.cz\/index.php?rest_route=\/wp\/v2\/posts\/3608\/revisions\/3614"}],"wp:featuredmedia":[{"embeddable":true,"href":"https:\/\/tjsokolkoberice.cz\/index.php?rest_route=\/wp\/v2\/media\/3609"}],"wp:attachment":[{"href":"https:\/\/tjsokolkoberice.cz\/index.php?rest_route=%2Fwp%2Fv2%2Fmedia&parent=3608"}],"wp:term":[{"taxonomy":"category","embeddable":true,"href":"https:\/\/tjsokolkoberice.cz\/index.php?rest_route=%2Fwp%2Fv2%2Fcategories&post=3608"},{"taxonomy":"post_tag","embeddable":true,"href":"https:\/\/tjsokolkoberice.cz\/index.php?rest_route=%2Fwp%2Fv2%2Ftags&post=3608"}],"curies":[{"name":"wp","href":"https:\/\/api.w.org\/{rel}","templated":true}]}}