{"id":3620,"date":"2017-03-15T18:31:32","date_gmt":"2017-03-15T17:31:32","guid":{"rendered":"https:\/\/tjsokolkoberice.cz\/?p=3620"},"modified":"2025-10-14T11:56:49","modified_gmt":"2025-10-14T10:56:49","slug":"zacina-fotbalove-jaro-koberice-zahajuji-na-pude-ceskeho-tesina","status":"publish","type":"post","link":"https:\/\/tjsokolkoberice.cz\/?p=3620","title":{"rendered":"Za\u010d\u00edn\u00e1 fotbalov\u00e9 jaro, Kobe\u0159ice zahajuj\u00ed na p\u016fd\u011b \u010cesk\u00e9ho T\u011b\u0161\u00edna!"},"content":{"rendered":"<p><span style=\"font-family: arial, helvetica, sans-serif; font-size: 12pt;\">Po dlouh\u00e9 zimn\u00ed p\u0159est\u00e1vce se pozvolna rozb\u00edhaj\u00ed fotbalov\u00e9 sout\u011b\u017ee a jarn\u00ed \u010d\u00e1st sez\u00f3ny zahajuj\u00ed rovn\u011b\u017e na\u0161e t\u00fdmy, A mu\u017estvo v\u00a0\u010cesk\u00e9m T\u011b\u0161\u00edn\u011b a dorost ve Vratimov\u011b.<\/span><\/p>\n<p style=\"text-align: justify;\"><span style=\"font-size: 12pt; font-family: arial,helvetica,sans-serif;\">O uplynul\u00e9m v\u00edkendu bylo dv\u011bma z\u00e1pasy dohr\u00e1no 16. kolo nejvy\u0161\u0161\u00ed krajsk\u00e9 sout\u011b\u017ee, krajsk\u00e9ho p\u0159eboru mu\u017e\u016f, ve kter\u00e9m n\u00e1\u0161 sobotn\u00ed soupe\u0159 z\u00a0\u010cesk\u00e9ho T\u011b\u0161\u00edna porazil B\u0159idli\u010dnou na jej\u00edm h\u0159i\u0161ti 3:0 a \u010celadn\u00e1 doma p\u0159ehr\u00e1la Bohum\u00edn v\u00a0pom\u011bru 4:1.<\/span><\/p>\n<p style=\"text-align: justify;\"><span style=\"font-size: 12pt; font-family: arial,helvetica,sans-serif;\">B\u011bhem zimn\u00ed p\u0159est\u00e1vky do\u0161lo v\u00a0na\u0161em A mu\u017estvu k\u00a0n\u011bkolika zm\u011bn\u00e1m v\u00a0hr\u00e1\u010dsk\u00e9m k\u00e1dru. Do t\u00fdmu se po p\u016fl roce str\u00e1ven\u00e9m v\u00a0Rakousku vrac\u00ed Robin Wirth, kter\u00fd by m\u011bl spolu s\u00a0Du\u0161anem \u017dmol\u00edkem pat\u0159it k\u00a0hlavn\u00edm opor\u00e1m. P\u0159ich\u00e1z\u00ed rovn\u011b\u017e brank\u00e1\u0159 Mat\u011bj \u0160tencek a z\u00e1lo\u017en\u00edk Martin N\u011bm\u010d\u00edk, oba z\u00a0Opavy. V\u00a0jarn\u00edch boj\u00edch se budeme muset naopak obej\u00edt bez slu\u017eeb Honzy Buchty, kter\u00fd odcestoval do zahrani\u010d\u00ed za pracovn\u00edmi povinnostmi a tak\u00e9 bez brank\u00e1\u0159e Radima Voln\u00e9ho.<\/span><\/p>\n<p style=\"text-align: justify;\"><strong><span style=\"font-family: arial, helvetica, sans-serif; font-size: 12pt;\">Aktu\u00e1ln\u00ed hr\u00e1\u010dsk\u00fd k\u00e1dr A mu\u017estva:<\/span><\/strong><\/p>\n<p style=\"text-align: justify;\"><span style=\"font-family: arial, helvetica, sans-serif; font-size: 12pt;\"><strong>Brank\u00e1\u0159i: <\/strong>\u0160tencek Mat\u011bj, Ziegel Radek, Hluchn\u00edk Luk\u00e1\u0161,\u00a0<\/span><\/p>\n<p style=\"text-align: justify;\"><span style=\"font-family: arial, helvetica, sans-serif; font-size: 12pt;\"><strong>Obr\u00e1nci:<\/strong> Schreier Jan, Jan\u00edk David, Kollek Filip, Pavl\u00ed\u010dek Luk\u00e1\u0161, Wirth Robin, Oberherr Adam<\/span><\/p>\n<p style=\"text-align: justify;\"><span style=\"font-family: arial, helvetica, sans-serif; font-size: 12pt;\"><strong>Z\u00e1lo\u017en\u00edci:<\/strong> Wirth Ren\u00e9, \u017dmol\u00edk Du\u0161an, Stuchl\u00edk Petr, Stuchl\u00edk Radim, Kry\u0161tof Zden\u011bk, N\u011bm\u010d\u00edk Martin, Kubn\u00fd Anton\u00edn<\/span><\/p>\n<p style=\"text-align: justify;\"><span style=\"font-family: arial, helvetica, sans-serif; font-size: 12pt;\"><strong>\u00dato\u010dn\u00edci:<\/strong> Bo\u010dek Daniel, Oberherr Jan, \u0160ime\u010dek Adam<\/span><\/p>\n<p style=\"text-align: justify;\"><span style=\"font-family: arial, helvetica, sans-serif; font-size: 12pt;\"><strong>Tren\u00e9r:<\/strong> Tom\u00e1\u0161 Kamr\u00e1d, <strong>vedouc\u00ed:<\/strong> Martin Halfar<\/span><\/p>\n<p style=\"text-align: justify;\">\n<p style=\"text-align: justify;\"><span style=\"font-size: 14pt; font-family: arial, helvetica, sans-serif;\"><strong>Mu\u017ei \u201eA\u201c za\u010d\u00ednaj\u00ed jaro v \u010cesk\u00e9m T\u011b\u0161\u00edn\u011b<\/strong><\/span><\/p>\n<p style=\"text-align: justify;\"><span style=\"font-size: 12pt; font-family: arial,helvetica,sans-serif;\">V\u00a0\u00favodn\u00edm utk\u00e1n\u00ed jarn\u00ed \u010d\u00e1sti fotbalov\u00e9 sez\u00f3ny bude soupe\u0159em na\u0161ich fotbalist\u016f celek \u010cesk\u00e9ho T\u011b\u0161\u00edna, kter\u00fd je po 16. kole na 4. m\u00edst\u011b tabulky krajsk\u00e9ho p\u0159eboru. Doposud z\u00edskal 31 bod\u016f, kdy\u017e 9x zv\u00edt\u011bzil, 4x remizoval a 3x ode\u0161el pora\u017een.<\/span><\/p>\n<p style=\"text-align: justify;\"><span style=\"font-size: 12pt; font-family: arial,helvetica,sans-serif;\">Na\u0161i hr\u00e1\u010di jsou na p\u0159edposledn\u00edm m\u00edst\u011b se ziskem 13 bod\u016f, kdy\u017e jsme vyhr\u00e1li \u010dty\u0159i utk\u00e1n\u00ed, jednou jsme remizovali a v\u00a0jeden\u00e1cti utk\u00e1n\u00edch jsme byli pora\u017een\u00ed. Na\u0161im jedin\u00fdm c\u00edlem v\u00a0jarn\u00ed \u010d\u00e1sti bude udr\u017eet si p\u0159\u00edslu\u0161enstv\u00ed v t\u00e9to sout\u011b\u017ei i pro p\u0159\u00ed\u0161t\u00ed sez\u00f3nu. Zda se tento nelehk\u00fd \u00fakol poda\u0159\u00ed se uk\u00e1\u017ee a\u017e v\u00a0pr\u016fb\u011bhu sout\u011b\u017ee.<\/span><\/p>\n<p style=\"text-align: justify;\"><span style=\"font-size: 12pt; font-family: arial,helvetica,sans-serif;\">Na \u00favod m\u00e1me, dle postaven\u00ed v\u00a0tabulce, velmi t\u011b\u017ek\u00e9ho soupe\u0159e. Je v\u0161ak t\u0159eba si uv\u011bdomit, \u017ee ka\u017ed\u00e9 utk\u00e1n\u00ed m\u00e1 jin\u00fd pr\u016fb\u011bh a bylo by chybou se soupe\u0159e zaleknout hned na za\u010d\u00e1tku utk\u00e1n\u00ed.<\/span><\/p>\n<p style=\"text-align: justify;\"><span style=\"font-size: 12pt; font-family: arial,helvetica,sans-serif;\"><strong>Utk\u00e1n\u00ed krajsk\u00e9ho p\u0159eboru \u010cesk\u00fd T\u011b\u0161\u00edn &#8211; Kobe\u0159ice se bude hr\u00e1t v\u00a0sobotu 18. b\u0159ezna v\u00a010:15 hodin na um\u011bl\u00e9 tr\u00e1v\u011b ve sportovn\u00edm are\u00e1lu Fr\u00fddeck\u00e1. K\u00a0utk\u00e1n\u00ed se cestuje auty!!!<\/strong><\/span><\/p>\n<p style=\"text-align: justify;\"><span style=\"font-size: 12pt; font-family: arial,helvetica,sans-serif;\"><strong><u>17. kolo KP:<\/u><\/strong><\/span><\/p>\n<table width=\"662\">\n<tbody>\n<tr>\n<td width=\"275\"><span style=\"font-size: 12pt; font-family: arial,helvetica,sans-serif;\"><strong>\u010cesk\u00fd T\u011b\u0161\u00edn<\/strong><strong> &#8211; Kobe\u0159ice <\/strong><\/span><\/td>\n<td width=\"193\"><\/td>\n<td width=\"193\"><span style=\"font-size: 12pt; font-family: arial,helvetica,sans-serif;\"><strong>\u00a0<\/strong><\/span><\/td>\n<\/tr>\n<tr>\n<td width=\"275\"><span style=\"font-size: 12pt; font-family: arial,helvetica,sans-serif;\">\u0160enov &#8211; Slavia Orlov\u00e1<\/span><\/td>\n<td><\/td>\n<td><span style=\"font-size: 12pt; font-family: arial,helvetica,sans-serif;\"><strong>\u00a0<\/strong><\/span><\/td>\n<\/tr>\n<tr>\n<td width=\"275\"><span style=\"font-size: 12pt; font-family: arial,helvetica,sans-serif;\">He\u0159manice &#8211; B\u0159idli\u010dn\u00e1<\/span><\/td>\n<td><\/td>\n<td><span style=\"font-size: 12pt; font-family: arial,helvetica,sans-serif;\"><strong>\u00a0<\/strong><\/span><\/td>\n<\/tr>\n<tr>\n<td width=\"275\"><span style=\"font-size: 12pt; font-family: arial,helvetica,sans-serif;\">D\u011btmarovice &#8211; H\u00e1j ve Slezsku<\/span><\/td>\n<td><\/td>\n<td><span style=\"font-size: 12pt; font-family: arial,helvetica,sans-serif;\"><strong>\u00a0<\/strong><\/span><\/td>\n<\/tr>\n<tr>\n<td width=\"275\"><span style=\"font-size: 12pt; font-family: arial,helvetica,sans-serif;\">Fren\u0161t\u00e1t p. R. &#8211; SO Brunt\u00e1l<\/span><\/td>\n<td><\/td>\n<td><span style=\"font-size: 12pt; font-family: arial,helvetica,sans-serif;\"><strong>\u00a0<\/strong><\/span><\/td>\n<\/tr>\n<tr>\n<td width=\"275\"><span style=\"font-size: 12pt; font-family: arial,helvetica,sans-serif;\">Krnov &#8211; \u010celadn\u00e1<\/span><\/td>\n<td><span style=\"font-size: 12pt; font-family: arial,helvetica,sans-serif;\"><strong>\u00a0<\/strong><\/span><\/td>\n<td><span style=\"font-size: 12pt; font-family: arial,helvetica,sans-serif;\"><strong>\u00a0<\/strong><\/span><\/td>\n<\/tr>\n<tr>\n<td width=\"275\"><span style=\"font-size: 12pt; font-family: arial,helvetica,sans-serif;\">Polanka &#8211; B\u00edlovec<\/span><\/td>\n<td><\/td>\n<td><span style=\"font-size: 12pt; font-family: arial,helvetica,sans-serif;\"><strong>\u00a0<\/strong><\/span><\/td>\n<\/tr>\n<tr>\n<td width=\"275\"><span style=\"font-size: 12pt; font-family: arial,helvetica,sans-serif;\">Bohum\u00edn &#8211; Vendryn\u011b<\/span><\/td>\n<td><\/td>\n<td><span style=\"font-size: 12pt; font-family: arial,helvetica,sans-serif;\"><strong>\u00a0<\/strong><\/span><\/td>\n<\/tr>\n<\/tbody>\n<\/table>\n<p style=\"text-align: justify;\"><span style=\"font-size: 14pt; font-family: arial, helvetica, sans-serif;\"><strong>Jarn\u00ed \u010d\u00e1st fotbalov\u00e9 sez\u00f3ny za\u010d\u00ednaj\u00ed dorostenci ve Vratimov\u011b<\/strong><\/span><\/p>\n<p style=\"text-align: justify;\"><span style=\"font-size: 12pt; font-family: arial,helvetica,sans-serif;\">Do jarn\u00ed \u010d\u00e1sti fotbalov\u00e9 sez\u00f3ny vstoup\u00ed tak\u00e9 na\u0161i dorostenci. V\u00a0prvn\u00edm jarn\u00edm kole je \u010dek\u00e1 Vratimov, kter\u00fd je v\u00a0sou\u010dasn\u00e9 dob\u011b na 4. m\u00edst\u011b tabulky krajsk\u00e9 sout\u011b\u017ee. V dosavadn\u00edm pr\u016fb\u011bhu z\u00edskal 26 bod\u016f, kdy\u017e 8x vyhr\u00e1l, dvakr\u00e1t remizoval a \u010dty\u0159ikr\u00e1t byl pora\u017een.<\/span><\/p>\n<p style=\"text-align: justify;\"><span style=\"font-size: 12pt; font-family: arial,helvetica,sans-serif;\">Na\u0161i dorostenci jsou na vedouc\u00ed pozici krajsk\u00e9 sout\u011b\u017ee, kdy\u017e doposud v\u0161echna utk\u00e1n\u00ed vyhr\u00e1li.<\/span><\/p>\n<p style=\"text-align: justify;\"><span style=\"font-size: 12pt; font-family: arial,helvetica,sans-serif;\"><strong>Utk\u00e1n\u00ed krajsk\u00e9 sout\u011b\u017ee Vratimov &#8211; Kobe\u0159ice se bude hr\u00e1t v sobotu 18. b\u0159ezna od 12:30 hodin. Odjezd autobusu je v\u00a010:45 hodin. Zveme v\u0161echny p\u0159\u00edznivce na\u0161eho dorostu. <\/strong><\/span><\/p>\n<p style=\"text-align: justify;\"><span style=\"font-size: 12pt; font-family: arial,helvetica,sans-serif;\"><strong><u>V\u00a0tomto kole hraj\u00ed:<\/u><\/strong><\/span><\/p>\n<table width=\"259\">\n<tbody>\n<tr style=\"text-align: justify;\">\n<td width=\"259\"><span style=\"font-size: 12pt; font-family: arial,helvetica,sans-serif;\">Polanka &#8211; Svinov<\/span><\/td>\n<\/tr>\n<tr style=\"text-align: justify;\">\n<td width=\"259\"><span style=\"font-size: 12pt; font-family: arial,helvetica,sans-serif;\"><strong>Vratimov<\/strong><strong> &#8211; Kobe\u0159ice <\/strong><\/span><\/td>\n<\/tr>\n<tr style=\"text-align: justify;\">\n<td width=\"259\"><span style=\"font-size: 12pt; font-family: arial,helvetica,sans-serif;\">M\u011bsto Albrechtice &#8211; Stud\u00e9nka<\/span><\/td>\n<\/tr>\n<tr style=\"text-align: justify;\">\n<td width=\"259\"><span style=\"font-size: 12pt; font-family: arial,helvetica,sans-serif;\">V\u00edtkov &#8211; Fulnek<\/span><\/td>\n<\/tr>\n<tr style=\"text-align: justify;\">\n<td width=\"259\"><span style=\"font-size: 12pt; font-family: arial,helvetica,sans-serif;\">Vrbno pod Prad\u011bdem &#8211; Hradec nad Moravic\u00ed<\/span><\/td>\n<\/tr>\n<tr style=\"text-align: justify;\">\n<td width=\"259\"><span style=\"font-size: 12pt; font-family: arial,helvetica,sans-serif;\">Doln\u00ed Bene\u0161ov &#8211; Darkovi\u010dky<\/span><\/td>\n<\/tr>\n<tr>\n<td width=\"259\">\n<p style=\"text-align: justify;\"><span style=\"font-size: 12pt; font-family: arial,helvetica,sans-serif;\">Horn\u00ed Bene\u0161ov &#8211; Klimkovice<\/span><\/p>\n<\/td>\n<\/tr>\n<\/tbody>\n<\/table>\n<p>&nbsp;<\/p>\n","protected":false},"excerpt":{"rendered":"<p>Po dlouh\u00e9 zimn\u00ed p\u0159est\u00e1vce se pozvolna rozb\u00edhaj\u00ed fotbalov\u00e9 sout\u011b\u017ee a jarn\u00ed \u010d\u00e1st sez\u00f3ny zahajuj\u00ed rovn\u011b\u017e na\u0161e t\u00fdmy, A mu\u017estvo v\u00a0\u010cesk\u00e9m T\u011b\u0161\u00edn\u011b a dorost ve Vratimov\u011b. O<span class=\"excerpt-hellip\"> [\u2026]<\/span><\/p>\n","protected":false},"author":3,"featured_media":1883,"comment_status":"closed","ping_status":"open","sticky":false,"template":"","format":"standard","meta":{"ngg_post_thumbnail":0,"footnotes":""},"categories":[115,110,107,150],"tags":[],"class_list":["post-3620","post","type-post","status-publish","format-standard","has-post-thumbnail","hentry","category-a-tym","category-dorost","category-fotbal","category-vse"],"_links":{"self":[{"href":"https:\/\/tjsokolkoberice.cz\/index.php?rest_route=\/wp\/v2\/posts\/3620","targetHints":{"allow":["GET"]}}],"collection":[{"href":"https:\/\/tjsokolkoberice.cz\/index.php?rest_route=\/wp\/v2\/posts"}],"about":[{"href":"https:\/\/tjsokolkoberice.cz\/index.php?rest_route=\/wp\/v2\/types\/post"}],"author":[{"embeddable":true,"href":"https:\/\/tjsokolkoberice.cz\/index.php?rest_route=\/wp\/v2\/users\/3"}],"replies":[{"embeddable":true,"href":"https:\/\/tjsokolkoberice.cz\/index.php?rest_route=%2Fwp%2Fv2%2Fcomments&post=3620"}],"version-history":[{"count":4,"href":"https:\/\/tjsokolkoberice.cz\/index.php?rest_route=\/wp\/v2\/posts\/3620\/revisions"}],"predecessor-version":[{"id":3639,"href":"https:\/\/tjsokolkoberice.cz\/index.php?rest_route=\/wp\/v2\/posts\/3620\/revisions\/3639"}],"wp:featuredmedia":[{"embeddable":true,"href":"https:\/\/tjsokolkoberice.cz\/index.php?rest_route=\/wp\/v2\/media\/1883"}],"wp:attachment":[{"href":"https:\/\/tjsokolkoberice.cz\/index.php?rest_route=%2Fwp%2Fv2%2Fmedia&parent=3620"}],"wp:term":[{"taxonomy":"category","embeddable":true,"href":"https:\/\/tjsokolkoberice.cz\/index.php?rest_route=%2Fwp%2Fv2%2Fcategories&post=3620"},{"taxonomy":"post_tag","embeddable":true,"href":"https:\/\/tjsokolkoberice.cz\/index.php?rest_route=%2Fwp%2Fv2%2Ftags&post=3620"}],"curies":[{"name":"wp","href":"https:\/\/api.w.org\/{rel}","templated":true}]}}