{"id":3847,"date":"2017-04-20T22:00:59","date_gmt":"2017-04-20T21:00:59","guid":{"rendered":"https:\/\/tjsokolkoberice.cz\/?p=3847"},"modified":"2025-10-14T11:56:37","modified_gmt":"2025-10-14T10:56:37","slug":"odlozeni-mistrovskych-utkani-v-terminu-22-a-23-4-2017-vcetne-pripravek","status":"publish","type":"post","link":"https:\/\/tjsokolkoberice.cz\/?p=3847","title":{"rendered":"Odlo\u017een\u00ed mistrovsk\u00fdch utk\u00e1n\u00ed v term\u00ednu 22. a 23.4.2017 (v\u010detn\u011b p\u0159\u00edpravek)!!!"},"content":{"rendered":"<p><span style=\"font-family: arial,helvetica,sans-serif; font-size: 14pt;\">V\u00e1\u017een\u00ed sportovn\u00ed p\u0159\u00e1tel\u00e9,&nbsp;<\/span><\/p>\n<p style=\"text-align: justify;\"><span style=\"font-family: arial,helvetica,sans-serif;\"> vzhledem k sou\u010dasn\u00fdm klimatick\u00fdm podm\u00ednk\u00e1m rozhodla STK OFS Opava o ZRU\u0160EN\u00cd v\u0161ech mistrovsk\u00fdch utk\u00e1n\u00ed ve dnech 22. a 23.dubna 2017 (v\u010detn\u011b p\u0159\u00edpravek dne 24.dubna 2017)!!! Ve\u0161ker\u00e9 term\u00edny jsou obsa\u017eeny v p\u0159ilo\u017een\u00e9 term\u00ednov\u00e9 listin\u011b.<\/span><\/p>\n<p style=\"text-align: justify;\"><span style=\"font-family: arial,helvetica,sans-serif;\">Jestli\u017ee kluby i p\u0159es v\u00fd\u0161e uveden\u00e9 nevyhovuj\u00edc\u00ed podm\u00ednky cht\u011bj\u00ed hr\u00e1t, je mo\u017eno po vz\u00e1jemn\u00e9 dohod\u011b se soupe\u0159em.<\/span><\/p>\n<p style=\"text-align: justify;\"><span style=\"font-family: arial,helvetica,sans-serif;\">V p\u0159\u00edpad\u011b nevyhovuj\u00edc\u00edho n\u00e1hradn\u00edho term\u00ednu je mo\u017eno utk\u00e1n\u00ed p\u0159edehr\u00e1t! Podm\u00ednkou je dohoda obou klub\u016f a bezplatn\u00e9 schv\u00e1len\u00ed STK OFS Opava!<\/span><\/p>\n<p><span style=\"font-family: courier new,courier,monospace;\">Ing. Radek KOT\u00cdK<\/span><br \/>\n<span style=\"font-family: courier new,courier,monospace;\">sekret\u00e1\u0159 OFS Opava<\/span><\/p>\n<p>&nbsp;<\/p>\n<div><span style=\"font-family: arial,helvetica,sans-serif;\">\u010celadn\u00e1 &#8211; Kobe\u0159ice A &nbsp; &nbsp; &nbsp; &nbsp; &nbsp; &nbsp; &nbsp; &nbsp; &nbsp; &nbsp; &nbsp; &nbsp; &nbsp; <strong>zru\u0161eno!!!<\/strong><\/span><\/div>\n<div><span style=\"font-family: arial,helvetica,sans-serif;\">(n\u00e1hradn\u00ed term\u00edn st\u0159eda 24.5.2017 17:30 hod.)<\/span><\/div>\n<div>&nbsp;<\/div>\n<div><span style=\"font-family: arial,helvetica,sans-serif;\">Kobe\u0159ice B &#8211; Hn\u011bvo\u0161ice &nbsp; &nbsp; &nbsp; &nbsp; &nbsp; &nbsp; &nbsp; &nbsp; &nbsp; &nbsp; &nbsp; <strong>zru\u0161eno!!!<\/strong><\/span><\/div>\n<div><span style=\"font-family: arial,helvetica,sans-serif;\">(n\u00e1hradn\u00ed term\u00edn nen\u00ed dosud zn\u00e1m)<\/span><\/div>\n<div>&nbsp;<\/div>\n<div><span style=\"font-family: arial,helvetica,sans-serif;\">St. a ml. \u017e\u00e1ci &#8211; B\u0159idli\u010dn\u00e1 &nbsp; &nbsp; &nbsp; &nbsp; &nbsp; &nbsp; &nbsp; &nbsp; &nbsp; &nbsp; &nbsp; &nbsp;<strong>zru\u0161eno!!!<\/strong><\/span><\/div>\n<div><span style=\"font-family: arial,helvetica,sans-serif;\">(n\u00e1hradn\u00ed term\u00edn nen\u00ed dosud zn\u00e1m)<\/span><\/div>\n<div>&nbsp;<\/div>\n<div><span style=\"font-family: arial,helvetica,sans-serif; font-size: 14pt;\">Stud\u00e9nka &#8211; dorost &nbsp; se &nbsp;odehraje v p\u016fvodn\u00edm term\u00ednu, sobota 22.4.2017 13:30<\/span><\/div>\n<p>&nbsp;<\/p>\n<p>[cs_button button_size=&#8220;btn-lg&#8220; button_title=&#8220;Rozhodnut\u00ed o odlo\u017een\u00ed + term\u00ednov\u00e1 listina v pdf&#8220; button_link=&#8220;https:\/\/tjsokolkoberice.cz\/wp-content\/uploads\/2017\/04\/Odlo\u017een\u00ed-v\u0161ech-utk\u00e1n\u00ed-o-v\u00edkendu-22.4.-23.4.2017.pdf&#8220; button_border=&#8220;yes&#8220; =&#8220;null&#8220; button_icon=&#8220;icon-times&#8220; button_icon_position=&#8220;left&#8220; button_type=&#8220;rectangle&#8220; button_target=&#8220;_self&#8220;]<\/p>\n<p>&nbsp;<\/p>\n","protected":false},"excerpt":{"rendered":"<p>V\u00e1\u017een\u00ed sportovn\u00ed p\u0159\u00e1tel\u00e9,&nbsp; vzhledem k sou\u010dasn\u00fdm klimatick\u00fdm podm\u00ednk\u00e1m rozhodla STK OFS Opava o ZRU\u0160EN\u00cd v\u0161ech mistrovsk\u00fdch utk\u00e1n\u00ed ve dnech 22. a 23.dubna 2017 (v\u010detn\u011b p\u0159\u00edpravek dne<span class=\"excerpt-hellip\"> [\u2026]<\/span><\/p>\n","protected":false},"author":3,"featured_media":1883,"comment_status":"closed","ping_status":"open","sticky":false,"template":"","format":"standard","meta":{"ngg_post_thumbnail":0,"footnotes":""},"categories":[115,112,110,107,117,111,150],"tags":[],"class_list":["post-3847","post","type-post","status-publish","format-standard","has-post-thumbnail","hentry","category-a-tym","category-b-tym","category-dorost","category-fotbal","category-mladsi-zaci","category-starsi-zaci","category-vse"],"_links":{"self":[{"href":"https:\/\/tjsokolkoberice.cz\/index.php?rest_route=\/wp\/v2\/posts\/3847","targetHints":{"allow":["GET"]}}],"collection":[{"href":"https:\/\/tjsokolkoberice.cz\/index.php?rest_route=\/wp\/v2\/posts"}],"about":[{"href":"https:\/\/tjsokolkoberice.cz\/index.php?rest_route=\/wp\/v2\/types\/post"}],"author":[{"embeddable":true,"href":"https:\/\/tjsokolkoberice.cz\/index.php?rest_route=\/wp\/v2\/users\/3"}],"replies":[{"embeddable":true,"href":"https:\/\/tjsokolkoberice.cz\/index.php?rest_route=%2Fwp%2Fv2%2Fcomments&post=3847"}],"version-history":[{"count":7,"href":"https:\/\/tjsokolkoberice.cz\/index.php?rest_route=\/wp\/v2\/posts\/3847\/revisions"}],"predecessor-version":[{"id":3857,"href":"https:\/\/tjsokolkoberice.cz\/index.php?rest_route=\/wp\/v2\/posts\/3847\/revisions\/3857"}],"wp:featuredmedia":[{"embeddable":true,"href":"https:\/\/tjsokolkoberice.cz\/index.php?rest_route=\/wp\/v2\/media\/1883"}],"wp:attachment":[{"href":"https:\/\/tjsokolkoberice.cz\/index.php?rest_route=%2Fwp%2Fv2%2Fmedia&parent=3847"}],"wp:term":[{"taxonomy":"category","embeddable":true,"href":"https:\/\/tjsokolkoberice.cz\/index.php?rest_route=%2Fwp%2Fv2%2Fcategories&post=3847"},{"taxonomy":"post_tag","embeddable":true,"href":"https:\/\/tjsokolkoberice.cz\/index.php?rest_route=%2Fwp%2Fv2%2Ftags&post=3847"}],"curies":[{"name":"wp","href":"https:\/\/api.w.org\/{rel}","templated":true}]}}