{"id":3892,"date":"2017-04-27T11:47:35","date_gmt":"2017-04-27T10:47:35","guid":{"rendered":"https:\/\/tjsokolkoberice.cz\/?p=3892"},"modified":"2025-10-14T11:56:36","modified_gmt":"2025-10-14T10:56:36","slug":"kultura-tj","status":"publish","type":"post","link":"https:\/\/tjsokolkoberice.cz\/?p=3892","title":{"rendered":"Sportovn\u00ed slavnost 2017"},"content":{"rendered":"<p style=\"text-align: justify;\"><span style=\"font-family: georgia,palatino,serif; font-size: 12pt;\">V\u00e1\u017een\u00ed spoluob\u010dan\u00e9, mil\u00ed kulturn\u00ed nad\u0161enci!<\/span><\/p>\n<p style=\"text-align: justify;\"><span style=\"font-family: georgia,palatino,serif; font-size: 12pt;\">&nbsp;<\/span><\/p>\n<p style=\"text-align: justify;\"><span style=\"font-family: georgia,palatino,serif; font-size: 12pt;\">Tak\u0159ka ihned po skon\u010den\u00ed Sportovn\u00ed slavnosti 2016 jsme za\u010dali p\u0159em\u00fd\u0161let nad t\u00edm, jak bude vypadat p\u0159\u00ed\u0161t\u00ed ro\u010dn\u00edk, jak\u00fd kulturn\u00ed program v\u00e1m nab\u00eddneme.<\/span><\/p>\n<p style=\"text-align: justify;\"><span style=\"font-family: georgia,palatino,serif; font-size: 12pt;\">Po vzoru minul\u00fd ro\u010dn\u00edk\u016f nav\u00e1\u017eeme na&nbsp;s\u00e9rii koncert\u016f zn\u00e1m\u00fdch tuzemsk\u00fdch kapel, tak\u017ee i letos se m\u016f\u017eete t\u011b\u0161it na skupinu, kter\u00e1 v&nbsp;Kobe\u0159ic\u00edch je\u0161t\u011b nebyla J.<\/span><\/p>\n<p style=\"text-align: justify;\"><span style=\"font-family: georgia,palatino,serif; font-size: 12pt;\">&nbsp;<\/span><\/p>\n<p style=\"text-align: justify;\"><span style=\"font-family: georgia,palatino,serif; font-size: 12pt;\">Leto\u0161n\u00ed 93. ro\u010dn\u00edk Sportovn\u00ed slavnosti se bude konat v&nbsp;term\u00ednu <strong>14. \u2013 16. 7. 2017<\/strong> a op\u011bt se&nbsp; ponese ve sportovn\u011b &#8211; kulturn\u00edm duchu. Dovolte mi, abych v\u00e1s sezn\u00e1mila s&nbsp;kulturn\u00edm programem.<\/span><\/p>\n<p style=\"text-align: justify;\"><span style=\"font-family: georgia,palatino,serif; font-size: 12pt;\">&nbsp;<\/span><\/p>\n<p style=\"text-align: justify;\"><span style=\"font-family: georgia,palatino,serif; font-size: 12pt;\">Za\u010dneme opravdu \u201ez ostra\u201c, kdy <strong>v&nbsp;p\u00e1tek 14. 7. 2017<\/strong> vystoup\u00ed kapela <strong>NAD\u011aJE<\/strong>, kter\u00e1 se zhost\u00ed role p\u0159edkapely na\u0161eho headlinera. Tato opavsk\u00e1 kapela za\u017e\u00edv\u00e1 obrovsk\u00fd vzestup a velmi \u010dasto je m\u016f\u017eeme sly\u0161et v r\u00e1di\u00edch, zejm\u00e9na Helax a Kiss. Hudba t\u00e9to skupiny nenech\u00e1 nikoho v&nbsp;klidu a skv\u011ble v\u00e1s dok\u00e1\u017ee navnadit na hlavn\u00ed show.<\/span><\/p>\n<p style=\"text-align: justify;\"><span style=\"font-family: georgia,palatino,serif; font-size: 12pt;\">Nebudeme v\u00e1s d\u00e9le nap\u00ednat J&#8230;<\/span><\/p>\n<p style=\"text-align: justify;\"><span style=\"font-family: georgia,palatino,serif; font-size: 12pt;\">Letos si u n\u00e1s poprv\u00e9 zahraje popul\u00e1rn\u00ed kapela <strong>JELEN<\/strong>. Spolupr\u00e1ci s&nbsp;touto kapelou jsme nav\u00e1zali je\u0161t\u011b v roce 2016 a kluci se do Kobe\u0159ic moc t\u011b\u0161\u00ed! Na podzim lo\u0148sk\u00e9ho roku jim vy\u0161lo nov\u00e9 CD s&nbsp;n\u00e1zvem <em>\u201eVl\u010d\u00ed srdce\u201c<\/em> a p\u0159i t\u00e9to p\u0159\u00edle\u017eitosti jezd\u00ed hudebn\u00ed \u0161\u0148\u016fru po cel\u00e9m \u010cesku. Jednou ze zast\u00e1vek bude i na\u0161e slavnost! J M\u016f\u017eete se t\u011b\u0161it na spoustu zn\u00e1m\u00fdch hit\u016f jako Magdal\u00e9na, Jelen, Co bylo d\u00e1l?, aj. Samoz\u0159ejm\u011b zazn\u00ed i p\u00edsn\u011b z&nbsp;nov\u011b vydan\u00e9ho CD, jako nap\u0159\u00edklad: \u201eKlidn\u00e1 jako voda\u201c.<\/span><\/p>\n<p style=\"text-align: justify;\"><span style=\"font-family: georgia,palatino,serif; font-size: 12pt;\">Koncertem kapely JELEN p\u00e1te\u010dn\u00ed z\u00e1bava neskon\u010d\u00ed, hned po n\u00ed nastoup\u00ed DJ a bude v\u00e1s bavit a\u017e do brzk\u00fdch rann\u00edch hodin.<\/span><\/p>\n<p style=\"text-align: justify;\"><span style=\"font-family: georgia,palatino,serif; font-size: 12pt;\">&nbsp;<\/span><\/p>\n<p style=\"text-align: justify;\"><span style=\"font-family: georgia,palatino,serif; font-size: 12pt;\"><strong>V&nbsp;sobotu 15. 7. 2017<\/strong> jsme si pro v\u00e1s p\u0159ipravili dal\u0161\u00ed hudebn\u00ed lah\u016fdku. Na\u0161e pozv\u00e1n\u00ed p\u0159ijal V-DJ KRAVCHUK, kter\u00fd v\u00e1s rozproud\u00ed oldies party v\u010detn\u011b hit\u016f 80., 90. let, ale z\u00e1rove\u0148 nab\u00eddne i aktu\u00e1ln\u00ed hudbu. A aby toho nebylo m\u00e1lo, tak spole\u010dn\u011b s&nbsp;tane\u010dn\u00edmi hity budete moci na pl\u00e1tn\u011b skrze projekci sledovat origin\u00e1ln\u00ed videoklipy k&nbsp;pr\u00e1v\u011b hran\u00fdm p\u00edsn\u00edm!<\/span><\/p>\n<p style=\"text-align: justify;\"><span style=\"font-family: georgia,palatino,serif; font-size: 12pt;\">V&nbsp;sobotu se tedy rozhodn\u011b nebudete nudit J. <strong>\u201eVideot\u00e9ka\u201c<\/strong> tady je\u0161t\u011b nebyla! Jste zv\u011bdav\u00ed, jak to bude prob\u00edhat? P\u0159ij\u010fte se pod\u00edvat. T\u011b\u0161\u00edme se na v\u00e1s.<\/span><\/p>\n<p style=\"text-align: justify;\"><span style=\"font-family: georgia,palatino,serif; font-size: 12pt;\">&nbsp;<\/span><\/p>\n<p style=\"text-align: justify;\"><span style=\"font-family: georgia,palatino,serif; font-size: 12pt;\"><strong>Ned\u011ble 16. 7. 2017<\/strong> se bude ji\u017e tradi\u010dn\u011b odehr\u00e1vat sp\u00ed\u0161e ve sportovn\u00edm duchu, kdy nebude chyb\u011bt hlavn\u00ed fotbalov\u00e9 utk\u00e1n\u00ed. Po slosovateln\u00e9 tombole za\u010dne karneval s&nbsp;\u017eivou hudbou a stejn\u011b jako loni se na podium postav\u00ed pan Malch\u00e1rek se synem Vojtou z&nbsp;Kobe\u0159ic. Karnevalem bude ud\u011bl\u00e1na pomysln\u00e1 te\u010dka za 93. ro\u010dn\u00edkem Sportovn\u00ed slavnosti.<\/span><\/p>\n<p style=\"text-align: justify;\"><span style=\"font-family: georgia,palatino,serif; font-size: 12pt;\">&nbsp;<\/span><\/p>\n<p style=\"text-align: justify;\"><span style=\"font-family: georgia,palatino,serif; font-size: 12pt;\">Krom\u011b v\u00fd\u0161e uveden\u00e9ho programu se m\u016f\u017eete t\u011b\u0161it na bohat\u00e9 ob\u010derstven\u00ed po cel\u00e9 3 dny, pro d\u011bti bude zaji\u0161t\u011bn lunapark a dal\u0161\u00ed zaj\u00edmavosti, kter\u00e9 pro v\u00e1s p\u0159ipravujeme J.<\/span><\/p>\n<p style=\"text-align: justify;\"><span style=\"font-family: georgia,palatino,serif; font-size: 12pt;\">&nbsp;<\/span><\/p>\n<p style=\"text-align: justify;\"><span style=\"font-family: georgia,palatino,serif; font-size: 12pt;\">V\u011b\u0159\u00edme, \u017ee ka\u017ed\u00fd z&nbsp;v\u00e1s si najde v&nbsp;nab\u00eddce na\u0161eho programu sv\u00e9.<\/span><\/p>\n<p style=\"text-align: justify;\"><span style=\"font-family: georgia,palatino,serif; font-size: 12pt;\">P\u0159ij\u010fte se bavit, na Sportovn\u00ed slavnost 2017 v\u00e1s srde\u010dn\u011b zveme! J<\/span><\/p>\n<p style=\"text-align: justify;\"><span style=\"font-family: georgia,palatino,serif; font-size: 12pt;\">&nbsp;<\/span><\/p>\n<p style=\"text-align: justify;\"><span style=\"font-family: georgia,palatino,serif; font-size: 12pt;\">Bli\u017e\u0161\u00ed informace o \u010dasech akc\u00ed \u010di cen vstupn\u00e9ho budou pr\u016fb\u011b\u017en\u011b zve\u0159ej\u0148ov\u00e1ny na na\u0161ich webov\u00fdch str\u00e1nk\u00e1ch <span style=\"color: #0000ff;\"><a style=\"color: #0000ff;\" href=\"https:\/\/tjsokolkoberice.cz\">www.tjsokolkoberice.cz<\/a><\/span><\/span><\/p>\n<p style=\"text-align: justify;\"><span style=\"font-family: georgia,palatino,serif; font-size: 12pt;\">a na na\u0161em facebooku: <span style=\"color: #0000ff;\"><a style=\"color: #0000ff;\" href=\"https:\/\/www.facebook.com\/tjsokolkoberice\">https:\/\/www.facebook.com\/tjsokolkoberice<\/a><\/span>.<\/span><\/p>\n<p style=\"text-align: justify;\"><span style=\"font-family: georgia,palatino,serif; font-size: 12pt;\">&nbsp;<\/span><\/p>\n<p style=\"text-align: justify;\"><span style=\"font-family: georgia,palatino,serif; font-size: 12pt;\">Mgr. Marie Stuchl\u00edkov\u00e1<\/span><\/p>\n<p style=\"text-align: justify;\"><span style=\"font-family: georgia,palatino,serif; font-size: 12pt;\">(kulturn\u00ed referent TJ Sokol Kobe\u0159ice)<\/span><\/p>\n","protected":false},"excerpt":{"rendered":"<p>V\u00e1\u017een\u00ed spoluob\u010dan\u00e9, mil\u00ed kulturn\u00ed nad\u0161enci! &nbsp; Tak\u0159ka ihned po skon\u010den\u00ed Sportovn\u00ed slavnosti 2016 jsme za\u010dali p\u0159em\u00fd\u0161let nad t\u00edm, jak bude vypadat p\u0159\u00ed\u0161t\u00ed ro\u010dn\u00edk, jak\u00fd kulturn\u00ed program<span class=\"excerpt-hellip\"> [\u2026]<\/span><\/p>\n","protected":false},"author":3,"featured_media":3906,"comment_status":"closed","ping_status":"open","sticky":false,"template":"","format":"standard","meta":{"ngg_post_thumbnail":0,"footnotes":""},"categories":[127,150],"tags":[],"class_list":["post-3892","post","type-post","status-publish","format-standard","has-post-thumbnail","hentry","category-kulturni-akce","category-vse"],"_links":{"self":[{"href":"https:\/\/tjsokolkoberice.cz\/index.php?rest_route=\/wp\/v2\/posts\/3892","targetHints":{"allow":["GET"]}}],"collection":[{"href":"https:\/\/tjsokolkoberice.cz\/index.php?rest_route=\/wp\/v2\/posts"}],"about":[{"href":"https:\/\/tjsokolkoberice.cz\/index.php?rest_route=\/wp\/v2\/types\/post"}],"author":[{"embeddable":true,"href":"https:\/\/tjsokolkoberice.cz\/index.php?rest_route=\/wp\/v2\/users\/3"}],"replies":[{"embeddable":true,"href":"https:\/\/tjsokolkoberice.cz\/index.php?rest_route=%2Fwp%2Fv2%2Fcomments&post=3892"}],"version-history":[{"count":7,"href":"https:\/\/tjsokolkoberice.cz\/index.php?rest_route=\/wp\/v2\/posts\/3892\/revisions"}],"predecessor-version":[{"id":3907,"href":"https:\/\/tjsokolkoberice.cz\/index.php?rest_route=\/wp\/v2\/posts\/3892\/revisions\/3907"}],"wp:featuredmedia":[{"embeddable":true,"href":"https:\/\/tjsokolkoberice.cz\/index.php?rest_route=\/wp\/v2\/media\/3906"}],"wp:attachment":[{"href":"https:\/\/tjsokolkoberice.cz\/index.php?rest_route=%2Fwp%2Fv2%2Fmedia&parent=3892"}],"wp:term":[{"taxonomy":"category","embeddable":true,"href":"https:\/\/tjsokolkoberice.cz\/index.php?rest_route=%2Fwp%2Fv2%2Fcategories&post=3892"},{"taxonomy":"post_tag","embeddable":true,"href":"https:\/\/tjsokolkoberice.cz\/index.php?rest_route=%2Fwp%2Fv2%2Ftags&post=3892"}],"curies":[{"name":"wp","href":"https:\/\/api.w.org\/{rel}","templated":true}]}}