{"id":4065,"date":"2017-06-08T08:37:24","date_gmt":"2017-06-08T07:37:24","guid":{"rendered":"https:\/\/tjsokolkoberice.cz\/?p=4065"},"modified":"2025-10-14T11:56:18","modified_gmt":"2025-10-14T10:56:18","slug":"mini-zaci-se-zucastnili-turnaje-v-markvartovicich","status":"publish","type":"post","link":"https:\/\/tjsokolkoberice.cz\/?p=4065","title":{"rendered":"Mini \u017e\u00e1ci se z\u00fa\u010dastnili turnaje v Markvartovic\u00edch"},"content":{"rendered":"<p style=\"text-align: justify;\"><span style=\"font-size: 12pt; font-family: arial,helvetica,sans-serif;\">V ned\u011bli &nbsp;4.6.2017 jsme hr\u00e1li turnaj <strong>\u201eUkon\u010den\u00ed sez\u00f3ny v&nbsp;Markvartovic\u00edch\u201c.<\/strong><\/span><\/p>\n<p style=\"text-align: justify;\"><span style=\"font-size: 12pt;\">&nbsp;<\/span><\/p>\n<p style=\"text-align: justify;\"><span style=\"font-size: 12pt; font-family: arial,helvetica,sans-serif;\">TJ Sokol Kobe\u0159ice m\u011blo zastoupen\u00ed ve dvou kategori\u00edch.<\/span><\/p>\n<p style=\"text-align: justify;\"><span style=\"font-size: 12pt; font-family: arial,helvetica,sans-serif;\"><strong>Prvn\u00ed kategorie byla ro\u010dn\u00edk nar. 2008 \u2013 2009 a druh\u00e1 byla 2010 \u2013 2011.<\/strong><\/span><\/p>\n<p style=\"text-align: justify;\"><span style=\"font-size: 12pt; font-family: arial,helvetica,sans-serif;\">V&nbsp;kategorii ro\u010dn\u00edk nar. 2008 &#8211; 2009 bylo 8 t\u00fdm\u016f.<\/span><\/p>\n<p style=\"text-align: justify;\"><span style=\"font-size: 12pt; font-family: arial,helvetica,sans-serif;\">T\u00fdmy:<\/span><\/p>\n<p style=\"text-align: justify;\"><span style=\"font-size: 12pt; font-family: arial,helvetica,sans-serif;\">Kobe\u0159ice, Darkovi\u010dky, Fr\u00fddek M\u00edstek, Ostrava &#8211; Jih 1, Ostrava &#8211; Jih 2, Fulnek, Kyle\u0161ovice, T\u0159ebovice<\/span><\/p>\n<p style=\"text-align: justify;\"><span style=\"font-size: 12pt; font-family: arial,helvetica,sans-serif;\">Na\u0161e d\u011bti jsou v\u0161echny narozeny v&nbsp;roce 2010 &#8211; 2011<\/span><\/p>\n<p style=\"text-align: justify;\"><span style=\"font-size: 12pt; font-family: arial,helvetica,sans-serif;\">Na\u0161i borci skon\u010dili na kr\u00e1sn\u00e9m druh\u00e9m m\u00edst\u011b. Mus\u00edm \u0159\u00edct, \u017ee o druh\u00e9m m\u00edst\u011b rozhodly a\u017e samotn\u00e9 vst\u0159elen\u00e9 branky, proto\u017ee bodov\u011b a vz\u00e1jemn\u00e9 z\u00e1pasy byly nerozhodn\u011b. Proto o druh\u00e9m m\u00edst\u011b rozhodl pouze jedin\u00fd g\u00f3l.<\/span><\/p>\n<p style=\"text-align: justify;\"><span style=\"font-size: 12pt; font-family: arial,helvetica,sans-serif;\"><strong>Hr\u00e1\u010di:<\/strong><\/span><\/p>\n<p style=\"text-align: justify;\"><span style=\"font-size: 12pt; font-family: arial,helvetica,sans-serif;\">Filip Stoklasa &#8211; brank\u00e1\u0159<\/span><\/p>\n<p style=\"text-align: justify;\"><span style=\"font-size: 12pt; font-family: arial,helvetica,sans-serif;\">Jakub \u017d\u00eddek<\/span><\/p>\n<p style=\"text-align: justify;\"><span style=\"font-size: 12pt; font-family: arial,helvetica,sans-serif;\">Jan Laburda<\/span><br \/>\n<span style=\"font-size: 12pt; font-family: arial,helvetica,sans-serif;\"> Robin V\u00e1clav\u00edk<\/span><br \/>\n<span style=\"font-size: 12pt; font-family: arial,helvetica,sans-serif;\"> Vojt\u011bch St\u0159\u00edbn\u00fd<\/span><br \/>\n<span style=\"font-size: 12pt; font-family: arial,helvetica,sans-serif;\"> Dominik Hanzl\u00edk<\/span><br \/>\n<span style=\"font-size: 12pt; font-family: arial,helvetica,sans-serif;\"> Adam Schweidler<\/span><\/p>\n<p style=\"text-align: justify;\"><span style=\"font-size: 12pt;\">&nbsp;<\/span><\/p>\n<p style=\"text-align: justify;\"><span style=\"font-size: 12pt; font-family: arial,helvetica,sans-serif;\">V kategorii ro\u010dn\u00edk nar. 2010 &#8211; 2011 bylo 8 t\u00fdm\u016f.<\/span><\/p>\n<p style=\"text-align: justify;\"><span style=\"font-size: 12pt;\">&nbsp;<\/span><\/p>\n<p style=\"text-align: justify;\"><span style=\"font-size: 12pt; font-family: arial,helvetica,sans-serif;\">T\u00fdmy:<\/span><\/p>\n<p style=\"text-align: justify;\"><span style=\"font-size: 12pt; font-family: arial,helvetica,sans-serif;\">Kobe\u0159ice, MFK Hav\u00ed\u0159ov, V\u00edtkovice, Ostrava \u2013Jih, T\u011brlicko, Slovan Hav\u00ed\u0159ov, T\u0159ebovice, Fr\u00fddek M\u00edstek 10, Fr\u00fddek M\u00edstek 11<\/span><\/p>\n<p style=\"text-align: justify;\"><span style=\"font-size: 12pt; font-family: arial,helvetica,sans-serif;\">V&nbsp;t\u00e9to kategorii nerozhodovaly body ani po\u010det vst\u0159elen\u00fdch branek \u0161lo pouze o z\u00fa\u010dastn\u011bn\u00ed se velk\u00e9ho turnaje a dobr\u00fd pocit ze hry nejmen\u0161\u00edch d\u011bt\u00ed. Mysl\u00edm si, \u017ee tohle se povedlo, proto\u017ee v\u0161echny d\u011bti skon\u010dily na kr\u00e1sn\u00e9m prvn\u00edm m\u00edst\u011b. V\u0161echny d\u011bti byly odm\u011bn\u011bny zlatou medail\u00ed a sladkostmi.<\/span><\/p>\n<p style=\"text-align: justify;\"><span style=\"font-size: 12pt;\">&nbsp;<\/span><\/p>\n<p style=\"text-align: justify;\"><span style=\"font-size: 12pt; font-family: arial,helvetica,sans-serif;\">Hr\u00e1\u010di:<\/span><\/p>\n<p style=\"text-align: justify;\"><span style=\"font-size: 12pt; font-family: arial,helvetica,sans-serif;\">Robin Mo\u0161a<\/span><br \/>\n<span style=\"font-size: 12pt; font-family: arial,helvetica,sans-serif;\"> Richard Mo\u0161a<\/span><br \/>\n<span style=\"font-size: 12pt; font-family: arial,helvetica,sans-serif;\"> Adam Schweidler<\/span><\/p>\n<p style=\"text-align: justify;\"><span style=\"font-size: 12pt; font-family: arial,helvetica,sans-serif;\">Kristi\u00e1n Pla\u010dek<\/span><\/p>\n<p style=\"text-align: justify;\"><span style=\"font-size: 12pt;\">&nbsp;<\/span><\/p>\n<p style=\"text-align: justify;\"><span style=\"font-size: 12pt; font-family: arial,helvetica,sans-serif;\">U t\u011bchto mal\u00fdch d\u011bt\u00ed bylo nejv\u00edce ocen\u011bno fotbalov\u00e9 nasazen\u00ed, kter\u00e9 splnilo na\u0161e o\u010dek\u00e1v\u00e1n\u00ed.<\/span><\/p>\n<p style=\"text-align: justify;\"><span style=\"font-size: 12pt; font-family: arial,helvetica,sans-serif;\"> Velk\u00fd d\u00edk pat\u0159i rodi\u010d\u016fm a asistent\u016fm za pomoc&nbsp; a dopravu d\u011bt\u00ed na turnaj. A tak\u00e9 za velkou podporu t\u011bchto d\u011bt\u00ed. Tak\u00e9 bychom cht\u011bli pod\u011bkovat TJ Sokolu Kobe\u0159ice a obci Kobe\u0159ice, \u017ee n\u00e1m umo\u017e\u0148uj\u00ed z\u00fa\u010dastnit se r\u016fzn\u00fdch turnaj\u016f.<\/span><\/p>\n<p><span style=\"font-size: 12pt; font-family: arial,helvetica,sans-serif;\"> Tren\u00e9r Pavel Dub\u011bl\u010d\u00edk a Petr Schlischka<\/span><\/p>\n","protected":false},"excerpt":{"rendered":"<p>V ned\u011bli &nbsp;4.6.2017 jsme hr\u00e1li turnaj \u201eUkon\u010den\u00ed sez\u00f3ny v&nbsp;Markvartovic\u00edch\u201c. &nbsp; TJ Sokol Kobe\u0159ice m\u011blo zastoupen\u00ed ve dvou kategori\u00edch. Prvn\u00ed kategorie byla ro\u010dn\u00edk nar. 2008 \u2013 2009<span class=\"excerpt-hellip\"> [\u2026]<\/span><\/p>\n","protected":false},"author":3,"featured_media":2486,"comment_status":"closed","ping_status":"open","sticky":false,"template":"","format":"standard","meta":{"ngg_post_thumbnail":0,"footnotes":""},"categories":[107,120,119],"tags":[],"class_list":["post-4065","post","type-post","status-publish","format-standard","has-post-thumbnail","hentry","category-fotbal","category-mini-mladsi","category-mini-starsi"],"_links":{"self":[{"href":"https:\/\/tjsokolkoberice.cz\/index.php?rest_route=\/wp\/v2\/posts\/4065","targetHints":{"allow":["GET"]}}],"collection":[{"href":"https:\/\/tjsokolkoberice.cz\/index.php?rest_route=\/wp\/v2\/posts"}],"about":[{"href":"https:\/\/tjsokolkoberice.cz\/index.php?rest_route=\/wp\/v2\/types\/post"}],"author":[{"embeddable":true,"href":"https:\/\/tjsokolkoberice.cz\/index.php?rest_route=\/wp\/v2\/users\/3"}],"replies":[{"embeddable":true,"href":"https:\/\/tjsokolkoberice.cz\/index.php?rest_route=%2Fwp%2Fv2%2Fcomments&post=4065"}],"version-history":[{"count":3,"href":"https:\/\/tjsokolkoberice.cz\/index.php?rest_route=\/wp\/v2\/posts\/4065\/revisions"}],"predecessor-version":[{"id":4068,"href":"https:\/\/tjsokolkoberice.cz\/index.php?rest_route=\/wp\/v2\/posts\/4065\/revisions\/4068"}],"wp:featuredmedia":[{"embeddable":true,"href":"https:\/\/tjsokolkoberice.cz\/index.php?rest_route=\/wp\/v2\/media\/2486"}],"wp:attachment":[{"href":"https:\/\/tjsokolkoberice.cz\/index.php?rest_route=%2Fwp%2Fv2%2Fmedia&parent=4065"}],"wp:term":[{"taxonomy":"category","embeddable":true,"href":"https:\/\/tjsokolkoberice.cz\/index.php?rest_route=%2Fwp%2Fv2%2Fcategories&post=4065"},{"taxonomy":"post_tag","embeddable":true,"href":"https:\/\/tjsokolkoberice.cz\/index.php?rest_route=%2Fwp%2Fv2%2Ftags&post=4065"}],"curies":[{"name":"wp","href":"https:\/\/api.w.org\/{rel}","templated":true}]}}