{"id":4069,"date":"2017-06-08T08:42:08","date_gmt":"2017-06-08T07:42:08","guid":{"rendered":"https:\/\/tjsokolkoberice.cz\/?p=4069"},"modified":"2025-10-14T11:56:18","modified_gmt":"2025-10-14T10:56:18","slug":"vikendovy-program-nasich-muzstev-23","status":"publish","type":"post","link":"https:\/\/tjsokolkoberice.cz\/?p=4069","title":{"rendered":"V\u00edkendov\u00fd program na\u0161ich mu\u017estev"},"content":{"rendered":"<p style=\"text-align: justify;\"><span style=\"font-size: 14pt; font-family: arial,helvetica,sans-serif; color: #003366;\">Mu\u017ei \u201eA\u201c budou hr\u00e1t kl\u00ed\u010dov\u00e9 utk\u00e1n\u00ed ve Fren\u0161t\u00e1tu&nbsp; <\/span><\/p>\n<p style=\"text-align: justify;\"><span style=\"font-size: 12pt; font-family: arial,helvetica,sans-serif;\">Hr\u00e1\u010di Fren\u0161t\u00e1tu se v sou\u010dasn\u00e9 dob\u011b nach\u00e1zej\u00ed na posledn\u00edm m\u00edst\u011b a k&nbsp;utk\u00e1n\u00ed s&nbsp;na\u0161\u00edm celkem nastupuj\u00ed po v\u00edt\u011bzn\u00e9m utk\u00e1n\u00ed s B\u0159idli\u010dnou, kterou doma porazili vysoko 6:1. N\u00e1\u0161 soupe\u0159 7x vyhr\u00e1l, 5x remizoval a v 16 utk\u00e1n\u00edch ode\u0161el z&nbsp;h\u0159i\u0161t\u011b jako pora\u017een\u00fd celek.<\/span><\/p>\n<p style=\"text-align: justify;\"><span style=\"font-size: 12pt; font-family: arial,helvetica,sans-serif;\">Na\u0161i hr\u00e1\u010di jdou do utk\u00e1n\u00ed po por\u00e1\u017ece 0:2, kterou jsme utr\u017eili v D\u011btmarovic\u00edch.&nbsp; Celkov\u011b se nach\u00e1z\u00edme na p\u0159edposledn\u00edm m\u00edst\u011b, kdy\u017e jsme 9x vyhr\u00e1li, jednou remizovali a v 18 utk\u00e1n\u00edch jsme byli pora\u017eeni. &nbsp;Tak\u00e9 v&nbsp;tomto utk\u00e1n\u00ed p\u016fjde o na\u0161e byt\u00ed \u010di nebyt\u00ed v&nbsp;krajsk\u00e9m p\u0159eboru.<\/span><\/p>\n<p style=\"text-align: justify;\"><span style=\"font-size: 12pt; font-family: arial,helvetica,sans-serif;\"><strong>Utk\u00e1n\u00ed krajsk\u00e9ho p\u0159eboru Fren\u0161t\u00e1t &#8211; Kobe\u0159ice se bude hr\u00e1t v&nbsp;ned\u011bli 11. \u010dervna 2017 od 17:00 hodin. Odjezd k&nbsp;utk\u00e1n\u00ed je ve&nbsp;14:30 hodin. Na\u0161i fotbalist\u00e9 v\u011b\u0159\u00ed, \u017ee je skaln\u00ed fanou\u0161ci p\u0159ijedou v&nbsp;tomto pro n\u00e1s d\u016fle\u017eit\u00e9m utk\u00e1n\u00ed v hojn\u00e9m po\u010dtu povzbudit.<\/strong><\/span><\/p>\n<p style=\"text-align: justify;\"><span style=\"font-size: 12pt; font-family: arial,helvetica,sans-serif;\"><strong><u>Program krajsk\u00e9ho p\u0159eboru na tento a p\u0159\u00ed\u0161t\u00ed t\u00fdden <\/u><\/strong><\/span><\/p>\n<table width=\"445\">\n<tbody>\n<tr>\n<td width=\"223\"><span style=\"font-size: 12pt; font-family: arial,helvetica,sans-serif;\">H\u00e1j ve Slezsku &#8211; B\u00edlovec<\/span><\/td>\n<td width=\"223\"><span style=\"font-size: 12pt; font-family: arial,helvetica,sans-serif;\">\u010cesk\u00fd T\u011b\u0161\u00edn &#8211; Polanka<\/span><\/td>\n<\/tr>\n<tr>\n<td width=\"223\"><span style=\"font-size: 12pt; font-family: arial,helvetica,sans-serif;\">Vendryn\u011b &#8211; \u0160enov<\/span><\/td>\n<td width=\"223\"><span style=\"font-size: 12pt; font-family: arial,helvetica,sans-serif;\">D\u011btmarovice &#8211; Vendryn\u011b<\/span><\/td>\n<\/tr>\n<tr>\n<td width=\"223\"><span style=\"font-size: 12pt; font-family: arial,helvetica,sans-serif;\">\u010celadn\u00e1 &#8211; D\u011btmarovice<\/span><\/td>\n<td width=\"223\"><span style=\"font-size: 12pt; font-family: arial,helvetica,sans-serif;\">\u0160enov &#8211; SO Brunt\u00e1l<\/span><\/td>\n<\/tr>\n<tr>\n<td width=\"223\"><span style=\"font-size: 12pt; font-family: arial,helvetica,sans-serif;\">B\u0159idli\u010dn\u00e1 &#8211; Bohum\u00edn<\/span><\/td>\n<td width=\"223\"><span style=\"font-size: 12pt; font-family: arial,helvetica,sans-serif;\">Slavia Orlov\u00e1 &#8211; H\u00e1j ve Slezsku<\/span><\/td>\n<\/tr>\n<tr>\n<td width=\"223\"><span style=\"font-size: 12pt; font-family: arial,helvetica,sans-serif;\">He\u0159manice &#8211; \u010cesk\u00fd T\u011b\u0161\u00edn<\/span><\/td>\n<td width=\"223\"><span style=\"font-size: 12pt; font-family: arial,helvetica,sans-serif;\">Krnov &#8211; B\u0159idli\u010dn\u00e1<\/span><\/td>\n<\/tr>\n<tr>\n<td width=\"223\"><span style=\"font-size: 12pt; font-family: arial,helvetica,sans-serif;\">Polanka &#8211; Krnov<\/span><\/td>\n<td width=\"223\"><span style=\"font-size: 12pt; font-family: arial,helvetica,sans-serif;\"><strong>Bohum\u00edn<\/strong> &#8211; <strong>Kobe\u0159ice<\/strong><\/span><\/td>\n<\/tr>\n<tr>\n<td width=\"223\"><span style=\"font-size: 12pt; font-family: arial,helvetica,sans-serif;\"><strong>Fren\u0161t\u00e1t p. R.<\/strong> &#8211; <strong>Kobe\u0159ice<\/strong><\/span><\/td>\n<td width=\"223\"><span style=\"font-size: 12pt; font-family: arial,helvetica,sans-serif;\">Fren\u0161t\u00e1t p. R. &#8211; \u010celadn\u00e1<\/span><\/td>\n<\/tr>\n<tr>\n<td width=\"223\"><span style=\"font-size: 12pt; font-family: arial,helvetica,sans-serif;\">SO Brunt\u00e1l &#8211; Slavia Orlov\u00e1<\/span><\/td>\n<td width=\"223\"><span style=\"font-size: 12pt; font-family: arial,helvetica,sans-serif;\">B\u00edlovec &#8211; He\u0159manice<\/span><\/td>\n<\/tr>\n<\/tbody>\n<\/table>\n<p style=\"text-align: justify;\"><span style=\"font-size: 12pt;\">&nbsp;<\/span><\/p>\n<p style=\"text-align: justify;\"><span style=\"font-size: 14pt; font-family: arial,helvetica,sans-serif; color: #003366;\">Mu\u017ei \u201eB\u201c budou hr\u00e1t doma s&nbsp;V\u00e1vrovicemi<\/span><\/p>\n<p style=\"text-align: justify;\"><span style=\"font-size: 12pt; font-family: arial,helvetica,sans-serif;\">Na\u0161e mu\u017estvo \u201eB\u201c \u010dek\u00e1 v&nbsp;p\u0159\u00ed\u0161t\u00edm utk\u00e1n\u00ed dvan\u00e1ct\u00fd celek okresn\u00edho p\u0159eboru V\u00e1vrovice, kter\u00e9 z\u00edskaly 23 bod\u016f. Zat\u00edm toto mu\u017estvo vyhr\u00e1lo 7 utk\u00e1n\u00ed, 2x remizovalo a 13x bylo pora\u017eeno. Soupe\u0159\u016fm vs\u00edtilo 38 a obdr\u017eelo 53 branek.<\/span><\/p>\n<p style=\"text-align: justify;\"><span style=\"font-size: 12pt; font-family: arial,helvetica,sans-serif;\">Na\u0161i hr\u00e1\u010di jsou na 11. m\u00edst\u011b, kdy\u017e 9x vyhr\u00e1li, jednou remizovali a 13x prohr\u00e1li.&nbsp; Soupe\u0159\u016fm vs\u00edtili 36 a obdr\u017eeli 57 branek s&nbsp;celkov\u00fdm ziskem 28 bod\u016f.<\/span><\/p>\n<p style=\"text-align: justify;\"><span style=\"font-size: 12pt; font-family: arial,helvetica,sans-serif;\"><strong>Utk\u00e1n\u00ed okresn\u00edho p\u0159eboru Kobe\u0159ice \u201eB\u201c &#8211; V\u00e1vrovice se bude hr\u00e1t v&nbsp;sobotu 10. \u010dervna 2017 od 17:00 hodin. Zveme v\u0161echny p\u0159\u00edznivce na\u0161eho \u201eB\u201c mu\u017estva<\/strong>.<\/span><\/p>\n<p style=\"text-align: justify;\"><span style=\"font-size: 12pt;\">&nbsp;<\/span><\/p>\n<table width=\"520\">\n<tbody>\n<tr>\n<td width=\"260\"><span style=\"font-size: 12pt; font-family: arial,helvetica,sans-serif;\">Hlavnice &#8211; Jakartovice<\/span><\/td>\n<td width=\"260\"><span style=\"font-size: 12pt; font-family: arial,helvetica,sans-serif;\">V\u00e1vrovice &#8211; Litultovice<\/span><\/td>\n<\/tr>\n<tr>\n<td width=\"260\"><span style=\"font-size: 12pt; font-family: arial,helvetica,sans-serif;\"><strong>Kobe\u0159ice &#8222;B&#8220;<\/strong><strong> &#8211; V\u00e1vrovice <\/strong><\/span><\/td>\n<td width=\"260\"><span style=\"font-size: 12pt; font-family: arial,helvetica,sans-serif;\">Hradec nad Moravic\u00ed &#8211; Mal\u00e9 Ho\u0161tice<\/span><\/td>\n<\/tr>\n<tr>\n<td width=\"260\"><span style=\"font-size: 12pt; font-family: arial,helvetica,sans-serif;\">Slavia Opava &#8211; Hradec nad Moravic\u00ed<\/span><\/td>\n<td width=\"260\"><span style=\"font-size: 12pt; font-family: arial,helvetica,sans-serif;\"><strong>Jakartovice<\/strong> &#8211; <strong>Kobe\u0159ice &#8222;B&#8220;<\/strong><\/span><\/td>\n<\/tr>\n<tr>\n<td width=\"260\"><span style=\"font-size: 12pt; font-family: arial,helvetica,sans-serif;\">Pust\u00e1 Polom &#8222;B&#8220; &#8211; Budi\u0161ov nad Budi\u0161ovkou<\/span><\/td>\n<td width=\"260\"><span style=\"font-size: 12pt; font-family: arial,helvetica,sans-serif;\">St\u011bbo\u0159ice &#8211; Hn\u011bvo\u0161ice<\/span><\/td>\n<\/tr>\n<tr>\n<td width=\"260\"><span style=\"font-size: 12pt; font-family: arial,helvetica,sans-serif;\">B\u011bl\u00e1 &#8211; St\u011bbo\u0159ice<\/span><\/td>\n<td width=\"260\"><span style=\"font-size: 12pt; font-family: arial,helvetica,sans-serif;\">Slavia Opava &#8211; Pust\u00e1 Polom &#8222;B&#8220;<\/span><\/td>\n<\/tr>\n<tr>\n<td width=\"260\"><span style=\"font-size: 12pt; font-family: arial,helvetica,sans-serif;\">Hn\u011bvo\u0161ice &#8211; V\u0159esina<\/span><\/td>\n<td width=\"260\"><span style=\"font-size: 12pt; font-family: arial,helvetica,sans-serif;\">Budi\u0161ov nad Budi\u0161ovkou &#8211; B\u011bl\u00e1<\/span><\/td>\n<\/tr>\n<tr>\n<td width=\"260\"><span style=\"font-size: 12pt; font-family: arial,helvetica,sans-serif;\">Litultovice &#8211; Mal\u00e9 Ho\u0161tice<\/span><\/td>\n<td width=\"260\"><span style=\"font-size: 12pt; font-family: arial,helvetica,sans-serif;\">V\u0159esina &#8211; Hlavnice<\/span><\/td>\n<\/tr>\n<\/tbody>\n<\/table>\n<p style=\"text-align: justify;\"><span style=\"font-size: 12pt;\">&nbsp;<\/span><\/p>\n<p style=\"text-align: justify;\"><span style=\"font-size: 14pt; font-family: arial,helvetica,sans-serif; color: #003366;\">Dorostenci budou hr\u00e1t doma s&nbsp;V\u00edtkovem<\/span><\/p>\n<p style=\"text-align: justify;\"><span style=\"font-size: 12pt; font-family: arial,helvetica,sans-serif;\">Po v\u00edt\u011bzstv\u00ed ve Vrbn\u011b budou na\u0161i dorostenci hr\u00e1t doma s&nbsp;V\u00edtkovem, kter\u00fd je v&nbsp;sou\u010dasn\u00e9 dob\u011b na 12. m\u00edst\u011b se ziskem 24 bod\u016f. V&nbsp;dosavadn\u00edm pr\u016fb\u011bhu 7x vyhr\u00e1l, 3 remizoval a 14 x prohr\u00e1l.<\/span><\/p>\n<p style=\"text-align: justify;\"><span style=\"font-size: 12pt; font-family: arial,helvetica,sans-serif;\">Na\u0161i dorostenci se nach\u00e1zej\u00ed na vedouc\u00ed pozici krajsk\u00e9 sout\u011b\u017ee, kdy\u017e na sv\u00e9m kont\u011b maj\u00ed 63 bod\u016f a to za 21 v\u00edt\u011bzstv\u00ed. Soupe\u0159\u016fm jsme dali 88 a obdr\u017eeli 36 branek.&nbsp;<\/span><\/p>\n<p style=\"text-align: justify;\"><span style=\"font-size: 12pt; font-family: arial,helvetica,sans-serif;\"><strong>Utk\u00e1n\u00ed krajsk\u00e9 sout\u011b\u017ee dorostu Kobe\u0159ice &#8211; V\u00edtkov se hraje v&nbsp;ned\u011bli 11. \u010dervna 2017 od 14:45 hodin. <\/strong><\/span><\/p>\n<p style=\"text-align: justify;\"><span style=\"font-size: 12pt; font-family: arial,helvetica,sans-serif;\"><strong><u>V&nbsp;tomto a p\u0159\u00ed\u0161t\u00edm kole hraj\u00ed:<\/u><\/strong><\/span><\/p>\n<table width=\"569\">\n<tbody>\n<tr>\n<td width=\"285\"><span style=\"font-size: 12pt; font-family: arial,helvetica,sans-serif;\">Fulnek &#8211; Polanka<\/span><\/td>\n<td width=\"285\"><span style=\"font-size: 12pt; font-family: arial,helvetica,sans-serif;\">Vratimov &#8211; Horn\u00ed Bene\u0161ov<\/span><\/td>\n<\/tr>\n<tr>\n<td width=\"285\"><span style=\"font-size: 12pt; font-family: arial,helvetica,sans-serif;\">Stud\u00e9nka &#8211; Vrbno pod Prad\u011bdem<\/span><\/td>\n<td width=\"285\"><span style=\"font-size: 12pt; font-family: arial,helvetica,sans-serif;\">Vrbno pod Prad\u011bdem &#8211; Darkovi\u010dky<\/span><\/td>\n<\/tr>\n<tr>\n<td width=\"285\"><span style=\"font-size: 12pt; font-family: arial,helvetica,sans-serif;\">R\u00fdma\u0159ov &#8211; Doln\u00ed Bene\u0161ov<\/span><\/td>\n<td width=\"285\"><span style=\"font-size: 12pt; font-family: arial,helvetica,sans-serif;\">Svinov &#8211; Fulnek<\/span><\/td>\n<\/tr>\n<tr>\n<td width=\"285\"><span style=\"font-size: 12pt; font-family: arial,helvetica,sans-serif;\"><strong>Kobe\u0159ice<\/strong> &#8211; <strong>V\u00edtkov<\/strong><\/span><\/td>\n<td width=\"285\"><span style=\"font-size: 12pt; font-family: arial,helvetica,sans-serif;\">V\u00edtkov &#8211; Stud\u00e9nka<\/span><\/td>\n<\/tr>\n<tr>\n<td width=\"285\"><span style=\"font-size: 12pt; font-family: arial,helvetica,sans-serif;\">Darkovi\u010dky &#8211; Svinov<\/span><\/td>\n<td width=\"285\"><span style=\"font-size: 12pt; font-family: arial,helvetica,sans-serif;\"><strong>Doln\u00ed Bene\u0161ov<\/strong> &#8211; <strong>Kobe\u0159ice<\/strong><\/span><\/td>\n<\/tr>\n<tr>\n<td width=\"285\"><span style=\"font-size: 12pt; font-family: arial,helvetica,sans-serif;\">Hradec nad Moravic\u00ed &#8211; Klimkovice<\/span><\/td>\n<td width=\"285\"><span style=\"font-size: 12pt; font-family: arial,helvetica,sans-serif;\"><strong>&nbsp;<\/strong><\/span><\/td>\n<\/tr>\n<\/tbody>\n<\/table>\n<p style=\"text-align: justify;\"><span style=\"font-size: 12pt;\">&nbsp;<\/span><\/p>\n<p style=\"text-align: justify;\"><span style=\"font-size: 14pt; font-family: arial,helvetica,sans-serif; color: #003366;\">P\u0159\u00ed\u0161t\u00ed z\u00e1pas sehraj\u00ed na\u0161i \u017e\u00e1ci venku s&nbsp;V\u0159esinou. Bude se hr\u00e1t v&nbsp;sobotu 10. \u010dervna 2017 od 13:30 a 15:00 hodin. Spole\u010dn\u00fd odjezd je v&nbsp;11:45 hodin.<\/span><\/p>\n<p>&nbsp;<\/p>\n","protected":false},"excerpt":{"rendered":"<p>Mu\u017ei \u201eA\u201c budou hr\u00e1t kl\u00ed\u010dov\u00e9 utk\u00e1n\u00ed ve Fren\u0161t\u00e1tu&nbsp; Hr\u00e1\u010di Fren\u0161t\u00e1tu se v sou\u010dasn\u00e9 dob\u011b nach\u00e1zej\u00ed na posledn\u00edm m\u00edst\u011b a k&nbsp;utk\u00e1n\u00ed s&nbsp;na\u0161\u00edm celkem nastupuj\u00ed po v\u00edt\u011bzn\u00e9m utk\u00e1n\u00ed<span class=\"excerpt-hellip\"> [\u2026]<\/span><\/p>\n","protected":false},"author":3,"featured_media":1883,"comment_status":"closed","ping_status":"open","sticky":false,"template":"","format":"standard","meta":{"ngg_post_thumbnail":0,"footnotes":""},"categories":[115,112,110,107,117,103,111,150,102],"tags":[],"class_list":["post-4069","post","type-post","status-publish","format-standard","has-post-thumbnail","hentry","category-a-tym","category-b-tym","category-dorost","category-fotbal","category-mladsi-zaci","category-pozvanky","category-starsi-zaci","category-vse","category-zapasy"],"_links":{"self":[{"href":"https:\/\/tjsokolkoberice.cz\/index.php?rest_route=\/wp\/v2\/posts\/4069","targetHints":{"allow":["GET"]}}],"collection":[{"href":"https:\/\/tjsokolkoberice.cz\/index.php?rest_route=\/wp\/v2\/posts"}],"about":[{"href":"https:\/\/tjsokolkoberice.cz\/index.php?rest_route=\/wp\/v2\/types\/post"}],"author":[{"embeddable":true,"href":"https:\/\/tjsokolkoberice.cz\/index.php?rest_route=\/wp\/v2\/users\/3"}],"replies":[{"embeddable":true,"href":"https:\/\/tjsokolkoberice.cz\/index.php?rest_route=%2Fwp%2Fv2%2Fcomments&post=4069"}],"version-history":[{"count":3,"href":"https:\/\/tjsokolkoberice.cz\/index.php?rest_route=\/wp\/v2\/posts\/4069\/revisions"}],"predecessor-version":[{"id":4071,"href":"https:\/\/tjsokolkoberice.cz\/index.php?rest_route=\/wp\/v2\/posts\/4069\/revisions\/4071"}],"wp:featuredmedia":[{"embeddable":true,"href":"https:\/\/tjsokolkoberice.cz\/index.php?rest_route=\/wp\/v2\/media\/1883"}],"wp:attachment":[{"href":"https:\/\/tjsokolkoberice.cz\/index.php?rest_route=%2Fwp%2Fv2%2Fmedia&parent=4069"}],"wp:term":[{"taxonomy":"category","embeddable":true,"href":"https:\/\/tjsokolkoberice.cz\/index.php?rest_route=%2Fwp%2Fv2%2Fcategories&post=4069"},{"taxonomy":"post_tag","embeddable":true,"href":"https:\/\/tjsokolkoberice.cz\/index.php?rest_route=%2Fwp%2Fv2%2Ftags&post=4069"}],"curies":[{"name":"wp","href":"https:\/\/api.w.org\/{rel}","templated":true}]}}