{"id":4110,"date":"2017-07-05T11:06:56","date_gmt":"2017-07-05T10:06:56","guid":{"rendered":"https:\/\/tjsokolkoberice.cz\/?p=4110"},"modified":"2025-10-14T11:56:18","modified_gmt":"2025-10-14T10:56:18","slug":"hodnoceni-fotbaloveho-jara-2017","status":"publish","type":"post","link":"https:\/\/tjsokolkoberice.cz\/?p=4110","title":{"rendered":"Hodnocen\u00ed fotbalov\u00e9ho jara 2017"},"content":{"rendered":"<p style=\"text-align: justify;\"><span style=\"font-family: arial, helvetica, sans-serif; font-size: 12pt;\">Mlad\u0161\u00ed \u017e\u00e1ci i v&nbsp;jarn\u00ed \u010d\u00e1sti sez\u00f3ny pokra\u010dovali ve velice dobr\u00fdch v\u00fdkonech, kdy\u017e prohr\u00e1li pouze 2 z\u00e1pasy a um\u00edstili se na kone\u010dn\u00e9m 2. m\u00edst\u011b za suver\u00e9nn\u00edm R\u00fdma\u0159ovem. P\u0159edev\u0161\u00edm je t\u0159eba pochv\u00e1lit za pomoc star\u0161\u00edm \u017e\u00e1k\u016fm, kte\u0159\u00ed v sez\u00f3n\u011b pro\u0161li velkou obm\u011bnou k\u00e1dru.<\/span><\/p>\n<p style=\"text-align: justify;\"><span style=\"font-family: arial, helvetica, sans-serif; font-size: 12pt;\">Star\u0161\u00ed \u017e\u00e1ci skon\u010dili na p\u011bkn\u00e9m 4. m\u00edst\u011b tabulky. Mu\u017estvo opust\u00ed pouze 3 \u017e\u00e1ci, tak\u017ee je p\u0159\u00edslib, \u017ee se je\u0161t\u011b budou zlep\u0161ovat. Posledn\u00ed te\u010dkou byl z\u00e1v\u011bre\u010dn\u00fd turnaj v&nbsp;Old\u0159i\u0161ov\u011b, kdy suver\u00e9nn\u011b vyhr\u00e1li v\u0161echny z\u00e1pasy a obsadili prvn\u00ed p\u0159\u00ed\u010dku. Postupn\u011b porazili Krava\u0159e 3:0, Old\u0159i\u0161ov A 6:0, V\u0159esinu 3:0, Velk\u00e9 Ho\u0161tice 4:0 a Old\u0159i\u0161ov B 5:3. Nejlep\u0161\u00edm hr\u00e1\u010dem turnaje byl vyhl\u00e1\u0161en n\u00e1\u0161 \u0160t\u011bp\u00e1n St\u0159\u00edbn\u00fd.<\/span><\/p>\n<p style=\"text-align: justify;\"><a href=\"https:\/\/tjsokolkoberice.cz\/wp-content\/uploads\/2017\/07\/foto-1.jpg\"><img loading=\"lazy\" decoding=\"async\" class=\"alignnone size-large wp-image-4114\" src=\"https:\/\/tjsokolkoberice.cz\/wp-content\/uploads\/2017\/07\/foto-1-1024x768.jpg\" alt=\"\" width=\"1024\" height=\"768\" srcset=\"https:\/\/tjsokolkoberice.cz\/wp-content\/uploads\/2017\/07\/foto-1-1024x768.jpg 1024w, https:\/\/tjsokolkoberice.cz\/wp-content\/uploads\/2017\/07\/foto-1-300x225.jpg 300w, https:\/\/tjsokolkoberice.cz\/wp-content\/uploads\/2017\/07\/foto-1-768x576.jpg 768w, https:\/\/tjsokolkoberice.cz\/wp-content\/uploads\/2017\/07\/foto-1-390x293.jpg 390w, https:\/\/tjsokolkoberice.cz\/wp-content\/uploads\/2017\/07\/foto-1-250x188.jpg 250w, https:\/\/tjsokolkoberice.cz\/wp-content\/uploads\/2017\/07\/foto-1-190x143.jpg 190w, https:\/\/tjsokolkoberice.cz\/wp-content\/uploads\/2017\/07\/foto-1.jpg 2048w\" sizes=\"auto, (max-width:767px) 480px, (max-width:1024px) 100vw, 1024px\" \/><\/a><\/p>\n<p style=\"text-align: right;\"><span style=\"font-family: arial, helvetica, sans-serif; font-size: 12pt;\">&nbsp;&nbsp;&nbsp;&nbsp;&nbsp;&nbsp;&nbsp;&nbsp;&nbsp;&nbsp;&nbsp;&nbsp;&nbsp;&nbsp;&nbsp;&nbsp;&nbsp;&nbsp;&nbsp;&nbsp;&nbsp;&nbsp;&nbsp;&nbsp;&nbsp;&nbsp;&nbsp;&nbsp;&nbsp;&nbsp;&nbsp;&nbsp;&nbsp;&nbsp;&nbsp;&nbsp;&nbsp;&nbsp;&nbsp;&nbsp;&nbsp;&nbsp;&nbsp;&nbsp;&nbsp;&nbsp;&nbsp;&nbsp;&nbsp;&nbsp;&nbsp;&nbsp;&nbsp;&nbsp;&nbsp;&nbsp;&nbsp;&nbsp;&nbsp; &nbsp; &nbsp; &nbsp; &nbsp; &nbsp; &nbsp; &nbsp; &nbsp; &nbsp; &nbsp; &nbsp; &nbsp; &nbsp; &nbsp; &nbsp; &nbsp; &nbsp;Tom\u00e1\u0161 St\u0159\u00edbn\u00fd, tren\u00e9r<\/span><\/p>\n<p style=\"text-align: justify;\"><span style=\"font-family: arial, helvetica, sans-serif; font-size: 12pt;\">Pro dorost TJ Sokol Kobe\u0159ice byla sez\u00f3na 2016\/17 velice \u00fasp\u011b\u0161n\u00e1. Po suver\u00e9nn\u00edm podzimu, kdy neztratili ani bod, p\u0159i\u0161lo jaro a v n\u011bm 13 odehran\u00fdch z\u00e1pas\u016f s&nbsp;bilanc\u00ed 10 v\u00edt\u011bzstv\u00ed a 3 por\u00e1\u017eek p\u0159i sk\u00f3re 42:23 a 30 bod\u016f. P\u0159i sou\u010dtu s podzimem je celkov\u00e1 bilance 23 v\u00edt\u011bzstv\u00ed a 3 por\u00e1\u017eky p\u0159i sk\u00f3re 94:40 a 69 bod\u016f, co\u017e znamenalo 1. m\u00edsto v sout\u011b\u017ei se 6 bodov\u00fdm n\u00e1skokem nad Fulnekem. Nejlep\u0161\u00edm st\u0159elcem jara se stal Tom\u00e1\u0161 Bolack\u00fd, kter\u00fd vst\u0159elil 8 branek. Nejlep\u0161\u00edm nahr\u00e1va\u010dem jara se stali Bolack\u00fd a Martin St\u0159\u00edbn\u00fd, kte\u0159\u00ed shodn\u011b zaznamenali 8 asistenc\u00ed. Nejlep\u0161\u00edm st\u0159elcem cel\u00e9 sez\u00f3ny byl Tonda Kubn\u00fd, kter\u00fd vst\u0159elil 23 branek. S dorosteneckou kategori\u00ed se rozlou\u010dili: Radim Stuchl\u00edk, Jan Jamnick\u00fd a Filip Oh\u0159\u00e1l. Za realiza\u010dn\u00ed t\u00fdm bych cht\u011bl kluk\u016fm pod\u011bkovat za vzornou reprezentaci na\u0161\u00ed TJ.<\/span><\/p>\n<p style=\"text-align: justify;\"><a href=\"https:\/\/tjsokolkoberice.cz\/wp-content\/uploads\/2016\/12\/dorost_2016_slider.jpg\"><img loading=\"lazy\" decoding=\"async\" class=\"alignnone size-large wp-image-3327\" src=\"https:\/\/tjsokolkoberice.cz\/wp-content\/uploads\/2016\/12\/dorost_2016_slider-1024x460.jpg\" alt=\"\" width=\"1024\" height=\"460\" srcset=\"https:\/\/tjsokolkoberice.cz\/wp-content\/uploads\/2016\/12\/dorost_2016_slider-1024x460.jpg 1024w, https:\/\/tjsokolkoberice.cz\/wp-content\/uploads\/2016\/12\/dorost_2016_slider-300x135.jpg 300w, https:\/\/tjsokolkoberice.cz\/wp-content\/uploads\/2016\/12\/dorost_2016_slider-768x345.jpg 768w, https:\/\/tjsokolkoberice.cz\/wp-content\/uploads\/2016\/12\/dorost_2016_slider.jpg 1370w\" sizes=\"auto, (max-width:767px) 480px, (max-width:1024px) 100vw, 1024px\" \/><\/a><\/p>\n<p style=\"text-align: right;\"><span style=\"font-family: arial, helvetica, sans-serif; font-size: 12pt;\">&nbsp;&nbsp;&nbsp;&nbsp;&nbsp;&nbsp;&nbsp;&nbsp;&nbsp;&nbsp;&nbsp;&nbsp;&nbsp;&nbsp;&nbsp;&nbsp;&nbsp;&nbsp;&nbsp;&nbsp;&nbsp;&nbsp;&nbsp;&nbsp;&nbsp;&nbsp;&nbsp;&nbsp;&nbsp;&nbsp;&nbsp;&nbsp;&nbsp;&nbsp;&nbsp;&nbsp;&nbsp;&nbsp;&nbsp;&nbsp;&nbsp;&nbsp;&nbsp;&nbsp;&nbsp;&nbsp;&nbsp;&nbsp;&nbsp;&nbsp;&nbsp;&nbsp;&nbsp;&nbsp;&nbsp;&nbsp;&nbsp;&nbsp;&nbsp;&nbsp;&nbsp;&nbsp;&nbsp;&nbsp;&nbsp;&nbsp;&nbsp;&nbsp;&nbsp;&nbsp;&nbsp;&nbsp;&nbsp;&nbsp;&nbsp;&nbsp;&nbsp;&nbsp;&nbsp;&nbsp;&nbsp;&nbsp;&nbsp;&nbsp;&nbsp;&nbsp;&nbsp;&nbsp;&nbsp;&nbsp;&nbsp;&nbsp;&nbsp;&nbsp;&nbsp;&nbsp;&nbsp;&nbsp;&nbsp;&nbsp;&nbsp;&nbsp;&nbsp;&nbsp;&nbsp; Zden\u011bk Jur\u010dek, tren\u00e9r<\/span><\/p>\n<p style=\"text-align: justify;\"><span style=\"font-family: arial, helvetica, sans-serif; font-size: 12pt;\">A mu\u017estvo vstupovalo do jarn\u00edch boj\u016f z&nbsp;p\u0159edposledn\u00ed pozice s&nbsp;jasn\u00fdm c\u00edlem udr\u017eet p\u0159\u00edslu\u0161nost ke Krajsk\u00e9mu p\u0159eboru i pro p\u0159\u00ed\u0161t\u00ed sez\u00f3nu. Po dlouh\u00e9 a n\u00e1ro\u010dn\u00e9 zimn\u00ed p\u0159\u00edprav\u011b, jej\u00edm\u017e vrcholem bylo kondi\u010dn\u00ed soust\u0159ed\u011bn\u00ed v&nbsp;\u017dimrovic\u00edch, jsme vstoupili do sout\u011b\u017ee por\u00e1\u017ekou 0:3 v&nbsp;\u010cesk\u00e9m T\u011b\u0161\u00edn\u011b. Pot\u00e9 v\u0161ak p\u0159i\u0161la s\u00e9rie sedmi utk\u00e1n\u00ed, ze kter\u00fdch na\u0161e mu\u017estvo 5x zv\u00edt\u011bzilo, z\u00edskalo 15 bod\u016f a posunulo se dokonce na pr\u016fb\u011b\u017enou 10 pozici. P\u0159i t\u011bchto v\u00edt\u011bzn\u00fdch utk\u00e1n\u00edch jsme porazili nap\u0159. tehdy druh\u00e9 He\u0159manice, d\u00e1le B\u00edlovec, Vendryni, Polanku a v&nbsp;derby utk\u00e1n\u00ed H\u00e1j ve Slezsku. Od tohoto utk\u00e1n\u00ed se n\u00e1m v\u0161ak p\u0159estalo da\u0159it a ze zbyl\u00fdch \u0161esti st\u0159etnut\u00ed jsme ji\u017e nez\u00edskali ani bod, co\u017e n\u00e1s postupn\u011b odsunulo na posledn\u00ed m\u00edsto tabulky. Bohu\u017eel tato utk\u00e1n\u00ed jsme sehr\u00e1li s&nbsp;p\u0159\u00edm\u00fdmi konkurenty v&nbsp;boji o sestup, tak\u017ee v&nbsp;kone\u010dn\u00e9m z\u00fa\u010dtov\u00e1n\u00ed byla kl\u00ed\u010dov\u00e1. Nutno podotknout, \u017ee tuto \u010d\u00e1st sezony jsme dohr\u00e1vali ve velmi okle\u0161t\u011bn\u00e9 sestav\u011b vlivem nejr\u016fzn\u011bj\u0161\u00edch absenc\u00ed, ale na to se ji\u017e historie nept\u00e1 a po t\u0159ech letech v&nbsp;Krajsk\u00e9m p\u0159eboru sestupujeme zp\u011bt do 1. A t\u0159\u00eddy. Je to jist\u011b velk\u00e1 \u0161koda, nebo\u0165 \u0161lo o velice kvalitn\u00ed sout\u011b\u017e. V&nbsp;1. A t\u0159\u00edd\u011b n\u00e1s \u010dek\u00e1 spousta derby utk\u00e1n\u00ed. Prvn\u00ed z&nbsp;nich sehrajeme na odpust v&nbsp;sobotu 12.8., kdy host\u00edme od 16 hod. celek Old\u0159i\u0161ova. V\u011b\u0159\u00edme, \u017ee i po sestupu n\u00e1m na\u0161i fanou\u0161ci zachovaj\u00ed p\u0159\u00edze\u0148. Za jejich podporu v&nbsp;cel\u00e9 sez\u00f3n\u011b jim touto cestou d\u011bkujeme.<\/span><\/p>\n<p style=\"text-align: right;\"><span style=\"font-family: arial, helvetica, sans-serif; font-size: 12pt;\">&nbsp;&nbsp;&nbsp;&nbsp;&nbsp;&nbsp;&nbsp;&nbsp;&nbsp;&nbsp;&nbsp;&nbsp;&nbsp;&nbsp;&nbsp;&nbsp;&nbsp;&nbsp;&nbsp;&nbsp;&nbsp;&nbsp;&nbsp;&nbsp;&nbsp;&nbsp;&nbsp;&nbsp;&nbsp;&nbsp;&nbsp;&nbsp;&nbsp;&nbsp;&nbsp;&nbsp;&nbsp;&nbsp;&nbsp;&nbsp;&nbsp;&nbsp;&nbsp;&nbsp;&nbsp;&nbsp;&nbsp;&nbsp;&nbsp;&nbsp;&nbsp;&nbsp;&nbsp;&nbsp;&nbsp;&nbsp;&nbsp;&nbsp;&nbsp;&nbsp;&nbsp;&nbsp;&nbsp;&nbsp;&nbsp;&nbsp;&nbsp;&nbsp;&nbsp;&nbsp;&nbsp;&nbsp;&nbsp;&nbsp;&nbsp;&nbsp;&nbsp;&nbsp;&nbsp;&nbsp;&nbsp; Petr Stuchl\u00edk, hr\u00e1\u010d A mu\u017estva<\/span><\/p>\n<p style=\"text-align: justify;\"><span style=\"font-size: 12pt;\">&nbsp;<\/span><\/p>\n<p style=\"text-align: justify;\"><span style=\"font-family: arial, helvetica, sans-serif; font-size: 12pt;\">V&nbsp;sobotu 24.6. se na h\u0159i\u0161ti TJ uskute\u010dnilo setk\u00e1n\u00ed na\u0161ich fotbalist\u016f s&nbsp;p\u0159\u00e1teli z&nbsp;dru\u017eebn\u00edch Kobe\u0159ich u Brna. Tato dru\u017eba trv\u00e1 ji\u017e t\u00e9m\u011b\u0159 40 let. Za p\u0159\u00edtomnosti z\u00e1stupc\u016f obce v&nbsp;\u010dele s&nbsp;panem starostou a p\u0159edsedou TJ Sokol do\u0161lo k&nbsp;p\u0159iv\u00edt\u00e1n\u00ed, p\u0159ed\u00e1n\u00ed drobn\u00fdch d\u00e1re\u010dk\u016f a k&nbsp;sehr\u00e1n\u00ed p\u0159\u00e1telsk\u00e9ho utk\u00e1n\u00ed, ve kter\u00e9m ne\u0161lo o v\u00fdsledek, ale p\u0159edev\u0161\u00edm o radost ze hry. Po utk\u00e1n\u00ed n\u00e1sledoval spole\u010dn\u00fd ob\u011bd, prohl\u00eddka obce a spole\u010dn\u00e9 posezen\u00ed v&nbsp;are\u00e1lu TJ Sokol.<\/span><\/p>\n<p style=\"text-align: justify;\"><a href=\"https:\/\/tjsokolkoberice.cz\/wp-content\/uploads\/2017\/07\/foto-2.jpg\"><img loading=\"lazy\" decoding=\"async\" class=\"alignnone size-full wp-image-4115\" src=\"https:\/\/tjsokolkoberice.cz\/wp-content\/uploads\/2017\/07\/foto-2.jpg\" alt=\"\" width=\"960\" height=\"720\" srcset=\"https:\/\/tjsokolkoberice.cz\/wp-content\/uploads\/2017\/07\/foto-2.jpg 960w, https:\/\/tjsokolkoberice.cz\/wp-content\/uploads\/2017\/07\/foto-2-300x225.jpg 300w, https:\/\/tjsokolkoberice.cz\/wp-content\/uploads\/2017\/07\/foto-2-768x576.jpg 768w, https:\/\/tjsokolkoberice.cz\/wp-content\/uploads\/2017\/07\/foto-2-390x293.jpg 390w, https:\/\/tjsokolkoberice.cz\/wp-content\/uploads\/2017\/07\/foto-2-250x188.jpg 250w, https:\/\/tjsokolkoberice.cz\/wp-content\/uploads\/2017\/07\/foto-2-190x143.jpg 190w\" sizes=\"auto, (max-width:767px) 480px, (max-width:960px) 100vw, 960px\" \/><\/a><\/p>\n","protected":false},"excerpt":{"rendered":"<p>Mlad\u0161\u00ed \u017e\u00e1ci i v&nbsp;jarn\u00ed \u010d\u00e1sti sez\u00f3ny pokra\u010dovali ve velice dobr\u00fdch v\u00fdkonech, kdy\u017e prohr\u00e1li pouze 2 z\u00e1pasy a um\u00edstili se na kone\u010dn\u00e9m 2. m\u00edst\u011b za suver\u00e9nn\u00edm R\u00fdma\u0159ovem.<span class=\"excerpt-hellip\"> [\u2026]<\/span><\/p>\n","protected":false},"author":3,"featured_media":3370,"comment_status":"closed","ping_status":"open","sticky":false,"template":"","format":"standard","meta":{"ngg_post_thumbnail":0,"footnotes":""},"categories":[115,112,110,107,117,111,150],"tags":[],"class_list":["post-4110","post","type-post","status-publish","format-standard","has-post-thumbnail","hentry","category-a-tym","category-b-tym","category-dorost","category-fotbal","category-mladsi-zaci","category-starsi-zaci","category-vse"],"_links":{"self":[{"href":"https:\/\/tjsokolkoberice.cz\/index.php?rest_route=\/wp\/v2\/posts\/4110","targetHints":{"allow":["GET"]}}],"collection":[{"href":"https:\/\/tjsokolkoberice.cz\/index.php?rest_route=\/wp\/v2\/posts"}],"about":[{"href":"https:\/\/tjsokolkoberice.cz\/index.php?rest_route=\/wp\/v2\/types\/post"}],"author":[{"embeddable":true,"href":"https:\/\/tjsokolkoberice.cz\/index.php?rest_route=\/wp\/v2\/users\/3"}],"replies":[{"embeddable":true,"href":"https:\/\/tjsokolkoberice.cz\/index.php?rest_route=%2Fwp%2Fv2%2Fcomments&post=4110"}],"version-history":[{"count":3,"href":"https:\/\/tjsokolkoberice.cz\/index.php?rest_route=\/wp\/v2\/posts\/4110\/revisions"}],"predecessor-version":[{"id":4116,"href":"https:\/\/tjsokolkoberice.cz\/index.php?rest_route=\/wp\/v2\/posts\/4110\/revisions\/4116"}],"wp:featuredmedia":[{"embeddable":true,"href":"https:\/\/tjsokolkoberice.cz\/index.php?rest_route=\/wp\/v2\/media\/3370"}],"wp:attachment":[{"href":"https:\/\/tjsokolkoberice.cz\/index.php?rest_route=%2Fwp%2Fv2%2Fmedia&parent=4110"}],"wp:term":[{"taxonomy":"category","embeddable":true,"href":"https:\/\/tjsokolkoberice.cz\/index.php?rest_route=%2Fwp%2Fv2%2Fcategories&post=4110"},{"taxonomy":"post_tag","embeddable":true,"href":"https:\/\/tjsokolkoberice.cz\/index.php?rest_route=%2Fwp%2Fv2%2Ftags&post=4110"}],"curies":[{"name":"wp","href":"https:\/\/api.w.org\/{rel}","templated":true}]}}