{"id":4162,"date":"2017-07-27T13:10:30","date_gmt":"2017-07-27T12:10:30","guid":{"rendered":"https:\/\/tjsokolkoberice.cz\/?p=4162"},"modified":"2025-10-14T11:55:58","modified_gmt":"2025-10-14T10:55:58","slug":"v-prvnim-pripravnem-utkani-rozdrtili-hraci-a-muzstva-stepankovice","status":"publish","type":"post","link":"https:\/\/tjsokolkoberice.cz\/?p=4162","title":{"rendered":"V prvn\u00edm p\u0159\u00edpravn\u00e9m utk\u00e1n\u00ed rozdrtili hr\u00e1\u010di A mu\u017estva \u0160t\u011bp\u00e1nkovice"},"content":{"rendered":"<p style=\"text-align: justify;\"><span style=\"font-family: arial, helvetica, sans-serif; font-size: 14pt;\"><strong>TJ Sokol Kobe\u0159ice \u2013 TJ Sokol \u0160t\u011bp\u00e1nkovice 8:1 (3:1)<\/strong><\/span><\/p>\n<p style=\"text-align: justify;\"><span style=\"font-family: arial, helvetica, sans-serif; font-size: 12pt;\">Po sestupu z&nbsp;krajsk\u00e9ho p\u0159eboru se na\u0161i fotbalist\u00e9 ji\u017e piln\u011b p\u0159ipravuj\u00ed na nadch\u00e1zej\u00edc\u00ed sez\u00f3nu v&nbsp;1. A t\u0159\u00edd\u011b. V&nbsp;prvn\u00edm p\u0159\u00edpravn\u00e9m utk\u00e1n\u00ed p\u0159iv\u00edtali na sv\u00e9m h\u0159i\u0161ti p\u0159ed po\u010detnou div\u00e1ckou kulisou nedalek\u00e9 \u0160t\u011bp\u00e1nkovice, kter\u00e9 na konci minul\u00e9 sez\u00f3ny sestoupily do 1. B t\u0159\u00eddy. Pikantn\u00ed pro toto \u201ederby\u201c byl i fakt, \u017ee se kormidla na lavi\u010dce soupe\u0159e chopil je\u0161t\u011b doned\u00e1vna tren\u00e9r divizn\u00edho Doln\u00edho Bene\u0161ova a ob\u010dan Kobe\u0159ic pan Du\u0161an Christoph.<\/span><\/p>\n<p style=\"text-align: justify;\"><span style=\"font-family: arial, helvetica, sans-serif; font-size: 12pt;\">Utk\u00e1n\u00ed vyzn\u011blo jednozna\u010dn\u011b pro n\u00e1\u0161 celek, kter\u00fd si vydatn\u011b zast\u0159\u00edlel a sv\u00e9mu soupe\u0159i nakonec u\u0161t\u011bd\u0159il vysokou por\u00e1\u017eku 8:1. Nutno v\u0161ak dodat, \u017ee sk\u00f3re mohlo b\u00fdt i daleko vy\u0161\u0161\u00ed, nebo\u0165 spoustu slibn\u00fdch, ba i vylo\u017een\u00fdch p\u0159\u00edle\u017eitost\u00ed nedot\u00e1hli na\u0161i borci do brankov\u00e9ho vyj\u00e1d\u0159en\u00ed.<\/span><\/p>\n<p style=\"text-align: justify;\"><span style=\"font-family: arial, helvetica, sans-serif; font-size: 12pt;\">K&nbsp;dal\u0161\u00edmu p\u0159\u00edpravn\u00e9mu utk\u00e1n\u00ed nastoup\u00ed na\u0161i hr\u00e1\u010di A mu\u017estva <strong>v&nbsp;ned\u011bli 30.7. od 18 hod<\/strong>. v&nbsp;r\u00e1mci sportovn\u00ed slavnosti ve Strahovic\u00edch proti dom\u00e1c\u00edmu celku.<\/span><\/p>\n<p style=\"text-align: justify;\"><span style=\"font-size: 12pt;\">&nbsp;<\/span><\/p>\n<p style=\"text-align: justify;\"><span style=\"font-family: arial, helvetica, sans-serif; font-size: 12pt;\"><strong>Branky Kobe\u0159ic<\/strong>: \u0160ime\u010dek 3, Kubn\u00fd A., Jan\u00edk J. 2, Wirth Ren\u00e9, Kry\u0161tof<\/span><\/p>\n<p style=\"text-align: justify;\"><span style=\"font-family: arial, helvetica, sans-serif; font-size: 12pt;\"><strong>Sestava:<\/strong> St\u0159\u00edbn\u00fd \u2013 Stuchl\u00edk P., Wirth Robin, Mrva D., Kollek, Stuchl\u00edk R., Hlavenka, Wirth Ren\u00e9, Jan\u00edk J., \u0160ime\u010dek, Kubn\u00fd A. (Kry\u0161tof)<\/span><\/p>\n","protected":false},"excerpt":{"rendered":"<p>TJ Sokol Kobe\u0159ice \u2013 TJ Sokol \u0160t\u011bp\u00e1nkovice 8:1 (3:1) Po sestupu z&nbsp;krajsk\u00e9ho p\u0159eboru se na\u0161i fotbalist\u00e9 ji\u017e piln\u011b p\u0159ipravuj\u00ed na nadch\u00e1zej\u00edc\u00ed sez\u00f3nu v&nbsp;1. A t\u0159\u00edd\u011b. V&nbsp;prvn\u00edm<span class=\"excerpt-hellip\"> [\u2026]<\/span><\/p>\n","protected":false},"author":3,"featured_media":2634,"comment_status":"closed","ping_status":"open","sticky":false,"template":"","format":"standard","meta":{"ngg_post_thumbnail":0,"footnotes":""},"categories":[115,107,150,104,102],"tags":[],"class_list":["post-4162","post","type-post","status-publish","format-standard","has-post-thumbnail","hentry","category-a-tym","category-fotbal","category-vse","category-vysledky","category-zapasy"],"_links":{"self":[{"href":"https:\/\/tjsokolkoberice.cz\/index.php?rest_route=\/wp\/v2\/posts\/4162","targetHints":{"allow":["GET"]}}],"collection":[{"href":"https:\/\/tjsokolkoberice.cz\/index.php?rest_route=\/wp\/v2\/posts"}],"about":[{"href":"https:\/\/tjsokolkoberice.cz\/index.php?rest_route=\/wp\/v2\/types\/post"}],"author":[{"embeddable":true,"href":"https:\/\/tjsokolkoberice.cz\/index.php?rest_route=\/wp\/v2\/users\/3"}],"replies":[{"embeddable":true,"href":"https:\/\/tjsokolkoberice.cz\/index.php?rest_route=%2Fwp%2Fv2%2Fcomments&post=4162"}],"version-history":[{"count":3,"href":"https:\/\/tjsokolkoberice.cz\/index.php?rest_route=\/wp\/v2\/posts\/4162\/revisions"}],"predecessor-version":[{"id":4165,"href":"https:\/\/tjsokolkoberice.cz\/index.php?rest_route=\/wp\/v2\/posts\/4162\/revisions\/4165"}],"wp:featuredmedia":[{"embeddable":true,"href":"https:\/\/tjsokolkoberice.cz\/index.php?rest_route=\/wp\/v2\/media\/2634"}],"wp:attachment":[{"href":"https:\/\/tjsokolkoberice.cz\/index.php?rest_route=%2Fwp%2Fv2%2Fmedia&parent=4162"}],"wp:term":[{"taxonomy":"category","embeddable":true,"href":"https:\/\/tjsokolkoberice.cz\/index.php?rest_route=%2Fwp%2Fv2%2Fcategories&post=4162"},{"taxonomy":"post_tag","embeddable":true,"href":"https:\/\/tjsokolkoberice.cz\/index.php?rest_route=%2Fwp%2Fv2%2Ftags&post=4162"}],"curies":[{"name":"wp","href":"https:\/\/api.w.org\/{rel}","templated":true}]}}