{"id":4214,"date":"2017-08-12T16:13:22","date_gmt":"2017-08-12T15:13:22","guid":{"rendered":"https:\/\/tjsokolkoberice.cz\/?p=4214"},"modified":"2025-10-14T11:55:57","modified_gmt":"2025-10-14T10:55:57","slug":"muzi-a-porazili-v-generalce-kozmice","status":"publish","type":"post","link":"https:\/\/tjsokolkoberice.cz\/?p=4214","title":{"rendered":"Mu\u017ei A porazili v gener\u00e1lce Kozmice"},"content":{"rendered":"<div style=\"text-align: justify;\"><span style=\"font-family: arial, helvetica, sans-serif; font-size: 12pt;\">K posledn\u00edmu p\u0159\u00edpravn\u00e9mu utk\u00e1n\u00ed na nadch\u00e1zej\u00edc\u00ed ro\u010dn\u00edk 1. A t\u0159\u00eddy nastoupili na\u0161i fotbalist\u00e9 A mu\u017estva ve st\u0159edu v dom\u00e1c\u00edm prost\u0159ed\u00ed proti Kozmic\u00edm. Po nep\u0159esv\u011bd\u010div\u00e9m prvn\u00edm polo\u010dase, kter\u00fd na\u0161i borci prohr\u00e1li 0:1, nakonec v\u00fdsledek oto\u010dili a zv\u00edt\u011bzili jednozna\u010dn\u011b v pom\u011bru 6:2. T\u00edmto z\u00e1pasy v r\u00e1mci p\u0159\u00edpravy skon\u010dily, te\u010f u\u017e na\u0161e mu\u017estvo \u010dek\u00e1 p\u0159\u00ed\u0161t\u00ed t\u00fdden v sobotu 19.8. ostr\u00fd start 1. A t\u0159\u00eddy na p\u016fd\u011b nov\u00e1\u010dka z Velk\u00fdch Heraltic.<\/span><\/div>\n<div style=\"text-align: justify;\"><span style=\"font-size: 12pt;\">&nbsp;<\/span><\/div>\n<div style=\"text-align: justify;\"><span style=\"font-family: arial, helvetica, sans-serif; font-size: 12pt;\"><b>TJ Sokol Kobe\u0159ice &nbsp;&#8211; TJ Sokol Kozmice &nbsp; 6:2 (0:1)<\/b><\/span><\/div>\n<div style=\"text-align: justify;\"><span style=\"font-size: 12pt;\">&nbsp;<\/span><\/div>\n<div style=\"text-align: justify;\"><span style=\"font-family: arial, helvetica, sans-serif; font-size: 12pt;\"><b>Branky:<\/b>&nbsp;Stuchl\u00edk P., Kusztubajda D., Kubn\u00fd, \u0160ime\u010dek 2, Wirth Ren\u00e9&nbsp;<\/span><\/div>\n<div style=\"text-align: justify;\"><span style=\"font-size: 12pt;\">&nbsp;<\/span><\/div>\n<div style=\"text-align: justify;\"><span style=\"font-family: arial, helvetica, sans-serif; font-size: 12pt;\"><b>Sestava:<\/b>&nbsp;St\u0159\u00edbn\u00fd, Kollek, Mrva D., Havelka, Schreier ( Stuchl\u00edk P.), Stuchl\u00edk R. (Wirth Robin), Hlavenka, Wirth Ren\u00e9, Kry\u0161tof, \u0160ime\u010dek, Kubn\u00fd (Kusztubajda D.)<\/span><\/div>\n","protected":false},"excerpt":{"rendered":"<p>K posledn\u00edmu p\u0159\u00edpravn\u00e9mu utk\u00e1n\u00ed na nadch\u00e1zej\u00edc\u00ed ro\u010dn\u00edk 1. A t\u0159\u00eddy nastoupili na\u0161i fotbalist\u00e9 A mu\u017estva ve st\u0159edu v dom\u00e1c\u00edm prost\u0159ed\u00ed proti Kozmic\u00edm. Po nep\u0159esv\u011bd\u010div\u00e9m prvn\u00edm polo\u010dase,<span class=\"excerpt-hellip\"> [\u2026]<\/span><\/p>\n","protected":false},"author":3,"featured_media":2929,"comment_status":"closed","ping_status":"open","sticky":false,"template":"","format":"standard","meta":{"ngg_post_thumbnail":0,"footnotes":""},"categories":[115,107,150,104,102],"tags":[],"class_list":["post-4214","post","type-post","status-publish","format-standard","has-post-thumbnail","hentry","category-a-tym","category-fotbal","category-vse","category-vysledky","category-zapasy"],"_links":{"self":[{"href":"https:\/\/tjsokolkoberice.cz\/index.php?rest_route=\/wp\/v2\/posts\/4214","targetHints":{"allow":["GET"]}}],"collection":[{"href":"https:\/\/tjsokolkoberice.cz\/index.php?rest_route=\/wp\/v2\/posts"}],"about":[{"href":"https:\/\/tjsokolkoberice.cz\/index.php?rest_route=\/wp\/v2\/types\/post"}],"author":[{"embeddable":true,"href":"https:\/\/tjsokolkoberice.cz\/index.php?rest_route=\/wp\/v2\/users\/3"}],"replies":[{"embeddable":true,"href":"https:\/\/tjsokolkoberice.cz\/index.php?rest_route=%2Fwp%2Fv2%2Fcomments&post=4214"}],"version-history":[{"count":2,"href":"https:\/\/tjsokolkoberice.cz\/index.php?rest_route=\/wp\/v2\/posts\/4214\/revisions"}],"predecessor-version":[{"id":4216,"href":"https:\/\/tjsokolkoberice.cz\/index.php?rest_route=\/wp\/v2\/posts\/4214\/revisions\/4216"}],"wp:featuredmedia":[{"embeddable":true,"href":"https:\/\/tjsokolkoberice.cz\/index.php?rest_route=\/wp\/v2\/media\/2929"}],"wp:attachment":[{"href":"https:\/\/tjsokolkoberice.cz\/index.php?rest_route=%2Fwp%2Fv2%2Fmedia&parent=4214"}],"wp:term":[{"taxonomy":"category","embeddable":true,"href":"https:\/\/tjsokolkoberice.cz\/index.php?rest_route=%2Fwp%2Fv2%2Fcategories&post=4214"},{"taxonomy":"post_tag","embeddable":true,"href":"https:\/\/tjsokolkoberice.cz\/index.php?rest_route=%2Fwp%2Fv2%2Ftags&post=4214"}],"curies":[{"name":"wp","href":"https:\/\/api.w.org\/{rel}","templated":true}]}}