{"id":4228,"date":"2017-08-17T15:34:54","date_gmt":"2017-08-17T14:34:54","guid":{"rendered":"https:\/\/tjsokolkoberice.cz\/?p=4228"},"modified":"2025-10-14T11:55:57","modified_gmt":"2025-10-14T10:55:57","slug":"vikendova-utkani-nasich-muzstev-2","status":"publish","type":"post","link":"https:\/\/tjsokolkoberice.cz\/?p=4228","title":{"rendered":"V\u00edkendov\u00e1 utk\u00e1n\u00ed na\u0161ich mu\u017estev"},"content":{"rendered":"<p style=\"text-align: justify;\"><span style=\"font-size: 12pt; font-family: arial, helvetica, sans-serif;\"><strong>Mu\u017ei \u201eA\u201c jedou na h\u0159i\u0161t\u011b nov\u00e1\u010dka z Velk\u00fdch Heraltic<\/strong><\/span><\/p>\n<p style=\"text-align: justify;\"><span style=\"font-size: 12pt; font-family: arial, helvetica, sans-serif;\">Mu\u017estvo Velk\u00fdch Heraltic zah\u00e1jilo leto\u0161n\u00ed podzimn\u00ed \u010d\u00e1st krajsk\u00e9 sout\u011b\u017ee I. A t\u0159\u00eddy vcelku dob\u0159e, remizovalo 2:2 na p\u016fd\u011b Jakub\u010dovic. Jedn\u00e1 se o nov\u00e1\u010dka I. A t\u0159\u00eddy. Postupoval z&nbsp;druh\u00e9ho m\u00edsta I. B t\u0159\u00eddy, kdy\u017e z\u00edskal 57 bod\u016f a to za 17 v\u00edt\u011bzstv\u00ed a 6 rem\u00edzov\u00fdch utk\u00e1n\u00ed. Jen ve t\u0159ech ode\u0161el ze h\u0159i\u0161t\u011b jako pora\u017een\u00fd celek.<\/span><\/p>\n<p style=\"text-align: justify;\"><span style=\"font-size: 12pt; font-family: arial, helvetica, sans-serif;\">Na\u0161e mu\u017estvo je sestupuj\u00edc\u00edm celkem z&nbsp;krajsk\u00e9ho p\u0159eboru, kde jsme v&nbsp;minul\u00e9m ro\u010dn\u00edku obsadili posledn\u00ed m\u00edsto&nbsp; a z\u00edskali jen 28 bod\u016f. P\u0159esto jsme v&nbsp;tomto utk\u00e1n\u00ed pova\u017eov\u00e1n\u00ed za favority. V&nbsp;prvn\u00edm kole jsme m\u011bli volno, proto pro n\u00e1s nov\u00fd sout\u011b\u017en\u00ed ro\u010dn\u00edk za\u010d\u00edn\u00e1 a\u017e o nadch\u00e1zej\u00edc\u00edm v\u00edkendu.<\/span><\/p>\n<p style=\"text-align: justify;\"><span style=\"font-size: 12pt; font-family: arial, helvetica, sans-serif;\">Zveme v\u00e1s na mistrovsk\u00e9 utk\u00e1n\u00ed krajsk\u00e9 sout\u011b\u017ee I. A t\u0159\u00eddy <strong>Velk\u00e9 Heraltice \u2013 Kobe\u0159ice, kter\u00e9 se bude hr\u00e1t v&nbsp;sobotu 19. srpna 2017od 17:00 hodin. <\/strong>Odjezd k&nbsp;utk\u00e1n\u00ed je v&nbsp;15:30 hodin. P\u0159ije\u010fte v hojn\u00e9m po\u010dtu povzbudit na\u0161e \u201eA\u201c mu\u017estvo. Moc to bude v&nbsp;tomto \u00favodn\u00edm duelu pot\u0159ebovat.<\/span><\/p>\n<p style=\"text-align: justify;\"><span style=\"font-size: 12pt; font-family: arial, helvetica, sans-serif;\"><strong><u>Pogram krajsk\u00e9 sout\u011b\u017ee I. A t\u0159\u00eddy v&nbsp;tomto a p\u0159\u00ed\u0161t\u00edm kole<\/u><\/strong><\/span><\/p>\n<table width=\"452\">\n<tbody>\n<tr>\n<td width=\"225\"><span style=\"font-size: 12pt; font-family: arial, helvetica, sans-serif;\">Ludge\u0159ovice &#8211; Jakub\u010dovice<\/span><\/td>\n<td width=\"227\"><span style=\"font-size: 12pt; font-family: arial, helvetica, sans-serif;\">Chlebi\u010dov &#8211; Velk\u00e9 Heraltice<\/span><\/td>\n<\/tr>\n<tr>\n<td width=\"225\"><span style=\"font-size: 12pt; font-family: arial, helvetica, sans-serif;\">V\u00edtkov &#8211; Darkovi\u010dky<\/span><\/td>\n<td><span style=\"font-size: 12pt; font-family: arial, helvetica, sans-serif;\">Kr\u00e1sn\u00e9 Lou\u010dky &#8211; Krava\u0159e<\/span><\/td>\n<\/tr>\n<tr>\n<td width=\"225\"><span style=\"font-size: 12pt; font-family: arial, helvetica, sans-serif;\">Hlubina &#8211; Kr\u00e1sn\u00e9 Lou\u010dky<\/span><\/td>\n<td><span style=\"font-size: 12pt; font-family: arial, helvetica, sans-serif;\">Ludge\u0159ovice &#8211; V\u00edtkov<\/span><\/td>\n<\/tr>\n<tr>\n<td width=\"225\"><span style=\"font-size: 12pt; font-family: arial, helvetica, sans-serif;\"><strong>Velk\u00e9 Heraltice<\/strong><strong> &#8211; Kobe\u0159ice <\/strong><\/span><\/td>\n<td><span style=\"font-size: 12pt; font-family: arial, helvetica, sans-serif;\"><strong>Jakub\u010dovice<\/strong><strong> &#8211; Kobe\u0159ice <\/strong><\/span><\/td>\n<\/tr>\n<tr>\n<td width=\"225\"><span style=\"font-size: 12pt; font-family: arial, helvetica, sans-serif;\">Krava\u0159e &#8211; Mokr\u00e9 Lazce<\/span><\/td>\n<td><span style=\"font-size: 12pt; font-family: arial, helvetica, sans-serif;\">Mokr\u00e9 Lazce &#8211; Old\u0159i\u0161ov<\/span><\/td>\n<\/tr>\n<tr>\n<td width=\"225\"><span style=\"font-size: 12pt; font-family: arial, helvetica, sans-serif;\">Old\u0159i\u0161ov &#8211; Chlebi\u010dov<\/span><\/td>\n<td><span style=\"font-size: 12pt; font-family: arial, helvetica, sans-serif;\">Bolatice &#8211; Hlubina<\/span><\/td>\n<\/tr>\n<tr>\n<td width=\"225\"><span style=\"font-size: 12pt; font-family: arial, helvetica, sans-serif;\">Slavkov &#8211; Bolatice<\/span><\/td>\n<td><span style=\"font-size: 12pt; font-family: arial, helvetica, sans-serif;\">Darkovi\u010dky &#8211; Slavkov<\/span><\/td>\n<\/tr>\n<\/tbody>\n<\/table>\n<p style=\"text-align: justify;\"><span style=\"font-size: 12pt; font-family: arial, helvetica, sans-serif;\"><strong>&nbsp;<\/strong><\/span><\/p>\n<p style=\"text-align: justify;\"><span style=\"font-size: 12pt; font-family: arial, helvetica, sans-serif;\"><strong>Mu\u017estvo \u201eB\u201c bude hr\u00e1t v&nbsp;ned\u011bli v dom\u00e1c\u00edm prost\u0159ed\u00ed s&nbsp;Hlavnic\u00ed&nbsp;&nbsp; <\/strong><\/span><\/p>\n<p style=\"text-align: justify;\"><span style=\"font-size: 12pt; font-family: arial, helvetica, sans-serif;\">V&nbsp;term\u00ednov\u00e9 listine na\u0161eho \u201eb\u00e9\u010dka\u201c do\u0161lo k&nbsp;dal\u0161\u00ed zm\u011bn\u011b, Hlavnici p\u0159iv\u00edt\u00e1 doma! V&nbsp;dal\u0161\u00edm kolem okresn\u00edho p\u0159eboru se st\u0159etnou na\u0161i fotbalist\u00e9 \u201eB\u201c mu\u017estva s&nbsp;celkem TJ Dru\u017eba Hlavnice, kter\u00e9 v&nbsp;\u00favodn\u00edm kole porazilo Slavi\u00ed Opava 4:3. V&nbsp;minul\u00e9m sout\u011b\u017en\u00edm ro\u010dn\u00edku hr\u00e1la Hlavnice okresn\u00ed p\u0159ebor, kde skon\u010dila na 6. m\u00edst\u011b se ziskem 43 bod\u016f. Na podzim minul\u00e9ho roku jsme s&nbsp;Hlavnici prohr\u00e1li pom\u011brem 1:5, kdy\u017e na\u0161\u00ed jedinou branku vs\u00edtil Bedrich. Na ja\u0159e leto\u0161n\u00edho roku jsme tak\u00e9 s&nbsp;Hlavn\u00edci prohr\u00e1li stejn\u00fdm pom\u011brem. Na\u0161i jedinou branku dal&nbsp; Malch\u00e1rek. Z&nbsp;tohoto hlediska m\u00e1me tomuto soupe\u0159i co opl\u00e1cet.<\/span><\/p>\n<p style=\"text-align: justify;\"><span style=\"font-size: 12pt; font-family: arial, helvetica, sans-serif;\">Utk\u00e1n\u00ed okresn\u00edho p\u0159eboru <strong>Kobe\u0159ice \u201eB\u201c &#8211; TJ Dru\u017eba Hlavnice se bude hr\u00e1t v&nbsp;ned\u011bli 20. srpna 2017 od 17:00 hodin na na\u0161em h\u0159i\u0161ti.<\/strong> Zveme na toto utk\u00e1n\u00ed v\u0161echny p\u0159\u00edznivce na\u0161eho \u201eB\u201c mu\u017estva.<\/span><\/p>\n<table width=\"619\">\n<tbody>\n<tr>\n<td width=\"309\"><span style=\"font-size: 12pt; font-family: arial, helvetica, sans-serif;\"><strong><u>Program okresn\u00edho p\u0159eboru<\/u><\/strong><\/span><\/p>\n<p><span style=\"font-size: 12pt; font-family: arial, helvetica, sans-serif;\">Hlavnice &#8211; Slavia Opava<\/span><\/td>\n<td width=\"309\"><span style=\"font-size: 12pt; font-family: arial, helvetica, sans-serif;\">St\u011bbo\u0159ice &#8211; Dobroslavice<\/span><\/td>\n<\/tr>\n<tr>\n<td width=\"309\"><span style=\"font-size: 12pt; font-family: arial, helvetica, sans-serif;\">Dobroslavice &#8211; Doln\u00ed \u017divotice<\/span><\/td>\n<td><span style=\"font-size: 12pt; font-family: arial, helvetica, sans-serif;\">B\u0159ezov\u00e1 &#8211; Hn\u011bvo\u0161ice<\/span><\/td>\n<\/tr>\n<tr>\n<td width=\"309\"><span style=\"font-size: 12pt; font-family: arial, helvetica, sans-serif;\">Jakartovice &#8211; V\u0159esina<\/span><\/td>\n<td><span style=\"font-size: 12pt; font-family: arial, helvetica, sans-serif;\"><strong>Kobe\u0159ice &#8222;B&#8220;<\/strong><strong> &#8211; Hlavnice <\/strong><\/span><\/td>\n<\/tr>\n<tr>\n<td width=\"309\"><span style=\"font-size: 12pt; font-family: arial, helvetica, sans-serif;\"><strong>&nbsp;Kobe\u0159ice &#8222;B&#8220; &#8211; Otice<\/strong><\/span><\/td>\n<td><span style=\"font-size: 12pt; font-family: arial, helvetica, sans-serif;\">V\u0159esina &#8211; Otice<\/span><\/td>\n<\/tr>\n<tr>\n<td width=\"309\"><span style=\"font-size: 12pt; font-family: arial, helvetica, sans-serif;\">\u0160t\u00edtina &#8211; B\u0159ezov\u00e1<\/span><\/td>\n<td><span style=\"font-size: 12pt; font-family: arial, helvetica, sans-serif;\">Slavia Opava &#8211; Budi\u0161ov nad Budi\u0161ovkou<\/span><\/td>\n<\/tr>\n<tr>\n<td width=\"309\"><span style=\"font-size: 12pt; font-family: arial, helvetica, sans-serif;\">Hn\u011bvo\u0161ice &#8211; St\u011bbo\u0159ice<\/span><\/td>\n<td><span style=\"font-size: 12pt; font-family: arial, helvetica, sans-serif;\">Doln\u00ed \u017divotice &#8211; Jakartovice<\/span><\/td>\n<\/tr>\n<tr>\n<td width=\"309\"><span style=\"font-size: 12pt; font-family: arial, helvetica, sans-serif;\">Budi\u0161ov nad Budi\u0161ovkou &#8211; Litultovice<\/span><\/td>\n<td><span style=\"font-size: 12pt; font-family: arial, helvetica, sans-serif;\">Litultovice &#8211; \u0160t\u00edtina<\/span><\/td>\n<\/tr>\n<\/tbody>\n<\/table>\n<p style=\"text-align: justify;\"><span style=\"font-size: 12pt; font-family: arial, helvetica, sans-serif;\"><strong>&nbsp;<\/strong><\/span><\/p>\n<p style=\"text-align: justify;\"><span style=\"font-size: 12pt; font-family: arial, helvetica, sans-serif;\"><strong>Dorostenci jedou na h\u0159i\u0161t\u011b R\u00fdma\u0159ova<\/strong><\/span><\/p>\n<p style=\"text-align: justify;\"><span style=\"font-size: 12pt; font-family: arial, helvetica, sans-serif;\">Na\u0161ii dorostenci m\u011bli vzhledem k&nbsp;odpustu tak\u00e9 odlo\u017een\u00e9 utk\u00e1n\u00ed se Stud\u00e9nkou a tak v&nbsp;tom dal\u0161\u00edm se st\u0159etnou s R\u00fdma\u0159ovem. V&nbsp;minul\u00e9m sout\u011b\u017en\u00edm ro\u010dn\u00edku hr\u00e1lo mu\u017estvo R\u00fdma\u0159ova krajskou sout\u011b\u017e dorostu, kde skon\u010dilo na 10. m\u00edst\u011b se ziskem 27 bod\u016f. Na ja\u0159e leto\u0161n\u00edho roku jsme s&nbsp;R\u00fdma\u0159ovem vyhr\u00e1li vysoko 6:2. Na podzim lo\u0148sk\u00e9ho roku jsme na h\u0159i\u0161ti soupe\u0159e vyhr\u00e1li 5:3.<\/span><\/p>\n<p style=\"text-align: justify;\"><span style=\"font-size: 12pt; font-family: arial, helvetica, sans-serif;\">Utk\u00e1n\u00ed krajsk\u00e9 sout\u011b\u017ee dorostu <strong>R\u00fdma\u0159ov &#8211; Kobe\u0159ice se bude hr\u00e1t v&nbsp;ned\u011bli 20. srpna 2017 od 11:00 hodin<\/strong>&nbsp; Odjezd autobusu bude v&nbsp;8:45 hodin.&nbsp; Zveme na toto utk\u00e1n\u00ed v\u0161echny fotbalov\u00e9 p\u0159\u00edznivce na\u0161e dorostu<\/span><\/p>\n<p style=\"text-align: justify;\"><span style=\"font-size: 12pt; font-family: arial, helvetica, sans-serif;\"><strong><u>Program krajsk\u00e9 sout\u011b\u017ee dorostu<\/u><\/strong><\/span><\/p>\n<table width=\"521\">\n<tbody>\n<tr>\n<td width=\"266\"><span style=\"font-size: 12pt; font-family: arial, helvetica, sans-serif;\">Polanka &#8211; Fulnek<\/span><\/td>\n<td width=\"255\"><span style=\"font-size: 12pt; font-family: arial, helvetica, sans-serif;\">Ostrava &#8211; Jih &#8211; He\u0159manice<\/span><\/td>\n<\/tr>\n<tr>\n<td width=\"266\"><span style=\"font-size: 12pt; font-family: arial, helvetica, sans-serif;\">He\u0159manice &#8211; Klimkovice<\/span><\/td>\n<td width=\"255\"><span style=\"font-size: 12pt; font-family: arial, helvetica, sans-serif;\">Fulnek &#8211; Hradec nad Moravic\u00ed<\/span><\/td>\n<\/tr>\n<tr>\n<td width=\"266\"><span style=\"font-size: 12pt; font-family: arial, helvetica, sans-serif;\">Stud\u00e9nka &#8211; Horn\u00ed Bene\u0161ov<\/span><\/td>\n<td width=\"255\"><span style=\"font-size: 12pt; font-family: arial, helvetica, sans-serif;\">Doln\u00ed Lhota &#8211; Doln\u00ed Bene\u0161ov<\/span><\/td>\n<\/tr>\n<tr>\n<td width=\"266\"><span style=\"font-size: 12pt; font-family: arial, helvetica, sans-serif;\"><strong>R\u00fdma\u0159ov<\/strong><strong> &#8211; Kobe\u0159ice <\/strong><\/span><\/td>\n<td width=\"255\"><span style=\"font-size: 12pt; font-family: arial, helvetica, sans-serif;\"><strong>Svinov<\/strong><strong> &#8211; Kobe\u0159ice <\/strong><\/span><\/td>\n<\/tr>\n<tr>\n<td width=\"266\"><span style=\"font-size: 12pt; font-family: arial, helvetica, sans-serif;\">V\u00edtkov &#8211; Darkovi\u010dky<\/span><\/td>\n<td width=\"255\"><span style=\"font-size: 12pt; font-family: arial, helvetica, sans-serif;\">Klimkovice &#8211; Stud\u00e9nka<\/span><\/td>\n<\/tr>\n<tr>\n<td width=\"266\"><span style=\"font-size: 12pt; font-family: arial, helvetica, sans-serif;\">Doln\u00ed Bene\u0161ov &#8211; Ostrava &#8211; Jih<\/span><\/td>\n<td width=\"255\"><span style=\"font-size: 12pt; font-family: arial, helvetica, sans-serif;\">Darkovi\u010dky &#8211; Polanka<\/span><\/td>\n<\/tr>\n<tr>\n<td width=\"266\"><span style=\"font-size: 12pt; font-family: arial, helvetica, sans-serif;\">Hradec nad Moravic\u00ed &#8211; Doln\u00ed Lhota<\/span><\/td>\n<td width=\"255\"><span style=\"font-size: 12pt; font-family: arial, helvetica, sans-serif;\">Horn\u00ed Bene\u0161ov &#8211; R\u00fdma\u0159ov<\/span><\/td>\n<\/tr>\n<tr>\n<td width=\"266\"><span style=\"font-size: 12pt; font-family: arial, helvetica, sans-serif;\">Zlatn\u00edky &#8211; Svinov<\/span><\/td>\n<td width=\"255\"><span style=\"font-size: 12pt; font-family: arial, helvetica, sans-serif;\">Zlatn\u00edky &#8211; V\u00edtkov<\/span><\/td>\n<\/tr>\n<\/tbody>\n<\/table>\n","protected":false},"excerpt":{"rendered":"<p>Mu\u017ei \u201eA\u201c jedou na h\u0159i\u0161t\u011b nov\u00e1\u010dka z Velk\u00fdch Heraltic Mu\u017estvo Velk\u00fdch Heraltic zah\u00e1jilo leto\u0161n\u00ed podzimn\u00ed \u010d\u00e1st krajsk\u00e9 sout\u011b\u017ee I. A t\u0159\u00eddy vcelku dob\u0159e, remizovalo 2:2 na<span class=\"excerpt-hellip\"> [\u2026]<\/span><\/p>\n","protected":false},"author":3,"featured_media":3370,"comment_status":"closed","ping_status":"open","sticky":false,"template":"","format":"standard","meta":{"ngg_post_thumbnail":0,"footnotes":""},"categories":[115,112,110,107,103,150,102],"tags":[],"class_list":["post-4228","post","type-post","status-publish","format-standard","has-post-thumbnail","hentry","category-a-tym","category-b-tym","category-dorost","category-fotbal","category-pozvanky","category-vse","category-zapasy"],"_links":{"self":[{"href":"https:\/\/tjsokolkoberice.cz\/index.php?rest_route=\/wp\/v2\/posts\/4228","targetHints":{"allow":["GET"]}}],"collection":[{"href":"https:\/\/tjsokolkoberice.cz\/index.php?rest_route=\/wp\/v2\/posts"}],"about":[{"href":"https:\/\/tjsokolkoberice.cz\/index.php?rest_route=\/wp\/v2\/types\/post"}],"author":[{"embeddable":true,"href":"https:\/\/tjsokolkoberice.cz\/index.php?rest_route=\/wp\/v2\/users\/3"}],"replies":[{"embeddable":true,"href":"https:\/\/tjsokolkoberice.cz\/index.php?rest_route=%2Fwp%2Fv2%2Fcomments&post=4228"}],"version-history":[{"count":1,"href":"https:\/\/tjsokolkoberice.cz\/index.php?rest_route=\/wp\/v2\/posts\/4228\/revisions"}],"predecessor-version":[{"id":4229,"href":"https:\/\/tjsokolkoberice.cz\/index.php?rest_route=\/wp\/v2\/posts\/4228\/revisions\/4229"}],"wp:featuredmedia":[{"embeddable":true,"href":"https:\/\/tjsokolkoberice.cz\/index.php?rest_route=\/wp\/v2\/media\/3370"}],"wp:attachment":[{"href":"https:\/\/tjsokolkoberice.cz\/index.php?rest_route=%2Fwp%2Fv2%2Fmedia&parent=4228"}],"wp:term":[{"taxonomy":"category","embeddable":true,"href":"https:\/\/tjsokolkoberice.cz\/index.php?rest_route=%2Fwp%2Fv2%2Fcategories&post=4228"},{"taxonomy":"post_tag","embeddable":true,"href":"https:\/\/tjsokolkoberice.cz\/index.php?rest_route=%2Fwp%2Fv2%2Ftags&post=4228"}],"curies":[{"name":"wp","href":"https:\/\/api.w.org\/{rel}","templated":true}]}}