{"id":4251,"date":"2017-08-25T14:37:51","date_gmt":"2017-08-25T13:37:51","guid":{"rendered":"https:\/\/tjsokolkoberice.cz\/?p=4251"},"modified":"2025-10-14T11:55:57","modified_gmt":"2025-10-14T10:55:57","slug":"vikendovy-program-nasich-muzstev-26","status":"publish","type":"post","link":"https:\/\/tjsokolkoberice.cz\/?p=4251","title":{"rendered":"V\u00edkendov\u00fd program na\u0161ich mu\u017estev"},"content":{"rendered":"<p style=\"text-align: justify;\"><span style=\"font-size: 14pt; font-family: arial, helvetica, sans-serif;\"><strong>\u201eA\u201c mu\u017estvo zaj\u00ed\u017ed\u00ed k&nbsp;dal\u0161\u00edmu utk\u00e1n\u00ed do&nbsp;Jakub\u010dovic<\/strong><\/span><\/p>\n<p style=\"text-align: justify;\"><span style=\"font-size: 12pt; font-family: arial, helvetica, sans-serif;\">Po rem\u00edzov\u00e9m utk\u00e1n\u00ed ve Velk\u00fdch Heraltic\u00edch se st\u0159etnou fotbalist\u00e9 na\u0161eho \u201eA\u201c mu\u017estva venku s&nbsp;celkem Jakub\u010dovic, kter\u00e9 k&nbsp;utk\u00e1n\u00ed s&nbsp;na\u0161\u00edm mu\u017estvem nastupuje jako 12. celek tabulky I.A t\u0159\u00eddy. V&nbsp;dosavadn\u00edch dvou utk\u00e1n\u00edch jednou prohr\u00e1lo a jednou remizovalo. Mu\u017estvo Jakub\u010dovic Ze dvou utk\u00e1n\u00ed zat\u00edm nelze p\u0159\u00edli\u0161 usuzovat s\u00edlu Jakub\u010dovic, tak v\u011b\u0159me, \u017ee na\u0161i fotbalist\u00e9 v&nbsp;tomto utk\u00e1n\u00ed podaj\u00ed co nejzodpov\u011bdn\u011bj\u0161\u00ed v\u00fdkon, kter\u00fd na\u0161e fotbalov\u00e9 fanou\u0161ky uspokoj\u00ed a bude to v\u00fdkon, kter\u00fd by vedl k&nbsp;n\u011bjak\u00e9mu bodov\u00e9mu zisku.<\/span><\/p>\n<p style=\"text-align: justify;\"><span style=\"font-size: 12pt; font-family: arial, helvetica, sans-serif;\"><strong>Utk\u00e1n\u00ed Jakub\u010dovice &#8211; Kobe\u0159ice \u201eA\u201c se bude hr\u00e1t v&nbsp;sobotu 26. srpna od 17:00 hodin. Odjezd autobusu bude v&nbsp;15:00 hodin.<\/strong> Zveme na toto utk\u00e1n\u00ed v\u0161echny &nbsp;p\u0159\u00edznivce na\u0161eho \u201eA\u201c mu\u017estva.<\/span><\/p>\n<p style=\"text-align: justify;\"><span style=\"font-size: 12pt; font-family: arial, helvetica, sans-serif;\"><strong><u>Pogram krajsk\u00e9 sout\u011b\u017ee I.A t\u0159\u00eddy<\/u><\/strong><\/span><\/p>\n<table width=\"921\">\n<tbody>\n<tr>\n<td width=\"218\"><span style=\"font-size: 12pt; font-family: arial, helvetica, sans-serif;\">Kr\u00e1sn\u00e9 Lou\u010dky &#8211; Krava\u0159e<\/span><\/td>\n<td width=\"236\"><span style=\"font-size: 12pt; font-family: arial, helvetica, sans-serif;\">V\u00edtkov &#8211; Jakub\u010dovice<\/span><\/td>\n<\/tr>\n<tr>\n<td width=\"218\"><span style=\"font-size: 12pt; font-family: arial, helvetica, sans-serif;\">Chlebi\u010dov &#8211; Velk\u00e9 Heraltice<\/span><\/td>\n<td width=\"236\"><span style=\"font-size: 12pt; font-family: arial, helvetica, sans-serif;\">Hlubina &#8211; Darkovi\u010dky<\/span><\/td>\n<\/tr>\n<tr>\n<td width=\"218\"><span style=\"font-size: 12pt; font-family: arial, helvetica, sans-serif;\">Ludge\u0159ovice &#8211; V\u00edtkov<\/span><\/td>\n<td width=\"236\"><span style=\"font-size: 12pt; font-family: arial, helvetica, sans-serif;\">Velk\u00e9 Heraltice &#8211; Mokr\u00e9 Lazce<\/span><\/td>\n<\/tr>\n<tr>\n<td width=\"218\"><span style=\"font-size: 12pt; font-family: arial, helvetica, sans-serif;\"><strong>Jakub\u010dovice<\/strong><strong> &#8211; Kobe\u0159ice <\/strong><\/span><\/td>\n<td width=\"236\"><span style=\"font-size: 12pt; font-family: arial, helvetica, sans-serif;\"><strong>Kobe\u0159ice &#8211; Chlebi\u010dov<\/strong><\/span><\/td>\n<\/tr>\n<tr>\n<td width=\"218\"><span style=\"font-size: 12pt; font-family: arial, helvetica, sans-serif;\">Mokr\u00e9 Lazce &#8211; Old\u0159i\u0161ov<\/span><\/td>\n<td width=\"236\"><span style=\"font-size: 12pt; font-family: arial, helvetica, sans-serif;\">Krava\u0159e &#8211; Bolatice<\/span><\/td>\n<\/tr>\n<tr>\n<td width=\"218\"><span style=\"font-size: 12pt; font-family: arial, helvetica, sans-serif;\">Bolatice &#8211; Hlubina<\/span><\/td>\n<td width=\"236\"><span style=\"font-size: 12pt; font-family: arial, helvetica, sans-serif;\">Old\u0159i\u0161ov &#8211; Kr\u00e1sn\u00e9 Lou\u010dky<\/span><\/td>\n<\/tr>\n<tr>\n<td width=\"218\"><span style=\"font-size: 12pt; font-family: arial, helvetica, sans-serif;\">Darkovi\u010dky &#8211; Slavkov<\/span><\/td>\n<td width=\"236\"><span style=\"font-size: 12pt; font-family: arial, helvetica, sans-serif;\">Slavkov &#8211; Ludge\u0159ovice<\/span><\/td>\n<\/tr>\n<\/tbody>\n<\/table>\n<p style=\"text-align: justify;\">&nbsp;<\/p>\n<p style=\"text-align: justify;\"><span style=\"font-size: 14pt; font-family: arial, helvetica, sans-serif;\"><strong>Mu\u017ei \u201eB\u201c budou hr\u00e1t op\u011bt doma s&nbsp;mu\u017estvem V\u0159esiny<\/strong><\/span><\/p>\n<p style=\"text-align: justify;\"><span style=\"font-size: 12pt; font-family: arial, helvetica, sans-serif;\"><strong>&nbsp;<\/strong>Mu\u017estvo V\u0159esiny se nach\u00e1z\u00ed v&nbsp;sou\u010dasn\u00e9 dob\u011b na 7. m\u00edst\u011b tabulky okresn\u00edho p\u0159eboru. V&nbsp;dosavadn\u00edch dvou utk\u00e1n\u00edch jednou vyhr\u00e1lo a jednou prohr\u00e1lo. Novou fotbalovou sez\u00f3nu za\u010d\u00ednalo na h\u0159i\u0161ti Jakartovic, kde prohr\u00e1lo 0:2 po polo\u010dase 0:1. Do utk\u00e1n\u00ed s&nbsp;na\u0161\u00edm mu\u017estvem jde po dom\u00e1c\u00ed v\u00fdh\u0159e 3:1 nad Oticemi.<\/span><\/p>\n<p style=\"text-align: justify;\"><span style=\"font-size: 12pt; font-family: arial, helvetica, sans-serif;\">Na\u0161e mu\u017estvo hr\u00e1lo zat\u00edm dv\u011b utk\u00e1n\u00ed doma, kdy v&nbsp;obou vyhr\u00e1lo. Nejd\u0159\u00edve&nbsp; porazilo Otice 2:0 a v&nbsp;minul\u00e9m kole vyhr\u00e1lo s&nbsp;mu\u017estvem Hlavnice 2:1. Dnes se tedy jedn\u00e1 pro na\u0161e \u201eB\u201c mu\u017estvo&nbsp; &nbsp;o t\u0159et\u00ed dom\u00e1c\u00ed utk\u00e1n\u00ed za sebou. Na\u0161i hr\u00e1\u010di jsou na p\u00e1t\u00e9m m\u00edst\u011b tak uvid\u00edme, jak roli m\u00edrn\u00e9ho favorita&nbsp; zvl\u00e1dne.<\/span><\/p>\n<p style=\"text-align: justify;\"><span style=\"font-size: 12pt; font-family: arial, helvetica, sans-serif;\"><strong>Utk\u00e1n\u00ed Kobe\u0159ice \u201eB\u201c \u2013 V\u0159esina se bude hr\u00e1t v&nbsp;sobotu 26. srpna od 17:00 hodin na na\u0161em h\u0159i\u0161ti<\/strong>. Zveme v\u0161echny p\u0159\u00edznivce na\u0161e \u201eB\u201c mu\u017estva. &nbsp;<\/span><\/p>\n<p style=\"text-align: justify;\"><span style=\"font-size: 12pt; font-family: arial, helvetica, sans-serif;\"><strong><u>Program okresn\u00edho p\u0159eboru na tento a p\u0159\u00ed\u0161t\u00ed t\u00fdden<\/u><\/strong><\/span><\/p>\n<table width=\"466\">\n<tbody>\n<tr>\n<td width=\"235\"><span style=\"font-size: 12pt; font-family: arial, helvetica, sans-serif;\">Litultovice &#8211; Hn\u011bvo\u0161ice<\/span><\/td>\n<td width=\"231\"><span style=\"font-size: 12pt; font-family: arial, helvetica, sans-serif;\">V\u0159esina &#8211; Hlavnice<\/span><\/td>\n<\/tr>\n<tr>\n<td width=\"235\"><span style=\"font-size: 12pt; font-family: arial, helvetica, sans-serif;\">Dobroslavice &#8211; B\u0159ezov\u00e1<\/span><\/td>\n<td><span style=\"font-size: 12pt; font-family: arial, helvetica, sans-serif;\">Slavia Opava &#8211; Hn\u011bvo\u0161ice<\/span><\/td>\n<\/tr>\n<tr>\n<td width=\"235\"><span style=\"font-size: 12pt; font-family: arial, helvetica, sans-serif;\">Jakartovice &#8211; St\u011bbo\u0159ice<\/span><\/td>\n<td><span style=\"font-size: 12pt; font-family: arial, helvetica, sans-serif;\">St\u011bbo\u0159ice &#8211; Otice<\/span><\/td>\n<\/tr>\n<tr>\n<td width=\"235\"><span style=\"font-size: 12pt; font-family: arial, helvetica, sans-serif;\">Otice &#8211; Doln\u00ed \u017divotice<\/span><\/td>\n<td><span style=\"font-size: 12pt; font-family: arial, helvetica, sans-serif;\">B\u0159ezov\u00e1 &#8211; Jakartovice<\/span><\/td>\n<\/tr>\n<tr>\n<td width=\"235\"><span style=\"font-size: 12pt; font-family: arial, helvetica, sans-serif;\"><strong>Kobe\u0159ice &#8222;B&#8220; &#8211; V\u0159esina<\/strong><\/span><\/td>\n<td><span style=\"font-size: 12pt; font-family: arial, helvetica, sans-serif;\"><strong>Doln\u00ed \u017divotice &#8211; Kobe\u0159ice &#8222;B&#8220; <\/strong><\/span><\/td>\n<\/tr>\n<tr>\n<td width=\"235\"><span style=\"font-size: 12pt; font-family: arial, helvetica, sans-serif;\">Hlavnice &#8211; Budi\u0161ov nad Budi\u0161ovkou<\/span><\/td>\n<td><span style=\"font-size: 12pt; font-family: arial, helvetica, sans-serif;\">Budi\u0161ov nad Budi\u0161ovkou &#8211; \u0160t\u00edtina<\/span><\/td>\n<\/tr>\n<tr>\n<td width=\"235\"><span style=\"font-size: 12pt; font-family: arial, helvetica, sans-serif;\">\u0160t\u00edtina &#8211; Slavia Opava<\/span><\/td>\n<td><span style=\"font-size: 12pt; font-family: arial, helvetica, sans-serif;\">Litultovice &#8211; Dobroslavice<\/span><\/td>\n<\/tr>\n<\/tbody>\n<\/table>\n<p style=\"text-align: justify;\">&nbsp;<\/p>\n<p style=\"text-align: justify;\"><span style=\"font-size: 14pt; font-family: arial, helvetica, sans-serif;\"><strong>Na\u0161i dorostenci budou hr\u00e1t venku s&nbsp;mu\u017estvem Svinova<\/strong><\/span><\/p>\n<p style=\"text-align: justify;\"><span style=\"font-size: 12pt; font-family: arial, helvetica, sans-serif;\">Po odlo\u017een\u00e9m utk\u00e1n\u00ed se Stud\u00e9nkou budou na\u0161i dorostenci hr\u00e1t venku s&nbsp;mu\u017estvem Svinova, kter\u00e9 rovn\u011b\u017e dohr\u00e1v\u00e1lo&nbsp; utk\u00e1n\u00ed&nbsp; s&nbsp;R\u00fdma\u0159ovem. Na\u0161i jsou v&nbsp;tomto utk\u00e1n\u00ed favoritem a tak v\u0161ichni fanou\u0161ci v\u011b\u0159\u00ed v &nbsp;na\u0161e v\u00edt\u011bzstv\u00ed<\/span><\/p>\n<p style=\"text-align: justify;\"><span style=\"font-size: 12pt; font-family: arial, helvetica, sans-serif;\"><strong>Utk\u00e1n\u00ed krajsk\u00e9 sout\u011b\u017ee dorostu Svinov &#8211; Kobe\u0159ice se bude hr\u00e1t v&nbsp;sobotu 26. srpna od 14:45 hodin. Odjezd k&nbsp;utk\u00e1n\u00ed bude &nbsp;ve 13:15 hodin.<\/strong> Zveme na toto utk\u00e1n\u00ed v\u0161echny p\u0159\u00edznivce na\u0161eho dorostu.<\/span><\/p>\n<p style=\"text-align: justify;\"><span style=\"font-size: 12pt; font-family: arial, helvetica, sans-serif;\"><strong><u>Program krajsk\u00e9 sout\u011b\u017ee dorostu<\/u><\/strong><\/span><\/p>\n<table width=\"509\">\n<tbody>\n<tr>\n<td width=\"223\"><span style=\"font-size: 12pt; font-family: arial, helvetica, sans-serif;\">Ostrava &#8211; Jih &#8211; He\u0159manice<\/span><\/td>\n<td width=\"287\"><span style=\"font-size: 12pt; font-family: arial, helvetica, sans-serif;\">Stud\u00e9nka &#8211; Svinov<\/span><\/td>\n<\/tr>\n<tr>\n<td width=\"223\"><span style=\"font-size: 12pt; font-family: arial, helvetica, sans-serif;\">Fulnek &#8211; Hradec nad Moravic\u00ed<\/span><\/td>\n<td width=\"287\"><span style=\"font-size: 12pt; font-family: arial, helvetica, sans-serif;\">R\u00fdma\u0159ov &#8211; He\u0159manice<\/span><\/td>\n<\/tr>\n<tr>\n<td width=\"223\"><span style=\"font-size: 12pt; font-family: arial, helvetica, sans-serif;\"><strong>Svinov &#8211; Kobe\u0159ice <\/strong><\/span><\/td>\n<td width=\"287\"><span style=\"font-size: 12pt; font-family: arial, helvetica, sans-serif;\"><strong>Kobe\u0159ice &#8211; Doln\u00ed Bene\u0161ov<\/strong><\/span><\/td>\n<\/tr>\n<tr>\n<td width=\"223\"><span style=\"font-size: 12pt; font-family: arial, helvetica, sans-serif;\">Doln\u00ed Lhota &#8211; Doln\u00ed Bene\u0161ov<\/span><\/td>\n<td width=\"287\"><span style=\"font-size: 12pt; font-family: arial, helvetica, sans-serif;\">Horn\u00ed Bene\u0161ov &#8211; Hradec nad Moravic\u00ed<\/span><\/td>\n<\/tr>\n<tr>\n<td width=\"223\"><span style=\"font-size: 12pt; font-family: arial, helvetica, sans-serif;\">Klimkovice &#8211; Stud\u00e9nka<\/span><\/td>\n<td width=\"287\"><span style=\"font-size: 12pt; font-family: arial, helvetica, sans-serif;\">Klimkovice &#8211; Polanka<\/span><\/td>\n<\/tr>\n<tr>\n<td width=\"223\"><span style=\"font-size: 12pt; font-family: arial, helvetica, sans-serif;\">Darkovi\u010dky &#8211; Polanka<\/span><\/td>\n<td width=\"287\"><span style=\"font-size: 12pt; font-family: arial, helvetica, sans-serif;\">Ostrava &#8211; Jih &#8211; V\u00edtkov<\/span><\/td>\n<\/tr>\n<tr>\n<td width=\"223\">&nbsp;<\/td>\n<td width=\"287\"><span style=\"font-size: 12pt; font-family: arial, helvetica, sans-serif;\">Doln\u00ed Lhota &#8211; Zlatn\u00edky<\/span><\/td>\n<\/tr>\n<tr>\n<td width=\"223\">&nbsp;<\/td>\n<td width=\"287\"><span style=\"font-size: 12pt; font-family: arial, helvetica, sans-serif;\">Fulnek &#8211; Darkovi\u010dky<\/span><\/td>\n<\/tr>\n<\/tbody>\n<\/table>\n","protected":false},"excerpt":{"rendered":"<p>\u201eA\u201c mu\u017estvo zaj\u00ed\u017ed\u00ed k&nbsp;dal\u0161\u00edmu utk\u00e1n\u00ed do&nbsp;Jakub\u010dovic Po rem\u00edzov\u00e9m utk\u00e1n\u00ed ve Velk\u00fdch Heraltic\u00edch se st\u0159etnou fotbalist\u00e9 na\u0161eho \u201eA\u201c mu\u017estva venku s&nbsp;celkem Jakub\u010dovic, kter\u00e9 k&nbsp;utk\u00e1n\u00ed s&nbsp;na\u0161\u00edm mu\u017estvem nastupuje<span class=\"excerpt-hellip\"> [\u2026]<\/span><\/p>\n","protected":false},"author":3,"featured_media":3787,"comment_status":"closed","ping_status":"open","sticky":false,"template":"","format":"standard","meta":{"ngg_post_thumbnail":0,"footnotes":""},"categories":[115,112,110,107,103,150,102],"tags":[],"class_list":["post-4251","post","type-post","status-publish","format-standard","has-post-thumbnail","hentry","category-a-tym","category-b-tym","category-dorost","category-fotbal","category-pozvanky","category-vse","category-zapasy"],"_links":{"self":[{"href":"https:\/\/tjsokolkoberice.cz\/index.php?rest_route=\/wp\/v2\/posts\/4251","targetHints":{"allow":["GET"]}}],"collection":[{"href":"https:\/\/tjsokolkoberice.cz\/index.php?rest_route=\/wp\/v2\/posts"}],"about":[{"href":"https:\/\/tjsokolkoberice.cz\/index.php?rest_route=\/wp\/v2\/types\/post"}],"author":[{"embeddable":true,"href":"https:\/\/tjsokolkoberice.cz\/index.php?rest_route=\/wp\/v2\/users\/3"}],"replies":[{"embeddable":true,"href":"https:\/\/tjsokolkoberice.cz\/index.php?rest_route=%2Fwp%2Fv2%2Fcomments&post=4251"}],"version-history":[{"count":2,"href":"https:\/\/tjsokolkoberice.cz\/index.php?rest_route=\/wp\/v2\/posts\/4251\/revisions"}],"predecessor-version":[{"id":4253,"href":"https:\/\/tjsokolkoberice.cz\/index.php?rest_route=\/wp\/v2\/posts\/4251\/revisions\/4253"}],"wp:featuredmedia":[{"embeddable":true,"href":"https:\/\/tjsokolkoberice.cz\/index.php?rest_route=\/wp\/v2\/media\/3787"}],"wp:attachment":[{"href":"https:\/\/tjsokolkoberice.cz\/index.php?rest_route=%2Fwp%2Fv2%2Fmedia&parent=4251"}],"wp:term":[{"taxonomy":"category","embeddable":true,"href":"https:\/\/tjsokolkoberice.cz\/index.php?rest_route=%2Fwp%2Fv2%2Fcategories&post=4251"},{"taxonomy":"post_tag","embeddable":true,"href":"https:\/\/tjsokolkoberice.cz\/index.php?rest_route=%2Fwp%2Fv2%2Ftags&post=4251"}],"curies":[{"name":"wp","href":"https:\/\/api.w.org\/{rel}","templated":true}]}}