{"id":4278,"date":"2017-09-01T08:43:58","date_gmt":"2017-09-01T07:43:58","guid":{"rendered":"https:\/\/tjsokolkoberice.cz\/?p=4278"},"modified":"2025-10-14T11:55:45","modified_gmt":"2025-10-14T10:55:45","slug":"fotbalovy-program-nasich-muzstev","status":"publish","type":"post","link":"https:\/\/tjsokolkoberice.cz\/?p=4278","title":{"rendered":"Fotbalov\u00fd program na\u0161ich mu\u017estev"},"content":{"rendered":"<p style=\"text-align: justify;\"><span style=\"font-size: 12pt; font-family: arial,helvetica,sans-serif;\"><strong>Hr\u00e1\u010di A mu\u017estva budou hr\u00e1t doma s&nbsp;Chlebi\u010dovem<\/strong><\/span><\/p>\n<p style=\"text-align: justify;\"><span style=\"font-size: 12pt; font-family: arial,helvetica,sans-serif;\">Po prohran\u00e9m utk\u00e1n\u00ed s&nbsp;Jakub\u010dovicemi se p\u0159edstav\u00ed hr\u00e1\u010di A mu\u017estva poprv\u00e9 v&nbsp;t\u00e9to sez\u00f3n\u011b v&nbsp;dom\u00e1c\u00edm prost\u0159ed\u00ed. Soupe\u0159em jim bude SK Viktoria Chlebi\u010dov, kter\u00e1 je po t\u0159ech kolech t\u00e9to sout\u011b\u017ee na vedouc\u00ed pozici. V&nbsp;dosavadn\u00edch utk\u00e1n\u00edch dvakr\u00e1t vyhr\u00e1la a jednou remizovala. Svou pou\u0165 leto\u0161n\u00ed sez\u00f3nou odstartovala doma s&nbsp;Krava\u0159emi, kter\u00e9 porazila 2:0. Pot\u00e9 zaj\u00ed\u017ed\u011bli hr\u00e1\u010di Chlebi\u010dova k&nbsp;presti\u017en\u00edmu utk\u00e1n\u00ed do Old\u0159i\u0161ova&nbsp; a toto \u201ederby\u201c utk\u00e1n\u00ed skon\u010dilo sm\u00edrn\u011b 3:3. K&nbsp;n\u00e1m p\u0159ij\u00ed\u017ed\u00ed mu\u017estvo Chlebi\u010dova po dom\u00e1c\u00edm v\u00edt\u011bzstv\u00ed s Velk\u00fdmi Heralticemi v&nbsp;pom\u011bru 2:1.&nbsp;&nbsp;<\/span><\/p>\n<p style=\"text-align: justify;\"><span style=\"font-size: 12pt; font-family: arial,helvetica,sans-serif;\">Na\u0161im hr\u00e1\u010d\u016fm se start p\u0159\u00edli\u0161 nevyda\u0159il. Hr\u00e1li jsme zat\u00edm dv\u011b utk\u00e1n\u00ed a to na h\u0159i\u0161ti nov\u00e1\u010dka z&nbsp;Velk\u00fdch Heraltic, kde jsme remizovali 1:1, a k&nbsp;utk\u00e1n\u00ed s&nbsp;mu\u017estem Chlebi\u010dova nastupujeme po vysok\u00e9 por\u00e1\u017ece s&nbsp;Jakub\u010dovicemi, kde jsme prohr\u00e1li 1:5. V\u011b\u0159me, \u017ee v&nbsp;tomto prvn\u00edm dom\u00e1c\u00edm st\u0159etnut\u00ed se na\u0161i borci vzchop\u00ed a dovedou toto presti\u017en\u00ed utk\u00e1n\u00ed do v\u00edt\u011bzn\u00e9ho konce.<\/span><\/p>\n<p style=\"text-align: justify;\"><span style=\"font-size: 12pt; font-family: arial,helvetica,sans-serif;\"><strong>V\u00e1\u017een\u00ed fotbalov\u00ed fanou\u0161ci, zveme v\u00e1s na utk\u00e1n\u00ed krajsk\u00e9 sout\u011b\u017ee I. A t\u0159\u00eddy Kobe\u0159ice-Chlebi\u010dov, kter\u00e9 se bude hr\u00e1t v&nbsp;ned\u011bli 3. z\u00e1\u0159\u00ed 2017 od 16:30 hodin na na\u0161em h\u0159i\u0161ti. <\/strong><\/span><\/p>\n<p style=\"text-align: justify;\"><span style=\"font-size: 12pt; font-family: arial,helvetica,sans-serif;\"><strong><u>Pogram krajsk\u00e9 sout\u011b\u017ee I. A t\u0159\u00eddy<\/u><\/strong><\/span><\/p>\n<table width=\"410\">\n<tbody>\n<tr>\n<td width=\"218\"><span style=\"font-size: 12pt; font-family: arial,helvetica,sans-serif;\">V\u00edtkov &#8211; Jakub\u010dovice<\/span><\/td>\n<td width=\"192\"><span style=\"font-size: 12pt; font-family: arial,helvetica,sans-serif;\">Jakub\u010dovice &#8211; Chlebi\u010dov<\/span><\/td>\n<\/tr>\n<tr>\n<td width=\"218\"><span style=\"font-size: 12pt; font-family: arial,helvetica,sans-serif;\">Hlubina &#8211; Darkovi\u010dky<\/span><\/td>\n<td><span style=\"font-size: 12pt; font-family: arial,helvetica,sans-serif;\">Kr\u00e1sn\u00e9 Lou\u010dky &#8211; Velk\u00e9 Heraltice<\/span><\/td>\n<\/tr>\n<tr>\n<td width=\"218\"><span style=\"font-size: 12pt; font-family: arial,helvetica,sans-serif;\">Velk\u00e9 Heraltice &#8211; Mokr\u00e9 Lazce<\/span><\/td>\n<td><span style=\"font-size: 12pt; font-family: arial,helvetica,sans-serif;\">V\u00edtkov &#8211; Slavkov<\/span><\/td>\n<\/tr>\n<tr>\n<td width=\"218\"><span style=\"font-size: 12pt; font-family: arial,helvetica,sans-serif;\"><strong>Kobe\u0159ice &#8211; Chlebi\u010dov<\/strong><\/span><\/td>\n<td><span style=\"font-size: 12pt; font-family: arial,helvetica,sans-serif;\"><strong>Mokr\u00e9 Lazce<\/strong><strong> &#8211; Kobe\u0159ice <\/strong><\/span><\/td>\n<\/tr>\n<tr>\n<td width=\"218\"><span style=\"font-size: 12pt; font-family: arial,helvetica,sans-serif;\">Krava\u0159e &#8211; Bolatice<\/span><\/td>\n<td><span style=\"font-size: 12pt; font-family: arial,helvetica,sans-serif;\">Bolatice &#8211; Old\u0159i\u0161ov<\/span><\/td>\n<\/tr>\n<tr>\n<td width=\"218\"><span style=\"font-size: 12pt; font-family: arial,helvetica,sans-serif;\">Old\u0159i\u0161ov &#8211; Kr\u00e1sn\u00e9 Lou\u010dky<\/span><\/td>\n<td><span style=\"font-size: 12pt; font-family: arial,helvetica,sans-serif;\">Darkovi\u010dky &#8211; Krava\u0159e<\/span><\/td>\n<\/tr>\n<tr>\n<td width=\"218\"><span style=\"font-size: 12pt; font-family: arial,helvetica,sans-serif;\">Slavkov &#8211; Ludge\u0159ovice<\/span><\/td>\n<td><span style=\"font-size: 12pt; font-family: arial,helvetica,sans-serif;\">Ludge\u0159ovice &#8211; Hlubina<\/span><\/td>\n<\/tr>\n<\/tbody>\n<\/table>\n<p style=\"text-align: justify;\">&nbsp;<\/p>\n<p style=\"text-align: justify;\"><span style=\"font-size: 12pt; font-family: arial,helvetica,sans-serif;\"><strong>Mu\u017estvo B bude hr\u00e1t v&nbsp;Doln\u00edch \u017divotic\u00edch <\/strong><\/span><\/p>\n<p style=\"text-align: justify;\"><span style=\"font-size: 12pt; font-family: arial,helvetica,sans-serif;\">Mu\u017estvo Doln\u00edch \u017divotic se nach\u00e1z\u00ed v&nbsp;sou\u010dasn\u00e9 dob\u011b na posledn\u00edm m\u00edst\u011b tabulky okresn\u00edho p\u0159eboru. V&nbsp;dosavadn\u00edch t\u0159ech&nbsp; utk\u00e1n\u00edch t\u0159ikr\u00e1t prohr\u00e1lo. Novou fotbalovou sez\u00f3nu za\u010d\u00ednalo na h\u0159i\u0161ti Dobroslavic, kde prohr\u00e1lo 2:6. Pot\u00e9 hr\u00e1lo doma s Jakartovicemi 0:3. Do utk\u00e1n\u00ed s&nbsp;na\u0161\u00edm B mu\u017estvem jde po por\u00e1\u017ece&nbsp; nad Oticemi pom\u011brem 1:6.<\/span><\/p>\n<p style=\"text-align: justify;\"><span style=\"font-size: 12pt; font-family: arial,helvetica,sans-serif;\">Na\u0161e mu\u017estvo hr\u00e1lo zat\u00edm t\u0159i&nbsp; utk\u00e1n\u00ed doma, kdy\u017e poka\u017ed\u00e9 vyhr\u00e1lo. Nejd\u0159\u00edve porazilo Otice 2:0 , pot\u00e9 vyhr\u00e1lo s&nbsp;mu\u017estvem Hlavnice 2:1 a do utk\u00e1n\u00ed v&nbsp;Doln\u00edch \u017divotic\u00edch jde po dom\u00e1c\u00edm v\u00edt\u011bzstv\u00ed s&nbsp;V\u0159esinou 6:2.<\/span><\/p>\n<p style=\"text-align: justify;\"><span style=\"font-size: 12pt; font-family: arial,helvetica,sans-serif;\"><strong>Utk\u00e1n\u00ed okresn\u00edho p\u0159eboru Doln\u00ed \u017divotice &#8211; Kobe\u0159ice \u201eB\u201c se bude hr\u00e1t v&nbsp;ned\u011bli 3.z\u00e1\u0159\u00ed od 10:00 hodin.<\/strong> Zveme v\u0161echny fanou\u0161ky na\u0161eho \u201eB\u201c mu\u017esta.<\/span><\/p>\n<p style=\"text-align: justify;\"><span style=\"font-size: 12pt; font-family: arial,helvetica,sans-serif;\"><strong>Program okresn\u00edho p\u0159eboru na tento a p\u0159\u00ed\u0161t\u00ed t\u00fdden <\/strong><\/span><\/p>\n<table width=\"446\">\n<tbody>\n<tr>\n<td width=\"235\"><span style=\"font-size: 12pt; font-family: arial,helvetica,sans-serif;\">V\u0159esina &#8211; Hlavnice<\/span><\/td>\n<td width=\"211\"><span style=\"font-size: 12pt; font-family: arial,helvetica,sans-serif;\">Hlavnice &#8211; \u0160t\u00edtina<\/span><\/td>\n<\/tr>\n<tr>\n<td width=\"235\"><span style=\"font-size: 12pt; font-family: arial,helvetica,sans-serif;\">Slavia Opava &#8211; Hn\u011bvo\u0161ice<\/span><\/td>\n<td><span style=\"font-size: 12pt; font-family: arial,helvetica,sans-serif;\">Dobroslavice &#8211; Slavia Opava<\/span><\/td>\n<\/tr>\n<tr>\n<td width=\"235\"><span style=\"font-size: 12pt; font-family: arial,helvetica,sans-serif;\">St\u011bbo\u0159ice &#8211; Otice<\/span><\/td>\n<td><span style=\"font-size: 12pt; font-family: arial,helvetica,sans-serif;\">Jakartovice &#8211; Litultovice<\/span><\/td>\n<\/tr>\n<tr>\n<td width=\"235\"><span style=\"font-size: 12pt; font-family: arial,helvetica,sans-serif;\">B\u0159ezov\u00e1 &#8211; Jakartovice<\/span><\/td>\n<td><span style=\"font-size: 12pt; font-family: arial,helvetica,sans-serif;\">Otice &#8211; B\u0159ezov\u00e1<\/span><\/td>\n<\/tr>\n<tr>\n<td width=\"235\"><span style=\"font-size: 12pt; font-family: arial,helvetica,sans-serif;\"><strong>Doln\u00ed \u017divotice &#8211; Kobe\u0159ice &#8222;B&#8220; <\/strong><\/span><\/td>\n<td><span style=\"font-size: 12pt; font-family: arial,helvetica,sans-serif;\"><strong>Kobe\u0159ice &#8222;B&#8220;<\/strong><strong> &#8211; St\u011bbo\u0159ice <\/strong><\/span><\/td>\n<\/tr>\n<tr>\n<td width=\"235\"><span style=\"font-size: 12pt; font-family: arial,helvetica,sans-serif;\">Budi\u0161ov nad Budi\u0161ovkou &#8211; \u0160t\u00edtina<\/span><\/td>\n<td><span style=\"font-size: 12pt; font-family: arial,helvetica,sans-serif;\">V\u0159esina &#8211; Doln\u00ed \u017divotice<\/span><\/td>\n<\/tr>\n<tr>\n<td width=\"235\"><span style=\"font-size: 12pt; font-family: arial,helvetica,sans-serif;\">Litultovice &#8211; Dobroslavice<\/span><\/td>\n<td><span style=\"font-size: 12pt; font-family: arial,helvetica,sans-serif;\">Hn\u011bvo\u0161ice &#8211; Budi\u0161ov nad Budi\u0161ovkou<\/span><\/td>\n<\/tr>\n<\/tbody>\n<\/table>\n<p style=\"text-align: justify;\"><span style=\"font-size: 12pt; font-family: arial,helvetica,sans-serif;\"><strong>&nbsp;<\/strong><\/span><\/p>\n<p style=\"text-align: justify;\"><span style=\"font-size: 12pt; font-family: arial,helvetica,sans-serif;\"><strong>Dorostenci budou hr\u00e1t doma p\u0159edz\u00e1pas s&nbsp;Horn\u00edm Bene\u0161ovem<\/strong><\/span><\/p>\n<p style=\"text-align: justify;\"><span style=\"font-size: 12pt; font-family: arial,helvetica,sans-serif;\">Po Doln\u00edm Bene\u0161ovu \u010dek\u00e1 na\u0161e chlapce druh\u00fd celek tabulky a t\u00edm je Horn\u00ed Bene\u0161ov, kter\u00fd m\u00e1 pln\u00fd po\u010det bod\u016f za t\u0159i v\u00edt\u011bzn\u00e1 utk\u00e1n\u00ed. Postupn\u011b porazil He\u0159manice 7:1, Stud\u00e9nku venku 4:3 a&nbsp; R\u00fdma\u0159ov 4:1.<\/span><\/p>\n<p style=\"text-align: justify;\"><span style=\"font-size: 12pt; font-family: arial,helvetica,sans-serif;\"><strong>Utk\u00e1n\u00ed krajsk\u00e9 sout\u011b\u017ee dorostu Kobe\u0159ice-Horn\u00ed Bene\u0161ov se bude hr\u00e1t v&nbsp;ned\u011bli 3. z\u00e1\u0159\u00ed od 14:15 hodin na na\u0161em h\u0159i\u0161ti. Zveme v\u0161echny p\u0159\u00edznivce na\u0161eho dorostu. <\/strong><\/span><\/p>\n<p style=\"text-align: justify;\"><span style=\"font-size: 12pt; font-family: arial,helvetica,sans-serif;\"><strong><u>Program krajsk\u00e9 sout\u011b\u017ee dorostu<\/u><\/strong><\/span><\/p>\n<table width=\"445\">\n<tbody>\n<tr>\n<td width=\"223\"><span style=\"font-size: 12pt; font-family: arial,helvetica,sans-serif;\">Stud\u00e9nka &#8211; Svinov<\/span><\/td>\n<td width=\"223\"><span style=\"font-size: 12pt; font-family: arial,helvetica,sans-serif;\">Polanka &#8211; Zlatn\u00edky<\/span><\/td>\n<\/tr>\n<tr>\n<td width=\"223\"><span style=\"font-size: 12pt; font-family: arial,helvetica,sans-serif;\">R\u00fdma\u0159ov &#8211; He\u0159manice<\/span><\/td>\n<td width=\"223\"><span style=\"font-size: 12pt; font-family: arial,helvetica,sans-serif;\">He\u0159manice &#8211; Doln\u00ed Lhota<\/span><\/td>\n<\/tr>\n<tr>\n<td width=\"223\"><span style=\"font-size: 12pt; font-family: arial,helvetica,sans-serif;\"><strong>Kobe\u0159ice &#8211; Doln\u00ed Bene\u0161ov<\/strong><\/span><\/td>\n<td width=\"223\"><span style=\"font-size: 12pt; font-family: arial,helvetica,sans-serif;\">Stud\u00e9nka &#8211; Ostrava &#8211; Jih<\/span><\/td>\n<\/tr>\n<tr>\n<td width=\"223\"><span style=\"font-size: 12pt; font-family: arial,helvetica,sans-serif;\">Horn\u00ed Bene\u0161ov &#8211; Hradec nad Moravic\u00ed<\/span><\/td>\n<td width=\"223\"><span style=\"font-size: 12pt; font-family: arial,helvetica,sans-serif;\">R\u00fdma\u0159ov &#8211; Klimkovice<\/span><\/td>\n<\/tr>\n<tr>\n<td width=\"223\"><span style=\"font-size: 12pt; font-family: arial,helvetica,sans-serif;\">Klimkovice &#8211; Polanka<\/span><\/td>\n<td width=\"223\"><span style=\"font-size: 12pt; font-family: arial,helvetica,sans-serif;\">V\u00edtkov &#8211; Svinov<\/span><\/td>\n<\/tr>\n<tr>\n<td width=\"223\"><span style=\"font-size: 12pt; font-family: arial,helvetica,sans-serif;\">Ostrava &#8211; Jih &#8211; V\u00edtkov<\/span><\/td>\n<td width=\"223\"><span style=\"font-size: 12pt; font-family: arial,helvetica,sans-serif;\"><strong>Kobe\u0159ice<\/strong><strong> &#8211; Horn\u00ed Bene\u0161ov <\/strong><\/span><\/td>\n<\/tr>\n<tr>\n<td width=\"223\"><span style=\"font-size: 12pt; font-family: arial,helvetica,sans-serif;\">Doln\u00ed Lhota &#8211; Zlatn\u00edky<\/span><\/td>\n<td width=\"223\"><span style=\"font-size: 12pt; font-family: arial,helvetica,sans-serif;\">Hradec nad Moravic\u00ed &#8211; Darkovi\u010dky<\/span><\/td>\n<\/tr>\n<tr>\n<td width=\"223\"><span style=\"font-size: 12pt; font-family: arial,helvetica,sans-serif;\">Fulnek &#8211; Darkovi\u010dky<\/span><\/td>\n<td width=\"223\"><span style=\"font-size: 12pt; font-family: arial,helvetica,sans-serif;\">Doln\u00ed Bene\u0161ov &#8211; Fulnek<\/span><\/td>\n<\/tr>\n<\/tbody>\n<\/table>\n<p style=\"text-align: justify;\">&nbsp;<\/p>\n<p style=\"text-align: justify;\"><span style=\"font-size: 12pt; font-family: arial,helvetica,sans-serif;\"><strong>Po utk\u00e1n\u00ed s&nbsp;Horn\u00edm Bene\u0161ovem budou hr\u00e1t na\u0161i dorostenci ji\u017e ve st\u0159edu 6. z\u00e1\u0159\u00ed dal\u0161\u00ed utk\u00e1n\u00ed, kdy\u017e se od 16:30 utkaj\u00ed venku s He\u0159manicemi. Odjezd na toto utk\u00e1n\u00ed je ve 14:45 hodin. Zveme v\u0161echny fanou\u0161ky na\u0161eho dorostu. <\/strong><\/span><\/p>\n<p style=\"text-align: justify;\">&nbsp;<\/p>\n<p style=\"text-align: justify;\"><span style=\"font-size: 12pt; font-family: arial,helvetica,sans-serif;\"><strong>Novou fotbalovou sez\u00f3nu za\u010d\u00ednaj\u00ed i \u017e\u00e1kovsk\u00e9 sout\u011b\u017ee<\/strong><\/span><\/p>\n<p style=\"text-align: justify;\"><span style=\"font-size: 12pt; font-family: arial,helvetica,sans-serif;\">Novou fotbalovou sezonu za\u010d\u00ednaj\u00ed tak\u00e9 star\u0161\u00ed a mlad\u0161\u00ed \u017e\u00e1ci. V&nbsp;prvn\u00edm st\u0159etnut\u00ed se utkaj\u00ed a protivn\u00edky z&nbsp;Fulneku.<\/span><\/p>\n<p style=\"text-align: justify;\"><span style=\"font-size: 12pt; font-family: arial,helvetica,sans-serif;\"><strong>Utk\u00e1n\u00ed se bude hr\u00e1t v&nbsp;sobotu 2. z\u00e1\u0159\u00ed od 9:00 star\u0161\u00ed a od 10:45 hodin pro mlad\u0161\u00ed. Odjezd k&nbsp;utk\u00e1n\u00ed je spole\u010dn\u011b v 7:00 hodin.<\/strong> P\u0159ejme na\u0161im \u017e\u00e1kov\u00fdm mu\u017estv\u016fm dobr\u00fd start do nov\u00e9 fotbalov\u00e9 sez\u00f3ny.<\/span><\/p>\n<p style=\"text-align: justify;\"><span style=\"font-size: 12pt; font-family: arial,helvetica,sans-serif;\"><strong><u>Program pro tento a p\u0159\u00ed\u0161t\u00ed t\u00fdden <\/u><\/strong><\/span><\/p>\n<table width=\"681\">\n<tbody>\n<tr>\n<td width=\"313\"><span style=\"font-size: 12pt; font-family: arial,helvetica,sans-serif;\">V\u00edtkov &#8211; Doln\u00ed Bene\u0161ov<\/span><\/td>\n<td width=\"369\"><span style=\"font-size: 12pt; font-family: arial,helvetica,sans-serif;\">V\u00edtkov &#8211; Fulnek<\/span><\/td>\n<\/tr>\n<tr>\n<td width=\"313\"><span style=\"font-size: 12pt; font-family: arial,helvetica,sans-serif;\"><strong>Fulnek &#8211; Kobe\u0159ice <\/strong><\/span><\/td>\n<td width=\"369\"><span style=\"font-size: 12pt; font-family: arial,helvetica,sans-serif;\"><strong>Kobe\u0159ice<\/strong><strong> &#8211; M\u011bsto Albrechtice <\/strong><\/span><\/td>\n<\/tr>\n<tr>\n<td width=\"313\"><span style=\"font-size: 12pt; font-family: arial,helvetica,sans-serif;\">B\u0159idli\u010dn\u00e1 &#8211; Budi\u0161ov nad Budi\u0161ovkou<\/span><\/td>\n<td width=\"369\"><span style=\"font-size: 12pt; font-family: arial,helvetica,sans-serif;\">Doln\u00ed Bene\u0161ov &#8211; Budi\u0161ov nad Budi\u0161ovkou<\/span><\/td>\n<\/tr>\n<tr>\n<td width=\"313\"><span style=\"font-size: 12pt; font-family: arial,helvetica,sans-serif;\">&nbsp;M\u011bsto Albrechtice &#8211; Slavia Opava<\/span><\/td>\n<td width=\"369\"><span style=\"font-size: 12pt; font-family: arial,helvetica,sans-serif;\">Vrbno p. P. &#8211; B\u0159idli\u010dn\u00e1<\/span><\/td>\n<\/tr>\n<tr>\n<td width=\"313\"><span style=\"font-size: 12pt; font-family: arial,helvetica,sans-serif;\">&nbsp;Juventus Brunt\u00e1l &#8211; Vrbno p. P.<\/span><\/td>\n<td width=\"369\"><span style=\"font-size: 12pt; font-family: arial,helvetica,sans-serif;\">Slavia Opava &#8211; Juventus Brunt\u00e1l<\/span><\/td>\n<\/tr>\n<\/tbody>\n<\/table>\n","protected":false},"excerpt":{"rendered":"<p>Hr\u00e1\u010di A mu\u017estva budou hr\u00e1t doma s&nbsp;Chlebi\u010dovem Po prohran\u00e9m utk\u00e1n\u00ed s&nbsp;Jakub\u010dovicemi se p\u0159edstav\u00ed hr\u00e1\u010di A mu\u017estva poprv\u00e9 v&nbsp;t\u00e9to sez\u00f3n\u011b v&nbsp;dom\u00e1c\u00edm prost\u0159ed\u00ed. Soupe\u0159em jim bude SK Viktoria<span class=\"excerpt-hellip\"> [\u2026]<\/span><\/p>\n","protected":false},"author":3,"featured_media":1883,"comment_status":"closed","ping_status":"open","sticky":false,"template":"","format":"standard","meta":{"ngg_post_thumbnail":0,"footnotes":""},"categories":[115,112,110,107,117,103,111,150,102],"tags":[],"class_list":["post-4278","post","type-post","status-publish","format-standard","has-post-thumbnail","hentry","category-a-tym","category-b-tym","category-dorost","category-fotbal","category-mladsi-zaci","category-pozvanky","category-starsi-zaci","category-vse","category-zapasy"],"_links":{"self":[{"href":"https:\/\/tjsokolkoberice.cz\/index.php?rest_route=\/wp\/v2\/posts\/4278","targetHints":{"allow":["GET"]}}],"collection":[{"href":"https:\/\/tjsokolkoberice.cz\/index.php?rest_route=\/wp\/v2\/posts"}],"about":[{"href":"https:\/\/tjsokolkoberice.cz\/index.php?rest_route=\/wp\/v2\/types\/post"}],"author":[{"embeddable":true,"href":"https:\/\/tjsokolkoberice.cz\/index.php?rest_route=\/wp\/v2\/users\/3"}],"replies":[{"embeddable":true,"href":"https:\/\/tjsokolkoberice.cz\/index.php?rest_route=%2Fwp%2Fv2%2Fcomments&post=4278"}],"version-history":[{"count":2,"href":"https:\/\/tjsokolkoberice.cz\/index.php?rest_route=\/wp\/v2\/posts\/4278\/revisions"}],"predecessor-version":[{"id":4280,"href":"https:\/\/tjsokolkoberice.cz\/index.php?rest_route=\/wp\/v2\/posts\/4278\/revisions\/4280"}],"wp:featuredmedia":[{"embeddable":true,"href":"https:\/\/tjsokolkoberice.cz\/index.php?rest_route=\/wp\/v2\/media\/1883"}],"wp:attachment":[{"href":"https:\/\/tjsokolkoberice.cz\/index.php?rest_route=%2Fwp%2Fv2%2Fmedia&parent=4278"}],"wp:term":[{"taxonomy":"category","embeddable":true,"href":"https:\/\/tjsokolkoberice.cz\/index.php?rest_route=%2Fwp%2Fv2%2Fcategories&post=4278"},{"taxonomy":"post_tag","embeddable":true,"href":"https:\/\/tjsokolkoberice.cz\/index.php?rest_route=%2Fwp%2Fv2%2Ftags&post=4278"}],"curies":[{"name":"wp","href":"https:\/\/api.w.org\/{rel}","templated":true}]}}