{"id":4296,"date":"2017-09-06T22:54:22","date_gmt":"2017-09-06T21:54:22","guid":{"rendered":"https:\/\/tjsokolkoberice.cz\/?p=4296"},"modified":"2025-10-14T11:55:45","modified_gmt":"2025-10-14T10:55:45","slug":"vikendovy-program-nasich-muzstev-27","status":"publish","type":"post","link":"https:\/\/tjsokolkoberice.cz\/?p=4296","title":{"rendered":"V\u00edkendov\u00fd program na\u0161ich mu\u017estev"},"content":{"rendered":"<p style=\"text-align: justify;\"><span style=\"font-size: 14pt; font-family: arial, helvetica, sans-serif;\"><strong>Hr\u00e1\u010di \u201eA\u201c mu\u017estva jedou do Mokr\u00fdch Lazc\u016f &nbsp;<\/strong><\/span><\/p>\n<p style=\"text-align: justify;\"><span style=\"font-size: 12pt; font-family: arial, helvetica, sans-serif;\">Po vysok\u00e9m v\u00edt\u011bzstv\u00ed v&nbsp;presti\u017en\u00edm utk\u00e1n\u00ed s&nbsp;Chlebi\u010dovem v&nbsp;pom\u011bru 6:0 budou hr\u00e1\u010di na\u0161eho \u201eA\u201c mu\u017estva hr\u00e1t na h\u0159i\u0161ti Mokr\u00fdch Lazc\u016f, kter\u00e9 jsou v&nbsp;sou\u010dasn\u00e9 dob\u011b na p\u0159edposledn\u00edm m\u00edst\u011b tabulky I. A t\u0159\u00eddy. K&nbsp;utk\u00e1n\u00ed s&nbsp;na\u0161\u00edm celkem jdou po rem\u00edze ve Velk\u00fdch Heraltic\u00edch 1:1. Je to jejich jedin\u00fd bod, kter\u00fd zat\u00edm z\u00edskali. V&nbsp;dom\u00e1c\u00edm prost\u0159ed\u00ed hr\u00e1li fotbalist\u00e9 Mokr\u00fdch Lazc\u016f dvakr\u00e1t, kdy\u017e prohr\u00e1li s&nbsp;Old\u0159i\u0161ovem 3:5 a s&nbsp;mu\u017estvem Hlubiny 1:3. Za zm\u00ednku tak\u00e9 stoj\u00ed vysok\u00e1 por\u00e1\u017eka v&nbsp;Krava\u0159\u00edch, kde prohr\u00e1lo 0:7.<\/span><\/p>\n<p style=\"text-align: justify;\"><span style=\"font-size: 12pt; font-family: arial, helvetica, sans-serif;\">Na\u0161emu mu\u017estvu se start do&nbsp;nov\u00e9 fotbalov\u00e9 sez\u00f3ny p\u0159\u00edli\u0161 nevyda\u0159il. V&nbsp;utk\u00e1n\u00ed na h\u0159i\u0161ti nov\u00e1\u010dka Velk\u00fdch Heraltic jsme hr\u00e1li nerozhodn\u011b 1:1 a na h\u0159i\u0161ti&nbsp; Jakub\u010dovic jsme dokonce vysoko prohr\u00e1li 1:5. Do utk\u00e1n\u00ed s&nbsp;Mokr\u00fdmi Lazcemi ale jdeme po vysok\u00e9m dom\u00e1c\u00edm v\u00edt\u011bzstv\u00ed 6:0, kter\u00e9ho jsme dos\u00e1hli s&nbsp;Chlebi\u010dovem.<\/span><\/p>\n<p style=\"text-align: justify;\"><span style=\"font-size: 12pt; font-family: arial, helvetica, sans-serif;\">V&nbsp;utk\u00e1n\u00ed jsme pova\u017eov\u00e1n\u00ed za favorita, ale ka\u017ed\u00e9 utk\u00e1n\u00ed se za\u010d\u00edn\u00e1 stavem 0:0, tak by bylo chybou tohoto soupe\u0159e podcenit<strong>. V\u00e1\u017een\u00ed fotbalov\u00ed fanou\u0161ci, zveme v\u00e1s na utk\u00e1n\u00ed krajsk\u00e9 sout\u011b\u017ee I. A t\u0159\u00eddy Mokr\u00e9 Lazce &#8211; Kobe\u0159ice, kter\u00e9 se bude hr\u00e1t v&nbsp;ned\u011bli 10. z\u00e1\u0159\u00ed 2017 od 10:00 hodin. Odjezd bude v&nbsp;8:45 hodin<\/strong>. P\u0159ije\u010fte na\u0161e fotbalisty v&nbsp;hojn\u00e9m po\u010dtu povzbudit a pomozte tak pro n\u011b v&nbsp;Mokr\u00fdch Lazc\u00edch vytvo\u0159it &nbsp;dom\u00e1c\u00ed atmosf\u00e9ru.<\/span><\/p>\n<p style=\"text-align: justify;\">&nbsp;<\/p>\n<p style=\"text-align: justify;\"><span style=\"font-size: 12pt; font-family: arial, helvetica, sans-serif;\"><strong><u>Pogram krajsk\u00e9 sout\u011b\u017ee I.A t\u0159\u00eddy na tento a p\u0159\u00ed\u0161t\u00ed t\u00fdden<\/u><\/strong><\/span><\/p>\n<table width=\"540\">\n<tbody>\n<tr>\n<td width=\"294\"><span style=\"font-size: 12pt; font-family: arial, helvetica, sans-serif;\">Jakub\u010dovice &#8211; Chlebi\u010dov<\/span><\/td>\n<td width=\"246\"><span style=\"font-size: 12pt; font-family: arial, helvetica, sans-serif;\">Hlubina &#8211; V\u00edtkov<\/span><\/td>\n<\/tr>\n<tr>\n<td width=\"294\"><span style=\"font-size: 12pt; font-family: arial, helvetica, sans-serif;\">Kr\u00e1sn\u00e9 Lou\u010dky &#8211; Velk\u00e9 Heraltice<\/span><\/td>\n<td width=\"246\"><span style=\"font-size: 12pt; font-family: arial, helvetica, sans-serif;\">Chlebi\u010dov &#8211; Mokr\u00e9 Lazce<\/span><\/td>\n<\/tr>\n<tr>\n<td width=\"294\"><span style=\"font-size: 12pt; font-family: arial, helvetica, sans-serif;\">V\u00edtkov &#8211; Slavkov<\/span><\/td>\n<td width=\"246\"><span style=\"font-size: 12pt; font-family: arial, helvetica, sans-serif;\">Velk\u00e9 Heraltice &#8211; Bolatice<\/span><\/td>\n<\/tr>\n<tr>\n<td width=\"294\"><span style=\"font-size: 12pt; font-family: arial, helvetica, sans-serif;\"><strong>Mokr\u00e9 Lazce<\/strong><strong> &#8211; Kobe\u0159ice <\/strong><\/span><\/td>\n<td width=\"246\"><span style=\"font-size: 12pt; font-family: arial, helvetica, sans-serif;\"><strong>Kobe\u0159ice<\/strong><strong> &#8211; Kr\u00e1sn\u00e9 Lou\u010dky <\/strong><\/span><\/td>\n<\/tr>\n<tr>\n<td width=\"294\"><span style=\"font-size: 12pt; font-family: arial, helvetica, sans-serif;\">Bolatice &#8211; Old\u0159i\u0161ov<\/span><\/td>\n<td width=\"246\"><span style=\"font-size: 12pt; font-family: arial, helvetica, sans-serif;\">Krava\u0159e &#8211; Ludge\u0159ovice<\/span><\/td>\n<\/tr>\n<tr>\n<td width=\"294\"><span style=\"font-size: 12pt; font-family: arial, helvetica, sans-serif;\">Darkovi\u010dky &#8211; Krava\u0159e<\/span><\/td>\n<td width=\"246\"><span style=\"font-size: 12pt; font-family: arial, helvetica, sans-serif;\">Old\u0159i\u0161ov &#8211; Darkovi\u010dky<\/span><\/td>\n<\/tr>\n<tr>\n<td width=\"294\"><span style=\"font-size: 12pt; font-family: arial, helvetica, sans-serif;\">Ludge\u0159ovice &#8211; Hlubina<\/span><\/td>\n<td width=\"246\"><span style=\"font-size: 12pt; font-family: arial, helvetica, sans-serif;\">Slavkov &#8211; Jakub\u010dovice<\/span><\/td>\n<\/tr>\n<\/tbody>\n<\/table>\n<p style=\"text-align: justify;\">&nbsp;<\/p>\n<p style=\"text-align: justify;\"><span style=\"font-size: 14pt; font-family: arial, helvetica, sans-serif;\"><strong>Mu\u017ei \u201eB\u201c budou hr\u00e1t doma se&nbsp;St\u011bbo\u0159icemi <\/strong><\/span><\/p>\n<p style=\"text-align: justify;\"><span style=\"font-size: 12pt; font-family: arial, helvetica, sans-serif;\">Po v\u00edt\u011bzstv\u00ed v&nbsp;Doln\u00edch \u017divotic\u00edch sehraj\u00ed na\u0161i mu\u017ei \u201eB\u201c dom\u00e1c\u00ed utk\u00e1n\u00ed proti celku St\u011bbo\u0159ic, kter\u00e9 je v&nbsp;sou\u010dasn\u00e9 dob\u011b na \u010dtvrt\u00e9m m\u00edst\u011b tabulky, kdy\u017e prohr\u00e1lo jen v&nbsp;Jakartovic\u00edch.<\/span><\/p>\n<p style=\"text-align: justify;\"><span style=\"font-size: 12pt; font-family: arial, helvetica, sans-serif;\">Na\u0161i hr\u00e1\u010di jsou na m\u00edst\u011b t\u0159et\u00edm, kdy\u017e zat\u00edm sv\u00e1 utk\u00e1n\u00ed v\u017edy dovedli do v\u00edt\u011bzn\u00e9ho konce. Jde tedy o souboj t\u0159et\u00edho a \u010dtvrt\u00e9ho mu\u017estva tabulky a ob\u011b mu\u017estva nastupuj\u00ed do utk\u00e1n\u00ed po sv\u00fdch v\u00edt\u011bzstv\u00edch. St\u011bbo\u0159ice po v\u00fdh\u0159e doma s&nbsp;Oticemi 2:1 a na\u0161i po stejn\u011b vysok\u00e9m v\u00edt\u011bzstv\u00ed, kter\u00e9 dos\u00e1hli v&nbsp;Doln\u00edch \u017divotic\u00edch.<\/span><\/p>\n<p style=\"text-align: justify;\"><span style=\"font-size: 12pt; font-family: arial, helvetica, sans-serif;\"><strong>Utk\u00e1n\u00ed okresn\u00edho p\u0159eboru Kobe\u0159ice \u201eB\u201c \u2013 St\u011bbo\u0159ice se bude hr\u00e1t v&nbsp;sobotu 9. z\u00e1\u0159\u00ed 2017 od 16:00 hodin. Zveme v\u0161echny p\u0159\u00edznivce na\u0161eho \u201eB\u201c mu\u017estva.&nbsp;<\/strong><\/span><\/p>\n<p style=\"text-align: justify;\">&nbsp;<\/p>\n<p style=\"text-align: justify;\"><span style=\"font-size: 12pt; font-family: arial, helvetica, sans-serif;\"><strong><u>Program okresn\u00edho p\u0159eboru na tento a p\u0159\u00ed\u0161t\u00ed t\u00fdden <\/u><\/strong><\/span><\/p>\n<table width=\"606\">\n<tbody>\n<tr>\n<td width=\"275\"><span style=\"font-size: 12pt; font-family: arial, helvetica, sans-serif;\">Hlavnice &#8211; \u0160t\u00edtina<\/span><\/td>\n<td width=\"331\"><span style=\"font-size: 12pt; font-family: arial, helvetica, sans-serif;\">St\u011bbo\u0159ice &#8211; V\u0159esina<\/span><\/td>\n<\/tr>\n<tr>\n<td width=\"275\"><span style=\"font-size: 12pt; font-family: arial, helvetica, sans-serif;\">Dobroslavice &#8211; Slavia Opava<\/span><\/td>\n<td width=\"331\"><span style=\"font-size: 12pt; font-family: arial, helvetica, sans-serif;\"><strong>B\u0159ezov\u00e1<\/strong> &#8211; <strong>Kobe\u0159ice &#8222;B&#8220;<\/strong><\/span><\/td>\n<\/tr>\n<tr>\n<td width=\"275\"><span style=\"font-size: 12pt; font-family: arial, helvetica, sans-serif;\">Jakartovice &#8211; Litultovice<\/span><\/td>\n<td width=\"331\"><span style=\"font-size: 12pt; font-family: arial, helvetica, sans-serif;\">\u0160t\u00edtina &#8211; Hn\u011bvo\u0161ice<\/span><\/td>\n<\/tr>\n<tr>\n<td width=\"275\"><span style=\"font-size: 12pt; font-family: arial, helvetica, sans-serif;\">Otice &#8211; B\u0159ezov\u00e1<\/span><\/td>\n<td width=\"331\"><span style=\"font-size: 12pt; font-family: arial, helvetica, sans-serif;\">Slavia Opava &#8211; Jakartovice<\/span><\/td>\n<\/tr>\n<tr>\n<td width=\"275\"><span style=\"font-size: 12pt; font-family: arial, helvetica, sans-serif;\"><strong>Kobe\u0159ice &#8222;B&#8220;<\/strong><strong> &#8211; St\u011bbo\u0159ice <\/strong><\/span><\/td>\n<td width=\"331\"><span style=\"font-size: 12pt; font-family: arial, helvetica, sans-serif;\">Doln\u00ed \u017divotice &#8211; Hlavnice<\/span><\/td>\n<\/tr>\n<tr>\n<td width=\"275\"><span style=\"font-size: 12pt; font-family: arial, helvetica, sans-serif;\">V\u0159esina &#8211; Doln\u00ed \u017divotice<\/span><\/td>\n<td width=\"331\"><span style=\"font-size: 12pt; font-family: arial, helvetica, sans-serif;\">Budi\u0161ov nad Budi\u0161ovkou &#8211; Dobroslavice<\/span><\/td>\n<\/tr>\n<tr>\n<td width=\"275\"><span style=\"font-size: 12pt; font-family: arial, helvetica, sans-serif;\">Hn\u011bvo\u0161ice &#8211; Budi\u0161ov nad Budi\u0161ovkou<\/span><\/td>\n<td width=\"331\"><span style=\"font-size: 12pt; font-family: arial, helvetica, sans-serif;\">Litultovice &#8211; Otice<\/span><\/td>\n<\/tr>\n<\/tbody>\n<\/table>\n<p style=\"text-align: justify;\">&nbsp;<\/p>\n<p style=\"text-align: justify;\"><span style=\"font-size: 14pt; font-family: arial, helvetica, sans-serif;\"><strong>Dorostenci zaj\u00ed\u017ed\u011bj\u00ed na p\u016fdu Klimkovic&nbsp; <\/strong><\/span><\/p>\n<p style=\"text-align: justify;\"><span style=\"font-size: 12pt; font-family: arial, helvetica, sans-serif;\">Po st\u0159ede\u010dn\u00edm utk\u00e1n\u00ed s&nbsp;He\u0159manicemi budou hr\u00e1t na\u0161i dorostenci venku s&nbsp;celkem Klimkovic, kter\u00e9 je na druh\u00e9m m\u00edst\u011b tabulky. Do utk\u00e1n\u00ed s&nbsp;n\u00e1mi jde mu\u017estvo Klimkovic po dvoubrankov\u00e9m v\u00edt\u011bzstv\u00ed venku s&nbsp;R\u00fdma\u0159ovem.<\/span><\/p>\n<p style=\"text-align: justify;\"><span style=\"font-size: 12pt; font-family: arial, helvetica, sans-serif;\">Na\u0161i &nbsp;nastupuj\u00ed do utk\u00e1n\u00ed jako vedouc\u00ed mu\u017estvo sout\u011b\u017ee, a tak se bude jednat o velik\u00fd a zaj\u00edmav\u00fd souboj prvn\u00edho a druh\u00e9ho celku. <strong>Utk\u00e1n\u00ed krajsk\u00e9 sout\u011b\u017ee dorostu Klimkovice-Kobe\u0159ice&nbsp; se bude hr\u00e1t&nbsp; sobotu 9.z\u00e1\u0159\u00ed od 13:30 hodin . Odjezd bude v&nbsp;11:45 hodin.<\/strong><\/span><\/p>\n<p style=\"text-align: justify;\"><span style=\"font-size: 12pt; font-family: arial, helvetica, sans-serif;\"><strong><u>Program krajsk\u00e9 sout\u011b\u017ee dorostu<\/u><\/strong><\/span><\/p>\n<table width=\"453\">\n<tbody>\n<tr>\n<td width=\"227\"><span style=\"font-size: 12pt; font-family: arial, helvetica, sans-serif;\">Fulnek &#8211; He\u0159manice<\/span><\/td>\n<td width=\"227\"><span style=\"font-size: 12pt; font-family: arial, helvetica, sans-serif;\">Polanka &#8211; Svinov<\/span><\/td>\n<\/tr>\n<tr>\n<td width=\"227\"><span style=\"font-size: 12pt; font-family: arial, helvetica, sans-serif;\"><strong>Klimkovice &#8211; Kobe\u0159ice <\/strong><\/span><\/td>\n<td width=\"227\"><span style=\"font-size: 12pt; font-family: arial, helvetica, sans-serif;\">He\u0159manice &#8211; Darkovi\u010dky<\/span><\/td>\n<\/tr>\n<tr>\n<td width=\"227\"><span style=\"font-size: 12pt; font-family: arial, helvetica, sans-serif;\">Doln\u00ed Lhota &#8211; Stud\u00e9nka<\/span><\/td>\n<td width=\"227\"><span style=\"font-size: 12pt; font-family: arial, helvetica, sans-serif;\">Stud\u00e9nka &#8211; Fulnek<\/span><\/td>\n<\/tr>\n<tr>\n<td width=\"227\"><span style=\"font-size: 12pt; font-family: arial, helvetica, sans-serif;\">Svinov &#8211; Horn\u00ed Bene\u0161ov<\/span><\/td>\n<td width=\"227\"><span style=\"font-size: 12pt; font-family: arial, helvetica, sans-serif;\">R\u00fdma\u0159ov &#8211; Doln\u00ed Lhota<\/span><\/td>\n<\/tr>\n<tr>\n<td width=\"227\"><span style=\"font-size: 12pt; font-family: arial, helvetica, sans-serif;\">Ostrava &#8211; Jih &#8211; R\u00fdma\u0159ov<\/span><\/td>\n<td width=\"227\"><span style=\"font-size: 12pt; font-family: arial, helvetica, sans-serif;\"><strong>Kobe\u0159ice<\/strong><strong> &#8211; Ostrava Jih <\/strong><\/span><\/td>\n<\/tr>\n<tr>\n<td width=\"227\"><span style=\"font-size: 12pt; font-family: arial, helvetica, sans-serif;\">V\u00edtkov &#8211; Polanka<\/span><\/td>\n<td width=\"227\"><span style=\"font-size: 12pt; font-family: arial, helvetica, sans-serif;\">Doln\u00ed Bene\u0161ov &#8211; Zlatn\u00edky<\/span><\/td>\n<\/tr>\n<tr>\n<td width=\"227\"><span style=\"font-size: 12pt; font-family: arial, helvetica, sans-serif;\">Darkovi\u010dky &#8211; Doln\u00ed Bene\u0161ov<\/span><\/td>\n<td width=\"227\"><span style=\"font-size: 12pt; font-family: arial, helvetica, sans-serif;\">Horn\u00ed Bene\u0161ov &#8211; Klimkovice<\/span><\/td>\n<\/tr>\n<tr>\n<td width=\"227\"><span style=\"font-size: 12pt; font-family: arial, helvetica, sans-serif;\">Zlatn\u00edky &#8211; Hradec nad Moravic\u00ed<\/span><\/td>\n<td width=\"227\"><span style=\"font-size: 12pt; font-family: arial, helvetica, sans-serif;\">Hradec nad Moravic\u00ed &#8211; V\u00edtkov<\/span><\/td>\n<\/tr>\n<\/tbody>\n<\/table>\n<p style=\"text-align: justify;\">&nbsp;<\/p>\n<p style=\"text-align: justify;\"><span style=\"font-size: 12pt; font-family: arial, helvetica, sans-serif;\">P\u0159\u00ed\u0161t\u00ed utk\u00e1n\u00ed budou na\u0161i star\u0161\u00ed a mlad\u0161\u00ed \u017e\u00e1ci hr\u00e1t v&nbsp;sobotu 9. z\u00e1\u0159\u00ed v&nbsp;dom\u00e1c\u00edm prost\u0159ed\u00ed, kdy se st\u0159etnou s&nbsp;M\u011bstem Albrechtice od 12:15 a 14:00 hodin. V\u00e1\u017een\u00ed fotbalov\u00ed fanou\u0161ci p\u0159ij\u010fte v&nbsp;hojn\u00e9m po\u010dtu povzbudit na\u0161e \u017e\u00e1kovsk\u00e1 mu\u017estva.<\/span><\/p>\n<p style=\"text-align: justify;\"><span style=\"font-size: 12pt; font-family: arial, helvetica, sans-serif;\"><strong><u>Program star\u0161\u00edch a mlad\u0161\u00edch \u017e\u00e1k\u016f pro tento a p\u0159\u00ed\u0161t\u00ed t\u00fdden <\/u><\/strong><\/span><\/p>\n<table width=\"626\">\n<tbody>\n<tr>\n<td width=\"313\"><span style=\"font-size: 12pt; font-family: arial, helvetica, sans-serif;\">V\u00edtkov &#8211; Fulnek<\/span><\/td>\n<td width=\"313\"><span style=\"font-size: 12pt; font-family: arial, helvetica, sans-serif;\">Fulnek &#8211; Doln\u00ed Bene\u0161ov<\/span><\/td>\n<\/tr>\n<tr>\n<td width=\"313\"><span style=\"font-size: 12pt; font-family: arial, helvetica, sans-serif;\"><strong>Kobe\u0159ice<\/strong><strong> &#8211; M\u011bsto Albrechtice <\/strong><\/span><\/td>\n<td width=\"313\"><span style=\"font-size: 12pt; font-family: arial, helvetica, sans-serif;\">B\u0159idli\u010dn\u00e1 &#8211; Slavia Opava<\/span><\/td>\n<\/tr>\n<tr>\n<td width=\"313\"><span style=\"font-size: 12pt; font-family: arial, helvetica, sans-serif;\">Doln\u00ed Bene\u0161ov &#8211; Budi\u0161ov nad Budi\u0161ovkou<\/span><\/td>\n<td width=\"313\"><span style=\"font-size: 12pt; font-family: arial, helvetica, sans-serif;\">M\u011bsto Albrechtice &#8211; V\u00edtkov<\/span><\/td>\n<\/tr>\n<tr>\n<td width=\"313\"><span style=\"font-size: 12pt; font-family: arial, helvetica, sans-serif;\">Vrbno p. P. &#8211; B\u0159idli\u010dn\u00e1<\/span><\/td>\n<td width=\"313\"><span style=\"font-size: 12pt; font-family: arial, helvetica, sans-serif;\"><strong>Juventus Brunt\u00e1l<\/strong> &#8211; <strong>Kobe\u0159ice<\/strong><\/span><\/td>\n<\/tr>\n<tr>\n<td width=\"313\"><span style=\"font-size: 12pt; font-family: arial, helvetica, sans-serif;\">Slavia Opava &#8211; Juventus Brunt\u00e1l<\/span><\/td>\n<td width=\"313\"><span style=\"font-size: 12pt; font-family: arial, helvetica, sans-serif;\">Budi\u0161ov nad Budi\u0161ovkou &#8211; Vrbno p. P.<\/span><\/td>\n<\/tr>\n<\/tbody>\n<\/table>\n","protected":false},"excerpt":{"rendered":"<p>Hr\u00e1\u010di \u201eA\u201c mu\u017estva jedou do Mokr\u00fdch Lazc\u016f &nbsp; Po vysok\u00e9m v\u00edt\u011bzstv\u00ed v&nbsp;presti\u017en\u00edm utk\u00e1n\u00ed s&nbsp;Chlebi\u010dovem v&nbsp;pom\u011bru 6:0 budou hr\u00e1\u010di na\u0161eho \u201eA\u201c mu\u017estva hr\u00e1t na h\u0159i\u0161ti Mokr\u00fdch Lazc\u016f,<span class=\"excerpt-hellip\"> [\u2026]<\/span><\/p>\n","protected":false},"author":3,"featured_media":1886,"comment_status":"closed","ping_status":"open","sticky":false,"template":"","format":"standard","meta":{"ngg_post_thumbnail":0,"footnotes":""},"categories":[115,112,110,107,117,103,111,150,102],"tags":[],"class_list":["post-4296","post","type-post","status-publish","format-standard","has-post-thumbnail","hentry","category-a-tym","category-b-tym","category-dorost","category-fotbal","category-mladsi-zaci","category-pozvanky","category-starsi-zaci","category-vse","category-zapasy"],"_links":{"self":[{"href":"https:\/\/tjsokolkoberice.cz\/index.php?rest_route=\/wp\/v2\/posts\/4296","targetHints":{"allow":["GET"]}}],"collection":[{"href":"https:\/\/tjsokolkoberice.cz\/index.php?rest_route=\/wp\/v2\/posts"}],"about":[{"href":"https:\/\/tjsokolkoberice.cz\/index.php?rest_route=\/wp\/v2\/types\/post"}],"author":[{"embeddable":true,"href":"https:\/\/tjsokolkoberice.cz\/index.php?rest_route=\/wp\/v2\/users\/3"}],"replies":[{"embeddable":true,"href":"https:\/\/tjsokolkoberice.cz\/index.php?rest_route=%2Fwp%2Fv2%2Fcomments&post=4296"}],"version-history":[{"count":1,"href":"https:\/\/tjsokolkoberice.cz\/index.php?rest_route=\/wp\/v2\/posts\/4296\/revisions"}],"predecessor-version":[{"id":4297,"href":"https:\/\/tjsokolkoberice.cz\/index.php?rest_route=\/wp\/v2\/posts\/4296\/revisions\/4297"}],"wp:featuredmedia":[{"embeddable":true,"href":"https:\/\/tjsokolkoberice.cz\/index.php?rest_route=\/wp\/v2\/media\/1886"}],"wp:attachment":[{"href":"https:\/\/tjsokolkoberice.cz\/index.php?rest_route=%2Fwp%2Fv2%2Fmedia&parent=4296"}],"wp:term":[{"taxonomy":"category","embeddable":true,"href":"https:\/\/tjsokolkoberice.cz\/index.php?rest_route=%2Fwp%2Fv2%2Fcategories&post=4296"},{"taxonomy":"post_tag","embeddable":true,"href":"https:\/\/tjsokolkoberice.cz\/index.php?rest_route=%2Fwp%2Fv2%2Ftags&post=4296"}],"curies":[{"name":"wp","href":"https:\/\/api.w.org\/{rel}","templated":true}]}}