{"id":4368,"date":"2017-09-15T09:53:04","date_gmt":"2017-09-15T08:53:04","guid":{"rendered":"https:\/\/tjsokolkoberice.cz\/?p=4368"},"modified":"2025-10-14T11:55:45","modified_gmt":"2025-10-14T10:55:45","slug":"vikendovy-program-nasich-muzstev-28","status":"publish","type":"post","link":"https:\/\/tjsokolkoberice.cz\/?p=4368","title":{"rendered":"V\u00edkendov\u00fd program na\u0161ich mu\u017estev"},"content":{"rendered":"<p style=\"text-align: justify;\"><span style=\"font-family: arial, helvetica, sans-serif; font-size: 14pt;\"><strong>Hr\u00e1\u010di \u201eA\u201c mu\u017estva host\u00ed v ned\u011bli Kr\u00e1sn\u00e9 Lou\u010dky<\/strong><\/span><\/p>\n<p style=\"text-align: justify;\"><span style=\"font-family: arial, helvetica, sans-serif; font-size: 12pt;\">Po vysok\u00e9 proh\u0159e v&nbsp;Mokr\u00fdch Lazc\u00edch v&nbsp;pom\u011bru 1:4 budou hr\u00e1\u010di na\u0161eho \u201eA\u201c mu\u017estva hostit celek Kr\u00e1sn\u00fdch Lou\u010dek, kter\u00fd je bodov\u011b na tom stejn\u011b jako n\u00e1\u0161 celek. Na\u0161e mu\u017estvo m\u00e1 v\u0161ak k&nbsp;dobru utk\u00e1n\u00ed s&nbsp;Old\u0159i\u0161ovem.<\/span><\/p>\n<p style=\"text-align: justify;\"><span style=\"font-family: arial, helvetica, sans-serif; font-size: 12pt;\">K&nbsp;utk\u00e1n\u00ed s&nbsp;na\u0161\u00edm celkem jdou Kr\u00e1sn\u00e9 Lou\u010dky po dom\u00e1c\u00ed s Velk\u00fdmi Heralticemi. V&nbsp;sou\u010dasn\u00e9 dob\u011b\u011b se mu\u017estvo Kr\u00e1sn\u00fdch Lou\u010dek nach\u00e1z\u00ed na 12. m\u00edst\u011b se \u010dty\u0159mi body, kdy\u017e jednou vyhr\u00e1lo, jednou remizovalo a ve t\u0159ech p\u0159\u00edpadech bylo pora\u017eeno. Venku zat\u00edm hr\u00e1l n\u00e1\u0161 p\u0159\u00ed\u0161t\u00ed soupe\u0159 dv\u011b utk\u00e1n\u00ed a to na h\u0159i\u0161ti mu\u017estva Hlubiny 2:2. a na h\u0159i\u0161ti Old\u0159i\u0161ova 0:1. V tomto utk\u00e1n\u00ed se bude jednat o souboj dvou sousedn\u00edch mu\u017estev v&nbsp;tabulce I. A t\u0159\u00eddy a i kdy\u017e se zd\u00e1, \u017ee v&nbsp;dom\u00e1c\u00edm prost\u0159ed\u00ed jsme favority, nesm\u00edme tohoto soupe\u0159e podcenit a m\u011bli bychom od\u010dinit por\u00e1\u017eku z&nbsp;Mokr\u00fdch Lazc\u016f.<\/span><\/p>\n<p style=\"text-align: justify;\"><span style=\"font-family: arial, helvetica, sans-serif; font-size: 12pt;\"><strong>V\u00e1\u017een\u00ed fotbalov\u00ed fanou\u0161ci, zveme v\u00e1s na utk\u00e1n\u00ed krajsk\u00e9 sout\u011b\u017ee I. A t\u0159\u00eddy<\/strong> <strong>TJ Sokol Kobe\u0159ice &#8211; Kr\u00e1sn\u00e9 Lou\u010dky, kter\u00e9 se bude hr\u00e1t v&nbsp;ned\u011bli 17. z\u00e1\u0159\u00ed 2017 od 16:00 hodin<\/strong>. P\u0159ij\u010fte na\u0161e fotbalisty v&nbsp;hojn\u00e9m po\u010dtu povzbudit a pomoci k&nbsp;v\u00edt\u011bzstv\u00ed na\u0161ich barev.<\/span><\/p>\n<p style=\"text-align: justify;\"><span style=\"font-family: arial, helvetica, sans-serif; font-size: 12pt;\"><strong><u>Pogram krajsk\u00e9 sout\u011b\u017ee I.A t\u0159\u00eddy na tento a p\u0159\u00ed\u0161t\u00ed t\u00fdden<\/u><\/strong><\/span><\/p>\n<table width=\"588\">\n<tbody>\n<tr>\n<td width=\"294\"><span style=\"font-family: arial, helvetica, sans-serif; font-size: 12pt;\">Hlubina &#8211; V\u00edtkov<\/span><\/td>\n<td width=\"294\"><span style=\"font-family: arial, helvetica, sans-serif; font-size: 12pt;\">Jakub\u010dovice &#8211; Mokr\u00e9 Lazce<\/span><\/td>\n<\/tr>\n<tr>\n<td width=\"294\"><span style=\"font-family: arial, helvetica, sans-serif; font-size: 12pt;\">Chlebi\u010dov &#8211; Mokr\u00e9 Lazce<\/span><\/td>\n<td width=\"294\"><span style=\"font-family: arial, helvetica, sans-serif; font-size: 12pt;\">Kr\u00e1sn\u00e9 Lou\u010dky &#8211; Chlebi\u010dov<\/span><\/td>\n<\/tr>\n<tr>\n<td width=\"294\"><span style=\"font-family: arial, helvetica, sans-serif; font-size: 12pt;\">Velk\u00e9 Heraltice &#8211; Bolatice<\/span><\/td>\n<td width=\"294\"><span style=\"font-family: arial, helvetica, sans-serif; font-size: 12pt;\">Ludge\u0159ovice &#8211; Old\u0159i\u0161ov<\/span><\/td>\n<\/tr>\n<tr>\n<td width=\"294\"><span style=\"font-family: arial, helvetica, sans-serif; font-size: 12pt;\"><strong>Kobe\u0159ice<\/strong><strong> &#8211; Kr\u00e1sn\u00e9 Lou\u010dky <\/strong><\/span><\/td>\n<td width=\"294\"><span style=\"font-family: arial, helvetica, sans-serif; font-size: 12pt;\">V\u00edtkov &#8211; Krava\u0159e<\/span><\/td>\n<\/tr>\n<tr>\n<td width=\"294\"><span style=\"font-family: arial, helvetica, sans-serif; font-size: 12pt;\">Krava\u0159e &#8211; Ludge\u0159ovice<\/span><\/td>\n<td width=\"294\"><span style=\"font-family: arial, helvetica, sans-serif; font-size: 12pt;\">Slavkov &#8211; Hlubina<\/span><\/td>\n<\/tr>\n<tr>\n<td width=\"294\"><span style=\"font-family: arial, helvetica, sans-serif; font-size: 12pt;\">Old\u0159i\u0161ov &#8211; Darkovi\u010dky<\/span><\/td>\n<td width=\"294\"><span style=\"font-family: arial, helvetica, sans-serif; font-size: 12pt;\"><strong>Bolatice<\/strong> &#8211; <strong>Kobe\u0159ice<\/strong><\/span><\/td>\n<\/tr>\n<tr>\n<td width=\"294\"><span style=\"font-family: arial, helvetica, sans-serif; font-size: 12pt;\">Slavkov &#8211; Jakub\u010dovice<\/span><\/td>\n<td width=\"294\"><span style=\"font-family: arial, helvetica, sans-serif; font-size: 12pt;\">Darkovi\u010dky &#8211; Velk\u00e9 Heraltice<\/span><\/td>\n<\/tr>\n<\/tbody>\n<\/table>\n<p style=\"text-align: justify;\">&nbsp;<\/p>\n<p style=\"text-align: justify;\"><span style=\"font-family: arial, helvetica, sans-serif; font-size: 14pt;\"><strong>&nbsp;<\/strong><strong>Mu\u017ei \u201eB\u201c budou hr\u00e1t v&nbsp;B\u0159ezov\u00e9<\/strong><\/span><\/p>\n<p style=\"text-align: justify;\"><span style=\"font-family: arial, helvetica, sans-serif; font-size: 12pt;\">Po dom\u00e1c\u00ed proh\u0159e &nbsp;se St\u011bbo\u0159icemi &nbsp;sehraj\u00ed na\u0161i mu\u017ei \u201eB\u201c utk\u00e1n\u00ed v B\u0159ezov\u00e9, kter\u00e1 je v&nbsp;sou\u010dasn\u00e9 dob\u011b na 8. m\u00edst\u011b okresn\u00edho p\u0159eboru. V minul\u00e9m kole vyhr\u00e1la na h\u0159i\u0161ti Otic 2:1. Bylo to jejich t\u0159et\u00ed v\u00edt\u011bzstv\u00ed vleto\u0161n\u00edm ro\u010dn\u00edku sout\u011b\u017ee okresn\u00edho p\u0159eboru.<\/span><\/p>\n<p style=\"text-align: justify;\"><span style=\"font-family: arial, helvetica, sans-serif; font-size: 12pt;\">Na\u0161i hr\u00e1\u010di jsou na m\u00edst\u011b \u010dtvrt\u00e9m, kdy\u017e zat\u00edm vyhr\u00e1li \u010dty\u0159i utk\u00e1n\u00ed a do utk\u00e1n\u00ed s&nbsp;B\u0159ezovou jdou po vysok\u00e9 dom\u00e1c\u00ed por\u00e1\u017ece se St\u011bbo\u0159icemi v&nbsp;pom\u011bru 0:3.<\/span><\/p>\n<p style=\"text-align: justify;\"><span style=\"font-family: arial, helvetica, sans-serif; font-size: 12pt;\"><strong>Utk\u00e1n\u00ed okresn\u00edho p\u0159eboru B\u0159ezov\u00e1 &#8211; Kobe\u0159ice \u201eB\u201c se bude hr\u00e1t v&nbsp;sobotu 16. z\u00e1\u0159\u00ed 2017 od 16:00 hodin. Zveme v\u0161echny p\u0159\u00edznivce na\u0161eho \u201eB\u201c mu\u017estva.<\/strong><\/span><\/p>\n<p style=\"text-align: justify;\"><span style=\"font-family: arial, helvetica, sans-serif; font-size: 12pt;\"><strong><u>Program okresn\u00edho p\u0159eboru na tento a p\u0159\u00ed\u0161t\u00ed t\u00fdden <\/u><\/strong><\/span><\/p>\n<table width=\"550\">\n<tbody>\n<tr>\n<td width=\"275\"><span style=\"font-family: arial, helvetica, sans-serif; font-size: 12pt;\">St\u011bbo\u0159ice &#8211; V\u0159esina<\/span><\/td>\n<td width=\"275\"><span style=\"font-family: arial, helvetica, sans-serif; font-size: 12pt;\">Hlavnice &#8211; Hn\u011bvo\u0161ice<\/span><\/td>\n<\/tr>\n<tr>\n<td width=\"275\"><span style=\"font-family: arial, helvetica, sans-serif; font-size: 12pt;\"><strong>B\u0159ezov\u00e1<\/strong> &#8211; <strong>Kobe\u0159ice &#8222;B&#8220;<\/strong><\/span><\/td>\n<td width=\"275\"><span style=\"font-family: arial, helvetica, sans-serif; font-size: 12pt;\">Dobroslavice &#8211; \u0160t\u00edtina<\/span><\/td>\n<\/tr>\n<tr>\n<td width=\"275\"><span style=\"font-family: arial, helvetica, sans-serif; font-size: 12pt;\">\u0160t\u00edtina &#8211; Hn\u011bvo\u0161ice<\/span><\/td>\n<td width=\"275\"><span style=\"font-family: arial, helvetica, sans-serif; font-size: 12pt;\">Jakartovice &#8211; Budi\u0161ov nad Budi\u0161ovkou<\/span><\/td>\n<\/tr>\n<tr>\n<td width=\"275\"><span style=\"font-family: arial, helvetica, sans-serif; font-size: 12pt;\">Slavia Opava &#8211; Jakartovice<\/span><\/td>\n<td width=\"275\"><span style=\"font-family: arial, helvetica, sans-serif; font-size: 12pt;\">Otice &#8211; Slavia Opava<\/span><\/td>\n<\/tr>\n<tr>\n<td width=\"275\"><span style=\"font-family: arial, helvetica, sans-serif; font-size: 12pt;\">Doln\u00ed \u017divotice &#8211; Hlavnice<\/span><\/td>\n<td width=\"275\"><span style=\"font-family: arial, helvetica, sans-serif; font-size: 12pt;\">V\u0159esina &#8211; B\u0159ezov\u00e1<\/span><\/td>\n<\/tr>\n<tr>\n<td width=\"275\"><span style=\"font-family: arial, helvetica, sans-serif; font-size: 12pt;\">Budi\u0161ov nad Budi\u0161ovkou &#8211; Dobroslavice<\/span><\/td>\n<td width=\"275\"><span style=\"font-family: arial, helvetica, sans-serif; font-size: 12pt;\">Doln\u00ed \u017divotice &#8211; St\u011bbo\u0159ice<\/span><\/td>\n<\/tr>\n<tr>\n<td width=\"275\"><span style=\"font-family: arial, helvetica, sans-serif; font-size: 12pt;\">Litultovice &#8211; Otice<\/span><\/td>\n<td width=\"275\"><span style=\"font-family: arial, helvetica, sans-serif; font-size: 12pt;\"><strong>Kobe\u0159ice &#8222;B&#8220;<\/strong> &#8211; <strong>Litultovice<\/strong><\/span><\/td>\n<\/tr>\n<\/tbody>\n<\/table>\n<p style=\"text-align: justify;\">&nbsp;<\/p>\n<p style=\"text-align: justify;\"><span style=\"font-family: arial, helvetica, sans-serif; font-size: 14pt;\"><strong>Dorostenci budou hr\u00e1t v&nbsp;dom\u00e1c\u00edm prost\u0159ed\u00ed s&nbsp;Ostravou-Jih<\/strong><\/span><\/p>\n<p style=\"text-align: justify;\"><span style=\"font-family: arial, helvetica, sans-serif; font-size: 12pt;\">V&nbsp;dal\u0161\u00edm utk\u00e1n\u00ed budou hr\u00e1t dorostenci Kobe\u0159ic v&nbsp;dom\u00e1c\u00edm prost\u0159ed\u00ed, kde budou hostit celek Ostravy\u2013Jih. Tento t\u00fdm se nach\u00e1z\u00ed v&nbsp;sou\u010dasn\u00e9 dob\u011b na t\u0159et\u00edm m\u00edst\u011b tabulky.&nbsp; Na h\u0159i\u0161t\u00edch soupe\u0159\u016f hr\u00e1la Ostrava-Jih zat\u00edm t\u0159i utk\u00e1n\u00ed, kdy\u017e dvakr\u00e1t vyhr\u00e1la a jednou remizovala. Venku zat\u00edm neprohr\u00e1la.<\/span><\/p>\n<p style=\"text-align: justify;\"><span style=\"font-family: arial, helvetica, sans-serif; font-size: 12pt;\">Na\u0161i jsou na vedouc\u00ed pozici bez zr\u00e1ty jedin\u00e9ho bodu a tak bude velmi zaj\u00edmav\u00e9 sledovat tento souboj. A v\u011b\u0159me, \u017ee pro na\u0161e dorostence skon\u010d\u00ed i tentokr\u00e1t v\u00edt\u011bzn\u011b.<\/span><\/p>\n<p style=\"text-align: justify;\"><span style=\"font-family: arial, helvetica, sans-serif; font-size: 12pt;\"><strong>Utk\u00e1n\u00ed krajsk\u00e9 sout\u011b\u017ee Kobe\u0159ice &#8211; Ostrava-Jih se bude hr\u00e1t jako p\u0159edz\u00e1pas hlavn\u00edho utk\u00e1n\u00ed v&nbsp;ned\u011bli 17. z\u00e1\u0159\u00ed 2017 od 13.45 hodin<\/strong>. Zveme v\u0161echny p\u0159\u00edznivce na\u0161eho dorostu.<\/span><\/p>\n<p style=\"text-align: justify;\"><span style=\"font-family: arial, helvetica, sans-serif; font-size: 12pt;\"><strong><u>Program krajsk\u00e9 sout\u011b\u017ee dorostu<\/u><\/strong><\/span><\/p>\n<table width=\"672\">\n<tbody>\n<tr>\n<td width=\"351\"><span style=\"font-family: arial, helvetica, sans-serif; font-size: 12pt;\">Polanka &#8211; Svinov<\/span><\/td>\n<td width=\"321\"><span style=\"font-family: arial, helvetica, sans-serif; font-size: 12pt;\">Polanka &#8211; Hradec nad Moravic\u00ed<\/span><\/td>\n<\/tr>\n<tr>\n<td width=\"351\"><span style=\"font-family: arial, helvetica, sans-serif; font-size: 12pt;\">He\u0159manice &#8211; Darkovi\u010dky<\/span><\/td>\n<td width=\"321\"><span style=\"font-family: arial, helvetica, sans-serif; font-size: 12pt;\">Fulnek &#8211; R\u00fdma\u0159ov<\/span><\/td>\n<\/tr>\n<tr>\n<td width=\"351\"><span style=\"font-family: arial, helvetica, sans-serif; font-size: 12pt;\">Stud\u00e9nka &#8211; Fulnek<\/span><\/td>\n<td width=\"321\"><span style=\"font-family: arial, helvetica, sans-serif; font-size: 12pt;\"><strong>Doln\u00ed Lhota<\/strong> &#8211; <strong>Kobe\u0159ice<\/strong><\/span><\/td>\n<\/tr>\n<tr>\n<td width=\"351\"><span style=\"font-family: arial, helvetica, sans-serif; font-size: 12pt;\">R\u00fdma\u0159ov &#8211; Doln\u00ed Lhota<\/span><\/td>\n<td width=\"321\"><span style=\"font-family: arial, helvetica, sans-serif; font-size: 12pt;\">Svinov &#8211; Klimkovice<\/span><\/td>\n<\/tr>\n<tr>\n<td width=\"351\"><span style=\"font-family: arial, helvetica, sans-serif; font-size: 12pt;\"><strong>Kobe\u0159ice<\/strong><strong> &#8211; Ostrava &#8211; Jih <\/strong><\/span><\/td>\n<td width=\"321\"><span style=\"font-family: arial, helvetica, sans-serif; font-size: 12pt;\">Ostrava &#8211; Jih &#8211; Horn\u00ed Bene\u0161ov<\/span><\/td>\n<\/tr>\n<tr>\n<td width=\"351\"><span style=\"font-family: arial, helvetica, sans-serif; font-size: 12pt;\">Doln\u00ed Bene\u0161ov &#8211; Zlatn\u00edky<\/span><\/td>\n<td width=\"321\"><span style=\"font-family: arial, helvetica, sans-serif; font-size: 12pt;\">V\u00edtkov &#8211; Doln\u00ed Bene\u0161ov<\/span><\/td>\n<\/tr>\n<tr>\n<td width=\"351\"><span style=\"font-family: arial, helvetica, sans-serif; font-size: 12pt;\">Horn\u00ed Bene\u0161ov &#8211; Klimkovice<\/span><\/td>\n<td width=\"321\"><span style=\"font-family: arial, helvetica, sans-serif; font-size: 12pt;\">Darkovi\u010dky &#8211; Stud\u00e9nka<\/span><\/td>\n<\/tr>\n<tr>\n<td width=\"351\"><span style=\"font-family: arial, helvetica, sans-serif; font-size: 12pt;\">Hradec nad Moravic\u00ed &#8211; V\u00edtkov<\/span><\/td>\n<td width=\"321\"><span style=\"font-family: arial, helvetica, sans-serif; font-size: 12pt;\">Zlatn\u00edky &#8211; He\u0159manice<\/span><\/td>\n<\/tr>\n<\/tbody>\n<\/table>\n<p style=\"text-align: justify;\">&nbsp;<\/p>\n<p style=\"text-align: justify;\"><span style=\"font-family: arial, helvetica, sans-serif; font-size: 12pt;\"><span style=\"font-size: 14pt;\"><strong>P\u0159\u00ed\u0161t\u00ed utk\u00e1n\u00ed sehraj\u00ed na\u0161i star\u0161\u00ed a mlad\u0161\u00ed \u017e\u00e1ci v&nbsp;ned\u011bli 17. z\u00e1\u0159\u00ed venku s&nbsp;Juventusem Brunt\u00e1l &nbsp;od 9:00 a 10:45 hodin. Odjezd bude od 7:00 hodin.<\/strong> <\/span>&nbsp;V\u00e1\u017een\u00ed fotbalov\u00ed fanou\u0161ci p\u0159ije\u010fte v&nbsp;hojn\u00e9m po\u010dtu povzbudit na\u0161e \u017e\u00e1kovsk\u00e1 mu\u017estva.<\/span><\/p>\n","protected":false},"excerpt":{"rendered":"<p>Hr\u00e1\u010di \u201eA\u201c mu\u017estva host\u00ed v ned\u011bli Kr\u00e1sn\u00e9 Lou\u010dky Po vysok\u00e9 proh\u0159e v&nbsp;Mokr\u00fdch Lazc\u00edch v&nbsp;pom\u011bru 1:4 budou hr\u00e1\u010di na\u0161eho \u201eA\u201c mu\u017estva hostit celek Kr\u00e1sn\u00fdch Lou\u010dek, kter\u00fd je<span class=\"excerpt-hellip\"> [\u2026]<\/span><\/p>\n","protected":false},"author":3,"featured_media":1883,"comment_status":"closed","ping_status":"open","sticky":false,"template":"","format":"standard","meta":{"ngg_post_thumbnail":0,"footnotes":""},"categories":[115,112,110,107,117,103,111,150,102],"tags":[],"class_list":["post-4368","post","type-post","status-publish","format-standard","has-post-thumbnail","hentry","category-a-tym","category-b-tym","category-dorost","category-fotbal","category-mladsi-zaci","category-pozvanky","category-starsi-zaci","category-vse","category-zapasy"],"_links":{"self":[{"href":"https:\/\/tjsokolkoberice.cz\/index.php?rest_route=\/wp\/v2\/posts\/4368","targetHints":{"allow":["GET"]}}],"collection":[{"href":"https:\/\/tjsokolkoberice.cz\/index.php?rest_route=\/wp\/v2\/posts"}],"about":[{"href":"https:\/\/tjsokolkoberice.cz\/index.php?rest_route=\/wp\/v2\/types\/post"}],"author":[{"embeddable":true,"href":"https:\/\/tjsokolkoberice.cz\/index.php?rest_route=\/wp\/v2\/users\/3"}],"replies":[{"embeddable":true,"href":"https:\/\/tjsokolkoberice.cz\/index.php?rest_route=%2Fwp%2Fv2%2Fcomments&post=4368"}],"version-history":[{"count":1,"href":"https:\/\/tjsokolkoberice.cz\/index.php?rest_route=\/wp\/v2\/posts\/4368\/revisions"}],"predecessor-version":[{"id":4369,"href":"https:\/\/tjsokolkoberice.cz\/index.php?rest_route=\/wp\/v2\/posts\/4368\/revisions\/4369"}],"wp:featuredmedia":[{"embeddable":true,"href":"https:\/\/tjsokolkoberice.cz\/index.php?rest_route=\/wp\/v2\/media\/1883"}],"wp:attachment":[{"href":"https:\/\/tjsokolkoberice.cz\/index.php?rest_route=%2Fwp%2Fv2%2Fmedia&parent=4368"}],"wp:term":[{"taxonomy":"category","embeddable":true,"href":"https:\/\/tjsokolkoberice.cz\/index.php?rest_route=%2Fwp%2Fv2%2Fcategories&post=4368"},{"taxonomy":"post_tag","embeddable":true,"href":"https:\/\/tjsokolkoberice.cz\/index.php?rest_route=%2Fwp%2Fv2%2Ftags&post=4368"}],"curies":[{"name":"wp","href":"https:\/\/api.w.org\/{rel}","templated":true}]}}