{"id":4406,"date":"2017-09-29T18:53:55","date_gmt":"2017-09-29T17:53:55","guid":{"rendered":"https:\/\/tjsokolkoberice.cz\/?p=4406"},"modified":"2025-10-14T11:55:44","modified_gmt":"2025-10-14T10:55:44","slug":"vikendovy-program-nasich-muzstev-29","status":"publish","type":"post","link":"https:\/\/tjsokolkoberice.cz\/?p=4406","title":{"rendered":"V\u00edkendov\u00fd program na\u0161ich mu\u017estev\u00a0"},"content":{"rendered":"<p style=\"text-align: justify;\"><span style=\"font-family: arial, helvetica, sans-serif; font-size: 14pt;\"><strong>Mu\u017ei A host\u00ed v&nbsp;dom\u00e1c\u00edm prost\u0159ed\u00ed Darkovi\u010dky<\/strong><\/span><\/p>\n<p style=\"text-align: justify;\"><span style=\"font-family: arial, helvetica, sans-serif; font-size: 12pt;\">Mu\u017estvo Darovi\u010dek k&nbsp;n\u00e1m p\u0159ij\u00ed\u017ed\u00ed po dom\u00e1c\u00ed t\u011bsn\u00e9 proh\u0159e 0:1 s&nbsp;nov\u00e1\u010dkem sout\u011b\u017ee z Velk\u00fdch Heraltic. Celkov\u011b se nach\u00e1z\u00ed na 6. m\u00edst\u011b se ziskem jeden\u00e1cti bod\u016f za t\u0159i v\u00edt\u011bzstv\u00ed a dv\u011b rem\u00edzy p\u0159i sk\u00f3re 7:6. Venku sehr\u00e1li host\u00e9 t\u0159i utk\u00e1n\u00ed, kdy\u017e shodn\u011b jednou vyhr\u00e1li, jednou remizovali a jednou byli pora\u017eeni.<\/span><\/p>\n<p style=\"text-align: justify;\"><span style=\"font-family: arial, helvetica, sans-serif; font-size: 12pt;\">Na\u0161i se po st\u0159ede\u010dn\u00ed dohr\u00e1vce s&nbsp;Old\u0159i\u0161ovem nach\u00e1zej\u00ed na 5. m\u00edst\u011b se ziskem 11 bod\u016f za t\u0159i v\u00edt\u011bzstv\u00ed a 2 rem\u00edzy p\u0159i sk\u00f3re 18:13. Prohr\u00e1li jsme dvakr\u00e1t a to venku v&nbsp;Mokr\u00fdch Lazc\u00edch a v&nbsp;Jakub\u010dovic\u00edh.<\/span><\/p>\n<p style=\"text-align: justify;\"><span style=\"font-family: arial, helvetica, sans-serif; font-size: 12pt;\">V\u011b\u0159me, \u017ee v&nbsp;utk\u00e1n\u00ed s&nbsp;Darkovi\u010dkami budou hr\u00e1t na\u0161i fotbalist\u00e9 v&nbsp;dobr\u00e9 pohod\u011b a utk\u00e1n\u00ed dovedou do v\u00edt\u011bzn\u00e9ho konce.<\/span><\/p>\n<p style=\"text-align: justify;\"><span style=\"font-family: arial, helvetica, sans-serif; font-size: 12pt;\"><strong>Utk\u00e1n\u00ed Kobe\u0159ice \u2013 Darkovi\u010dky se odehraje v&nbsp;ned\u011bli 1.10.2017 od 15:30.&nbsp; <\/strong><\/span><\/p>\n<p style=\"text-align: justify;\"><span style=\"font-family: arial, helvetica, sans-serif; font-size: 12pt;\"><strong><u>Program krajsk\u00e9 sout\u011b\u017ee I.A t\u0159\u00eddy <\/u><\/strong><\/span><\/p>\n<table width=\"294\">\n<tbody>\n<tr>\n<td width=\"294\"><span style=\"font-family: arial, helvetica, sans-serif; font-size: 12pt;\">Hlubina &#8211; Jakub\u010dovice<\/span><\/td>\n<\/tr>\n<tr>\n<td width=\"294\"><span style=\"font-family: arial, helvetica, sans-serif; font-size: 12pt;\">Velk\u00e9 Heraltice &#8211; Ludge\u0159ovice<\/span><\/td>\n<\/tr>\n<tr>\n<td width=\"294\"><span style=\"font-family: arial, helvetica, sans-serif; font-size: 12pt;\">Chlebi\u010dov &#8211; Bolatice<\/span><\/td>\n<\/tr>\n<tr>\n<td width=\"294\"><span style=\"font-family: arial, helvetica, sans-serif; font-size: 12pt;\">Mokr\u00e9 Lazce &#8211; Kr\u00e1sn\u00e9 Lou\u010dky<\/span><\/td>\n<\/tr>\n<tr>\n<td width=\"294\"><span style=\"font-family: arial, helvetica, sans-serif; font-size: 12pt;\"><strong>Kobe\u0159ice<\/strong><strong> &#8211; Darkovi\u010dky <\/strong><\/span><\/td>\n<\/tr>\n<tr>\n<td width=\"294\"><span style=\"font-family: arial, helvetica, sans-serif; font-size: 12pt;\">Krava\u0159e &#8211; Slavkov<\/span><\/td>\n<\/tr>\n<tr>\n<td width=\"294\"><span style=\"font-family: arial, helvetica, sans-serif; font-size: 12pt;\">Old\u0159i\u0161ov &#8211; V\u00edtkov<\/span><\/td>\n<\/tr>\n<\/tbody>\n<\/table>\n<p style=\"text-align: justify;\"><span style=\"font-family: arial, helvetica, sans-serif; font-size: 12pt;\"><strong>&nbsp;<\/strong><\/span><\/p>\n<p style=\"text-align: justify;\"><span style=\"font-family: arial, helvetica, sans-serif; font-size: 14pt;\"><strong>Mu\u017ei B budou hr\u00e1t se Slavii Opava<\/strong><\/span><\/p>\n<p style=\"text-align: justify;\"><span style=\"font-family: arial, helvetica, sans-serif; font-size: 12pt;\">Po t\u00fddnu volna budou na\u0161i fotbalist\u00e9 \u201eB\u201c mu\u017estva hr\u00e1t na h\u0159i\u0161ti Slavie Opava, kter\u00e1 je v&nbsp;sou\u010dasn\u00e9 dob\u011b na 6. m\u00edst\u011b s&nbsp;dvan\u00e1cti body. Vyhr\u00e1la 4x a 3x remizovala. Soupe\u0159\u016fm vs\u00edtila 21 a obdr\u017eela 15 branek. Doma sehr\u00e1la t\u0159i utk\u00e1n\u00ed, z&nbsp;nich\u017e jednou vyhr\u00e1la a 2x prohr\u00e1la.<\/span><\/p>\n<p style=\"text-align: justify;\"><span style=\"font-family: arial, helvetica, sans-serif; font-size: 12pt;\">Na\u0161i jsou na 4. m\u00edst\u011b se 13 body. Vyhr\u00e1li 4x, jednou remizovali a jednou prohr\u00e1li. Soupe\u0159\u016fm vs\u00edtili 12 a obdr\u017eeli 7 branek. Venku&nbsp; jsme hr\u00e1li dv\u011b utk\u00e1n\u00ed, kdy jsme 1x vyhr\u00e1li a 1x remizovali.<\/span><\/p>\n<p style=\"text-align: justify;\"><span style=\"font-family: arial, helvetica, sans-serif; font-size: 12pt;\">Utk\u00e1n\u00ed okresn\u00edho p\u0159eboru Slavia Opava &#8211; Kobe\u0159ice \u201eB\u201cse bude hr\u00e1t v&nbsp;sobotu 30. z\u00e1\u0159\u00ed od 15:30 hodin. Zveme na v\u0161echny p\u0159\u00edznivce \u201eB\u201c mu\u017estva.<\/span><\/p>\n<p style=\"text-align: justify;\">&nbsp;<\/p>\n<p style=\"text-align: justify;\"><span style=\"font-family: arial, helvetica, sans-serif; font-size: 12pt;\"><strong><u>Program okresn\u00edho p\u0159eboru na tento a p\u0159\u00ed\u0161t\u00ed t\u00fdden <\/u><\/strong><\/span><\/p>\n<table width=\"550\">\n<tbody>\n<tr>\n<td width=\"275\"><span style=\"font-family: arial, helvetica, sans-serif; font-size: 12pt;\">St\u011bbo\u0159ice &#8211; Hlavnice<\/span><\/td>\n<td width=\"275\"><span style=\"font-family: arial, helvetica, sans-serif; font-size: 12pt;\">Hlavnice &#8211; Dobroslavice<\/span><\/td>\n<\/tr>\n<tr>\n<td width=\"275\"><span style=\"font-family: arial, helvetica, sans-serif; font-size: 12pt;\">B\u0159ezov\u00e1 &#8211; Doln\u00ed \u017divotice<\/span><\/td>\n<td width=\"275\"><span style=\"font-family: arial, helvetica, sans-serif; font-size: 12pt;\">Jakartovice &#8211; Hn\u011bvo\u0161ice<\/span><\/td>\n<\/tr>\n<tr>\n<td width=\"275\"><span style=\"font-family: arial, helvetica, sans-serif; font-size: 12pt;\">\u0160t\u00edtina &#8211; Jakartovice<\/span><\/td>\n<td width=\"275\"><span style=\"font-family: arial, helvetica, sans-serif; font-size: 12pt;\">Otice &#8211; \u0160t\u00edtina<\/span><\/td>\n<\/tr>\n<tr>\n<td width=\"275\"><span style=\"font-family: arial, helvetica, sans-serif; font-size: 12pt;\"><strong>Slavia Opava &#8211; Kobe\u0159ice &#8222;B&#8220; <\/strong><\/span><\/td>\n<td width=\"275\"><span style=\"font-family: arial, helvetica, sans-serif; font-size: 12pt;\"><strong>Kobe\u0159ice &#8222;B&#8220;<\/strong> &#8211; <strong>Budi\u0161ov nad Budi\u0161ovkou<\/strong><\/span><\/td>\n<\/tr>\n<tr>\n<td width=\"275\"><span style=\"font-family: arial, helvetica, sans-serif; font-size: 12pt;\">Budi\u0161ov nad Budi\u0161ovkou &#8211; Otice<\/span><\/td>\n<td width=\"275\"><span style=\"font-family: arial, helvetica, sans-serif; font-size: 12pt;\">Slavia Opava &#8211; V\u0159esina<\/span><\/td>\n<\/tr>\n<tr>\n<td width=\"275\"><span style=\"font-family: arial, helvetica, sans-serif; font-size: 12pt;\">Hn\u011bvo\u0161ice &#8211; Dobroslavice<\/span><\/td>\n<td width=\"275\"><span style=\"font-family: arial, helvetica, sans-serif; font-size: 12pt;\">St\u011bbo\u0159ice &#8211; B\u0159ezov\u00e1<\/span><\/td>\n<\/tr>\n<tr>\n<td width=\"275\"><span style=\"font-family: arial, helvetica, sans-serif; font-size: 12pt;\">Litultovice &#8211; V\u0159esina<\/span><\/td>\n<td width=\"275\"><span style=\"font-family: arial, helvetica, sans-serif; font-size: 12pt;\">Doln\u00ed \u017divotice &#8211; Litultovice<\/span><\/td>\n<\/tr>\n<\/tbody>\n<\/table>\n<p style=\"text-align: justify;\">&nbsp;<\/p>\n<p style=\"text-align: justify;\"><span style=\"font-family: arial, helvetica, sans-serif; font-size: 14pt;\"><strong>Dorostenci <\/strong><strong>host\u00ed v&nbsp;ned\u011bli <\/strong><strong>mu\u017estvo Fulneku <\/strong><\/span><\/p>\n<p style=\"text-align: justify;\"><span style=\"font-family: arial, helvetica, sans-serif; font-size: 12pt;\">Mu\u017estvo Fulneku k&nbsp;n\u00e1m p\u0159ij\u00ed\u017ed\u00ed jako 9. celek tabulky po dom\u00e1c\u00edm vysok\u00e9m v\u00edt\u011bzstv\u00ed 7:2 nad posledn\u00edm R\u00fdma\u0159ovem. Celkov\u011b host\u00e9 3x vyhr\u00e1li, 1x remizovali a v p\u011bti utk\u00e1n\u00edch ode\u0161li ze h\u0159i\u0161\u0165 jako pora\u017een\u00fd celek. Soupe\u0159\u016fm vs\u00edtili 30 a obdr\u017eeli 27 branek. Venku sehr\u00e1li 4 utk\u00e1n\u00ed, kdy\u017e jednou vyhr\u00e1li, jednou remizovali a 2x byli&nbsp; pora\u017eeni.<\/span><\/p>\n<p style=\"text-align: justify;\"><span style=\"font-family: arial, helvetica, sans-serif; font-size: 12pt;\">Na\u0161e mu\u017estvo si vede vskutku velice dob\u0159e, nebo\u0165 sout\u011b\u017e vede a to d\u00edky dev\u00edti v\u00edt\u011bzn\u00fdm utk\u00e1n\u00edm. Soupe\u0159\u016fm jsme vs\u00edtili 45 a obdr\u017eeli 10 branek. Na\u0161i dorostenci jsou zat\u00edm bez por\u00e1\u017eky a sout\u011b\u017e s&nbsp;p\u0159ehledem proj\u00ed\u017ed\u011bj\u00ed. Proto na\u0161i fotbalov\u00ed fanou\u0161ci v\u011b\u0159\u00ed, \u017ee i dne\u0161n\u00ed utk\u00e1n\u00ed dovedou do v\u00edt\u011bzn\u00e9ho konce.<\/span><\/p>\n<p style=\"text-align: justify;\"><span style=\"font-family: arial, helvetica, sans-serif; font-size: 12pt;\"><strong><u>Program krajsk\u00e9 sout\u011b\u017ee dorostu<\/u><\/strong><\/span><\/p>\n<table width=\"684\">\n<tbody>\n<tr>\n<td width=\"342\"><span style=\"font-family: arial, helvetica, sans-serif; font-size: 12pt;\">He\u0159manice &#8211; V\u00edtkov<\/span><\/td>\n<td width=\"342\"><span style=\"font-family: arial, helvetica, sans-serif; font-size: 12pt;\">Svinov &#8211; Ostrava &#8211; Jih<\/span><\/td>\n<\/tr>\n<tr>\n<td width=\"342\"><span style=\"font-family: arial, helvetica, sans-serif; font-size: 12pt;\">Klimkovice &#8211; Ostrava &#8211; Jih<\/span><\/td>\n<td width=\"342\"><span style=\"font-family: arial, helvetica, sans-serif; font-size: 12pt;\">Fulnek &#8211; Horn\u00ed Bene\u0161ov<\/span><\/td>\n<\/tr>\n<tr>\n<td width=\"342\"><span style=\"font-family: arial, helvetica, sans-serif; font-size: 12pt;\">Stud\u00e9nka &#8211; Zlatn\u00edky<\/span><\/td>\n<td width=\"342\"><span style=\"font-family: arial, helvetica, sans-serif; font-size: 12pt;\">Polanka &#8211; He\u0159manice<\/span><\/td>\n<\/tr>\n<tr>\n<td width=\"342\"><span style=\"font-family: arial, helvetica, sans-serif; font-size: 12pt;\">R\u00fdma\u0159ov &#8211; Darkovi\u010dky<\/span><\/td>\n<td width=\"342\"><span style=\"font-family: arial, helvetica, sans-serif; font-size: 12pt;\">Doln\u00ed Lhota &#8211; Klimkovice<\/span><\/td>\n<\/tr>\n<tr>\n<td width=\"342\"><span style=\"font-family: arial, helvetica, sans-serif; font-size: 12pt;\"><strong>Kobe\u0159ice<\/strong> &#8211; <strong>Fulnek<\/strong><\/span><\/td>\n<td width=\"342\"><span style=\"font-family: arial, helvetica, sans-serif; font-size: 12pt;\">V\u00edtkov &#8211; Stud\u00e9nka<\/span><\/td>\n<\/tr>\n<tr>\n<td width=\"342\"><span style=\"font-family: arial, helvetica, sans-serif; font-size: 12pt;\">Doln\u00ed Bene\u0161ov &#8211; Polanka<\/span><\/td>\n<td width=\"342\"><span style=\"font-family: arial, helvetica, sans-serif; font-size: 12pt;\"><strong>Darkovi\u010dky &#8211; Kobe\u0159ice <\/strong><\/span><\/td>\n<\/tr>\n<tr>\n<td width=\"342\"><span style=\"font-family: arial, helvetica, sans-serif; font-size: 12pt;\">Horn\u00ed Bene\u0161ov &#8211; Doln\u00ed Lhota<\/span><\/td>\n<td width=\"342\"><span style=\"font-family: arial, helvetica, sans-serif; font-size: 12pt;\">Zlatn\u00edky &#8211; R\u00fdma\u0159ov<\/span><\/td>\n<\/tr>\n<tr>\n<td width=\"342\"><span style=\"font-family: arial, helvetica, sans-serif; font-size: 12pt;\">Hradec nad Moravic\u00ed &#8211; Svinov<\/span><\/td>\n<td width=\"342\"><span style=\"font-family: arial, helvetica, sans-serif; font-size: 12pt;\">Hradec nad Moravic\u00ed &#8211; Doln\u00ed Bene\u0161ov<\/span><\/td>\n<\/tr>\n<\/tbody>\n<\/table>\n<p style=\"text-align: justify;\">&nbsp;<\/p>\n<p style=\"text-align: justify;\"><span style=\"font-family: arial, helvetica, sans-serif; font-size: 14pt;\"><strong>\u017d\u00e1ci se p\u0159edstav\u00ed v&nbsp;Budi\u0161ov\u011b<\/strong><\/span><\/p>\n<p style=\"text-align: justify;\"><span style=\"font-family: arial, helvetica, sans-serif; font-size: 12pt;\">P\u0159\u00ed\u0161t\u00ed utk\u00e1n\u00ed budou na\u0161i star\u0161\u00ed a mlad\u0161\u00ed \u017e\u00e1ci hr\u00e1t <strong>v&nbsp;ned\u011bli 1. \u0159\u00edjna&nbsp; 2017<\/strong> venku&nbsp;&nbsp; s&nbsp;Budi\u0161ovem nad Budi\u0161ovkou. <strong>Mlad\u0161\u00ed \u017e\u00e1ci startuj\u00ed od 10:00 a star\u0161\u00ed od 11:30 hodin<\/strong>. V\u00e1\u017een\u00ed fotbalov\u00ed fanou\u0161ci, p\u0159ije\u010fte v&nbsp;hojn\u00e9m po\u010dtu povzbudit na\u0161e \u017e\u00e1kovsk\u00e1 mu\u017estva.<\/span><\/p>\n","protected":false},"excerpt":{"rendered":"<p>Mu\u017ei A host\u00ed v&nbsp;dom\u00e1c\u00edm prost\u0159ed\u00ed Darkovi\u010dky Mu\u017estvo Darovi\u010dek k&nbsp;n\u00e1m p\u0159ij\u00ed\u017ed\u00ed po dom\u00e1c\u00ed t\u011bsn\u00e9 proh\u0159e 0:1 s&nbsp;nov\u00e1\u010dkem sout\u011b\u017ee z Velk\u00fdch Heraltic. Celkov\u011b se nach\u00e1z\u00ed na 6. m\u00edst\u011b<span class=\"excerpt-hellip\"> [\u2026]<\/span><\/p>\n","protected":false},"author":3,"featured_media":3370,"comment_status":"closed","ping_status":"open","sticky":false,"template":"","format":"standard","meta":{"ngg_post_thumbnail":0,"footnotes":""},"categories":[115,112,110,107,117,103,111,150,102],"tags":[],"class_list":["post-4406","post","type-post","status-publish","format-standard","has-post-thumbnail","hentry","category-a-tym","category-b-tym","category-dorost","category-fotbal","category-mladsi-zaci","category-pozvanky","category-starsi-zaci","category-vse","category-zapasy"],"_links":{"self":[{"href":"https:\/\/tjsokolkoberice.cz\/index.php?rest_route=\/wp\/v2\/posts\/4406","targetHints":{"allow":["GET"]}}],"collection":[{"href":"https:\/\/tjsokolkoberice.cz\/index.php?rest_route=\/wp\/v2\/posts"}],"about":[{"href":"https:\/\/tjsokolkoberice.cz\/index.php?rest_route=\/wp\/v2\/types\/post"}],"author":[{"embeddable":true,"href":"https:\/\/tjsokolkoberice.cz\/index.php?rest_route=\/wp\/v2\/users\/3"}],"replies":[{"embeddable":true,"href":"https:\/\/tjsokolkoberice.cz\/index.php?rest_route=%2Fwp%2Fv2%2Fcomments&post=4406"}],"version-history":[{"count":1,"href":"https:\/\/tjsokolkoberice.cz\/index.php?rest_route=\/wp\/v2\/posts\/4406\/revisions"}],"predecessor-version":[{"id":4407,"href":"https:\/\/tjsokolkoberice.cz\/index.php?rest_route=\/wp\/v2\/posts\/4406\/revisions\/4407"}],"wp:featuredmedia":[{"embeddable":true,"href":"https:\/\/tjsokolkoberice.cz\/index.php?rest_route=\/wp\/v2\/media\/3370"}],"wp:attachment":[{"href":"https:\/\/tjsokolkoberice.cz\/index.php?rest_route=%2Fwp%2Fv2%2Fmedia&parent=4406"}],"wp:term":[{"taxonomy":"category","embeddable":true,"href":"https:\/\/tjsokolkoberice.cz\/index.php?rest_route=%2Fwp%2Fv2%2Fcategories&post=4406"},{"taxonomy":"post_tag","embeddable":true,"href":"https:\/\/tjsokolkoberice.cz\/index.php?rest_route=%2Fwp%2Fv2%2Ftags&post=4406"}],"curies":[{"name":"wp","href":"https:\/\/api.w.org\/{rel}","templated":true}]}}