{"id":4590,"date":"2017-11-02T10:42:15","date_gmt":"2017-11-02T09:42:15","guid":{"rendered":"https:\/\/tjsokolkoberice.cz\/?p=4590"},"modified":"2025-10-14T11:55:31","modified_gmt":"2025-10-14T10:55:31","slug":"vikendovy-program-nasich-muzstev-33","status":"publish","type":"post","link":"https:\/\/tjsokolkoberice.cz\/?p=4590","title":{"rendered":"V\u00edkendov\u00fd program na\u0161ich mu\u017estev"},"content":{"rendered":"<p style=\"text-align: justify;\"><span style=\"font-size: 14pt;\"><strong><span style=\"font-family: arial, helvetica, sans-serif;\">Mu\u017ei \u201eA\u201c budou hr\u00e1t v&nbsp;ned\u011bli presti\u017en\u00ed utk\u00e1n\u00ed v Krava\u0159\u00edch<\/span><\/strong><\/span><\/p>\n<p style=\"text-align: justify;\"><span style=\"font-family: arial, helvetica, sans-serif; font-size: 12pt;\">V&nbsp;p\u0159edposledn\u00edm podzimn\u00edm utk\u00e1n\u00ed budou hr\u00e1t na\u0161i fotbalist\u00e9 \u201eA\u201c mu\u017estva velmi presti\u017en\u00ed a atraktivn\u00ed utk\u00e1n\u00ed s&nbsp;mu\u017estvem MFK Krava\u0159e. \u201eDerby\u201c utk\u00e1n\u00ed m\u00e1 v\u017edy sv\u016fj n\u00e1boj a dynamiku, nebo\u0165 se jedn\u00e1 o dv\u011b skoro soused\u00edc\u00ed obce.<\/span><\/p>\n<p style=\"text-align: justify;\"><span style=\"font-family: arial, helvetica, sans-serif; font-size: 12pt;\">Mu\u017estvo MFK Krava\u0159e nastupuje k&nbsp;utk\u00e1n\u00ed s&nbsp;n\u00e1mi jako osm\u00e9 mu\u017estvo tabulky, kdy\u017e vyhr\u00e1lo \u010dty\u0159i utk\u00e1n\u00ed, dv\u011b remizovalo a \u010dty\u0159i prohr\u00e1lo p\u0159i sk\u00f3re 28:13. V&nbsp;dom\u00e1c\u00edm prost\u0159ed\u00ed Krava\u0159e 3x vyhr\u00e1ly, jednou remizovaly a jednou byly pora\u017eeny.<\/span><\/p>\n<p style=\"text-align: justify;\"><span style=\"font-family: arial, helvetica, sans-serif; font-size: 12pt;\">Na\u0161im fotbalist\u016fm pat\u0159\u00ed v&nbsp;tabulce I. A t\u0159\u00eddy druh\u00e1 p\u0159\u00ed\u010dka s&nbsp;jednobodovou ztr\u00e1tou na vedouc\u00ed Hlubinu. Dosud jsme vyhr\u00e1li 6 utk\u00e1n\u00ed, 3x remizovali a ve dvou utk\u00e1n\u00edch bylo na\u0161e mu\u017estvo pora\u017eeno. Soupe\u0159\u016fm jsme vs\u00edtili 28 a obdr\u017eeli 19 branek. Na h\u0159i\u0161t\u00edch soupe\u0159\u016f jsme hr\u00e1li 5 utk\u00e1n\u00ed, ve kter\u00fdch jsme jednou vyhr\u00e1li, 2x remizovali a dvakr\u00e1t prohr\u00e1li. Utk\u00e1n\u00ed s&nbsp;mu\u017estvem Krava\u0159 bude m\u00edt jist\u011b dobrou div\u00e1ckou kulisu, kter\u00e1 p\u0159it\u00e1hne spoustu div\u00e1k\u016f tak\u00e9 z&nbsp;jin\u00fdch obc\u00ed. Na\u0161i borci by proto m\u011bli p\u0159istupovat zodpov\u011bdn\u011b a nic neponechat n\u00e1hod\u011b, proto\u017ee nejde jen o body do tabulky, ale i o zdrav\u00e9 sout\u011b\u017een\u00ed mezi skoro soused\u00edc\u00edmi obcemi.<\/span><\/p>\n<p style=\"text-align: justify;\"><span style=\"font-family: arial, helvetica, sans-serif; font-size: 12pt;\">V\u00e1\u017een\u00ed fotbalov\u00ed p\u0159\u00edznivci, zveme v\u00e1s na utk\u00e1n\u00ed krajsk\u00e9 sout\u011b\u017ee I. A t\u0159\u00eddy MFK Krava\u0159e \u2013TJ Sokol Kobe\u0159ice, kter\u00e9 se bude hr\u00e1t <strong>v&nbsp;ned\u011bli 5. listopadu od 14:00 hodin<\/strong>. Odjezd autobusu bude ve 12:45 hodin. P\u0159ije\u010fte v&nbsp;hojn\u00e9m po\u010dtu povzbudit na\u0161e fotbalisty a t\u00edm dopomoci k na\u0161emu v\u00edt\u011bzstv\u00ed. Tak\u017ee Kobe\u0159ice do toho!!!<\/span><\/p>\n<p style=\"text-align: justify;\"><span style=\"font-size: 12pt;\"><strong><span style=\"font-family: arial, helvetica, sans-serif;\"><u>Program krajsk\u00e9 sout\u011b\u017ee I.A t\u0159\u00eddy<\/u><\/span><\/strong><\/span><\/p>\n<table width=\"294\">\n<tbody>\n<tr>\n<td width=\"294\"><span style=\"font-family: arial, helvetica, sans-serif; font-size: 12pt;\">Ludge\u0159ovice &#8211; Bolatice<\/span><\/td>\n<\/tr>\n<tr>\n<td width=\"294\"><span style=\"font-family: arial, helvetica, sans-serif; font-size: 12pt;\">V\u00edtkov &#8211; Kr\u00e1sn\u00e9 Lou\u010dky<\/span><\/td>\n<\/tr>\n<tr>\n<td width=\"294\"><span style=\"font-family: arial, helvetica, sans-serif; font-size: 12pt;\">Hlubina &#8211; Chlebi\u010dov<\/span><\/td>\n<\/tr>\n<tr>\n<td width=\"294\"><span style=\"font-family: arial, helvetica, sans-serif; font-size: 12pt;\">Krava\u0159e &#8211; Kobe\u0159ice<\/span><\/td>\n<\/tr>\n<tr>\n<td width=\"294\"><span style=\"font-family: arial, helvetica, sans-serif; font-size: 12pt;\">Old\u0159i\u0161ov &#8211; Velk\u00e9 Heraltice<\/span><\/td>\n<\/tr>\n<tr>\n<td width=\"294\"><span style=\"font-family: arial, helvetica, sans-serif; font-size: 12pt;\">Slavkov &#8211; Mokr\u00e9 Lazce<\/span><\/td>\n<\/tr>\n<tr>\n<td width=\"294\"><span style=\"font-family: arial, helvetica, sans-serif; font-size: 12pt;\">Darkovi\u010dky &#8211; Jakub\u010dovice<\/span><\/td>\n<\/tr>\n<\/tbody>\n<\/table>\n<p style=\"text-align: justify;\">&nbsp;<\/p>\n<p style=\"text-align: justify;\"><span style=\"font-size: 14pt;\"><strong><span style=\"font-family: arial, helvetica, sans-serif;\">Mu\u017ei \u201eB\u201c budou hr\u00e1t v&nbsp;posledn\u00edm podzimn\u00edm utk\u00e1n\u00ed doma s&nbsp;Jakartovicemi<\/span><\/strong><\/span><\/p>\n<p style=\"text-align: justify;\"><span style=\"font-family: arial, helvetica, sans-serif; font-size: 12pt;\">Po utk\u00e1n\u00ed s&nbsp;Dobroslavicemi bude na\u0161e \u201eB\u201c mu\u017estvo hr\u00e1t doma proti Jakartovic\u00edm.&nbsp; Mu\u017estvo Jakartovic se v&nbsp;sou\u010dasn\u00e9 dob\u011b nach\u00e1z\u00ed na 2. m\u00edst\u011b okresn\u00edho p\u0159eboru. Prozat\u00edm z\u00edskalo 28 bod\u016f a to za 9 vyhran\u00fdch z\u00e1pas\u016f, jednu rem\u00edzu a dv\u011b por\u00e1\u017eky. Soupe\u0159\u016fm vs\u00edtilo 32 a obdr\u017eelo 14 branek. Na h\u0159i\u0161t\u00edch soupe\u0159\u016f hr\u00e1lo 6 utk\u00e1n\u00ed, z&nbsp;nich\u017e 5 vyhr\u00e1lo a jednou remizovalo.<\/span><\/p>\n<p style=\"text-align: justify;\"><span style=\"font-family: arial, helvetica, sans-serif; font-size: 12pt;\">Na\u0161i hr\u00e1\u010di \u201eB\u201c mu\u017estva jsou na 8. m\u00edst\u011b, kdy\u017e 5x vyhr\u00e1li, 2x remizovali a 5x prohr\u00e1li. Celkem z\u00edskali 17 bod\u016f. Soupe\u0159\u016fm vs\u00edtili 19 a obdr\u017eeli 22 branek. V&nbsp;dom\u00e1c\u00edm prost\u0159ed\u00ed sehr\u00e1li 7 utk\u00e1n\u00ed. Vyhr\u00e1li 4x , jednou remizovali a 2x prohr\u00e1li.<\/span><\/p>\n<p style=\"text-align: justify;\"><span style=\"font-family: arial, helvetica, sans-serif; font-size: 12pt;\">Hrajeme tedy, dle postaven\u00ed v&nbsp;tabulce, proti siln\u011bj\u0161\u00edmu soupe\u0159i a tak se od na\u0161ich fotbalist\u016f o\u010dek\u00e1v\u00e1 velmi zodpov\u011bdn\u00fd p\u0159\u00edstup, kter\u00fd by vedl k \u00fasp\u011bchu. Soupe\u0159 je sice vzhledem k&nbsp;situaci v tabulce m\u00edrn\u00fdm favoritem, ale jist\u011b sehraje vou roli dom\u00e1c\u00ed prost\u0159ed\u00ed.<\/span><\/p>\n<p style=\"text-align: justify;\"><span style=\"font-family: arial, helvetica, sans-serif; font-size: 12pt;\">Utk\u00e1n\u00ed okresn\u00edho p\u0159eboru Kobe\u0159ice \u201eB\u201c &#8211; Jakartovice&nbsp; se bude hr\u00e1t <strong>v&nbsp;sobotu 4. listopadu&nbsp; od 14:00 hodin<\/strong>. Zveme v\u0161echny p\u0159\u00edznivce na\u0161eho \u201eB\u201c mu\u017estva.<\/span><\/p>\n<p style=\"text-align: justify;\"><span style=\"font-size: 12pt;\"><strong><span style=\"font-family: arial, helvetica, sans-serif;\"><u>Program okresn\u00edho p\u0159eboru<\/u><\/span><\/strong><\/span><\/p>\n<table width=\"265\">\n<tbody>\n<tr>\n<td width=\"265\"><span style=\"font-family: arial, helvetica, sans-serif; font-size: 12pt;\">Otice &#8211; Hlavnice<\/span><\/td>\n<\/tr>\n<tr>\n<td width=\"265\"><span style=\"font-family: arial, helvetica, sans-serif; font-size: 12pt;\">Kobe\u0159ice &#8222;B&#8220; &#8211; Jakartovice<\/span><\/td>\n<\/tr>\n<tr>\n<td width=\"265\"><span style=\"font-family: arial, helvetica, sans-serif; font-size: 12pt;\">V\u0159esina &#8211; Dobroslavice<\/span><\/td>\n<\/tr>\n<tr>\n<td width=\"265\"><span style=\"font-family: arial, helvetica, sans-serif; font-size: 12pt;\">St\u011bbo\u0159ice &#8211; \u0160t\u00edtina<\/span><\/td>\n<\/tr>\n<tr>\n<td width=\"265\"><span style=\"font-family: arial, helvetica, sans-serif; font-size: 12pt;\">B\u0159ezov\u00e1 &#8211; Budi\u0161ov nad Budi\u0161ovkou<\/span><\/td>\n<\/tr>\n<tr>\n<td width=\"265\"><span style=\"font-family: arial, helvetica, sans-serif; font-size: 12pt;\">Doln\u00ed \u017divotice &#8211; Hn\u011bvo\u0161ice<\/span><\/td>\n<\/tr>\n<tr>\n<td width=\"265\"><span style=\"font-family: arial, helvetica, sans-serif; font-size: 12pt;\">Litultovice &#8211; Slavia Opava<\/span><\/td>\n<\/tr>\n<\/tbody>\n<\/table>\n<p style=\"text-align: justify;\">&nbsp;<\/p>\n<p style=\"text-align: justify;\"><span style=\"font-size: 14pt;\"><strong><span style=\"font-family: arial, helvetica, sans-serif;\">Dorostenci budou hr\u00e1t v&nbsp;Hradci nad Moravic\u00ed&nbsp;&nbsp;&nbsp;<\/span><\/strong><\/span><\/p>\n<p style=\"text-align: justify;\"><span style=\"font-family: arial, helvetica, sans-serif; font-size: 12pt;\">K p\u0159\u00ed\u0161t\u00edmu utk\u00e1n\u00ed cestuj\u00ed na\u0161i hr\u00e1\u010di na p\u016fdu Hradce nad Moravic\u00ed, kter\u00fd je na 3. m\u00edst\u011b tabulky krajsk\u00e9 sout\u011b\u017ee dorostu. Zat\u00edm vyhr\u00e1l 9 utk\u00e1n\u00ed, 2x remizoval a 2x prohr\u00e1l. V&nbsp;dom\u00e1c\u00edm prost\u0159ed\u00ed hr\u00e1l 7 utk\u00e1n\u00ed, kdy\u017e 4x vyhr\u00e1l, 2x remizoval a&nbsp; jednou prohr\u00e1l. Celkem doma z\u00edskalo mu\u017estvo Hradce 14 bod\u016f.<\/span><\/p>\n<p style=\"text-align: justify;\"><span style=\"font-family: arial, helvetica, sans-serif; font-size: 12pt;\">Na\u0161i hr\u00e1\u010di jsou na vedouc\u00ed pozici krajsk\u00e9 sout\u011b\u017ee dorostu s&nbsp;jednobodov\u00fdm n\u00e1skokem p\u0159ed dorostenci Doln\u00edho Bene\u0161ova.&nbsp; Dosud jsme 12x vyhr\u00e1li a jednou prohr\u00e1li. Soupe\u0159\u016fm jsme vs\u00edtili 61 a obdr\u017eeli pouze 15 branek. Venku na\u0161i dorostenci hr\u00e1li 7 utk\u00e1n\u00ed z&nbsp;nich\u017e 6x vyhr\u00e1li a jednou prohr\u00e1li.&nbsp;<\/span><\/p>\n<p style=\"text-align: justify;\"><span style=\"font-family: arial, helvetica, sans-serif; font-size: 12pt;\">Utk\u00e1n\u00ed krajsk\u00e9 sout\u011b\u017ee dorostu Hradec nad Moravic\u00ed &#8211; Kobe\u0159ice se bude hr\u00e1t v&nbsp;ned\u011bli&nbsp;&nbsp; <strong>5. listopadu 2017 od 14:00 hodin<\/strong>. Odjezd bude ve 12:30 hodin. Zveme na toto utk\u00e1n\u00ed v\u0161echny p\u0159\u00edznivce na\u0161eho dorostu.<\/span><\/p>\n<p style=\"text-align: justify;\"><span style=\"font-size: 12pt;\"><strong><span style=\"font-family: arial, helvetica, sans-serif;\"><u>Program krajsk\u00e9 sout\u011b\u017ee dorostu<\/u><\/span><\/strong><\/span><\/p>\n<table width=\"351\">\n<tbody>\n<tr>\n<td width=\"351\"><span style=\"font-family: arial, helvetica, sans-serif; font-size: 12pt;\">He\u0159manice &#8211; Stud\u00e9nka<\/span><\/td>\n<\/tr>\n<tr>\n<td width=\"351\"><span style=\"font-family: arial, helvetica, sans-serif; font-size: 12pt;\">Svinov &#8211; Fulnek<\/span><\/td>\n<\/tr>\n<tr>\n<td width=\"351\"><span style=\"font-family: arial, helvetica, sans-serif; font-size: 12pt;\">Polanka &#8211; Horn\u00ed Bene\u0161ov<\/span><\/td>\n<\/tr>\n<tr>\n<td width=\"351\"><span style=\"font-family: arial, helvetica, sans-serif; font-size: 12pt;\">V\u00edtkov &#8211; Klimkovice<\/span><\/td>\n<\/tr>\n<tr>\n<td width=\"351\"><span style=\"font-family: arial, helvetica, sans-serif; font-size: 12pt;\">Doln\u00ed Bene\u0161ov &#8211; R\u00fdma\u0159ov<\/span><\/td>\n<\/tr>\n<tr>\n<td width=\"351\"><span style=\"font-family: arial, helvetica, sans-serif; font-size: 12pt;\">Darkovi\u010dky &#8211; Doln\u00ed Lhota<\/span><\/td>\n<\/tr>\n<tr>\n<td width=\"351\"><span style=\"font-family: arial, helvetica, sans-serif; font-size: 12pt;\">Zlatn\u00edky &#8211; Ostrava &#8211; Jih<\/span><\/td>\n<\/tr>\n<tr>\n<td width=\"351\"><span style=\"font-family: arial, helvetica, sans-serif; font-size: 12pt;\">Hradec nad Moravic\u00ed &#8211; Kobe\u0159ice<\/span><\/td>\n<\/tr>\n<\/tbody>\n<\/table>\n<p>[cs_divider divider_style=&#8220;crossy&#8220; divider_backtotop=&#8220;yes&#8220; divider_height=&#8220;1&#8243;]<\/p>\n","protected":false},"excerpt":{"rendered":"<p>Mu\u017ei \u201eA\u201c budou hr\u00e1t v&nbsp;ned\u011bli presti\u017en\u00ed utk\u00e1n\u00ed v Krava\u0159\u00edch V&nbsp;p\u0159edposledn\u00edm podzimn\u00edm utk\u00e1n\u00ed budou hr\u00e1t na\u0161i fotbalist\u00e9 \u201eA\u201c mu\u017estva velmi presti\u017en\u00ed a atraktivn\u00ed utk\u00e1n\u00ed s&nbsp;mu\u017estvem MFK Krava\u0159e.<span class=\"excerpt-hellip\"> [\u2026]<\/span><\/p>\n","protected":false},"author":3,"featured_media":3370,"comment_status":"closed","ping_status":"open","sticky":false,"template":"","format":"standard","meta":{"ngg_post_thumbnail":0,"footnotes":""},"categories":[115,112,110,107,103,150,102],"tags":[],"class_list":["post-4590","post","type-post","status-publish","format-standard","has-post-thumbnail","hentry","category-a-tym","category-b-tym","category-dorost","category-fotbal","category-pozvanky","category-vse","category-zapasy"],"_links":{"self":[{"href":"https:\/\/tjsokolkoberice.cz\/index.php?rest_route=\/wp\/v2\/posts\/4590","targetHints":{"allow":["GET"]}}],"collection":[{"href":"https:\/\/tjsokolkoberice.cz\/index.php?rest_route=\/wp\/v2\/posts"}],"about":[{"href":"https:\/\/tjsokolkoberice.cz\/index.php?rest_route=\/wp\/v2\/types\/post"}],"author":[{"embeddable":true,"href":"https:\/\/tjsokolkoberice.cz\/index.php?rest_route=\/wp\/v2\/users\/3"}],"replies":[{"embeddable":true,"href":"https:\/\/tjsokolkoberice.cz\/index.php?rest_route=%2Fwp%2Fv2%2Fcomments&post=4590"}],"version-history":[{"count":4,"href":"https:\/\/tjsokolkoberice.cz\/index.php?rest_route=\/wp\/v2\/posts\/4590\/revisions"}],"predecessor-version":[{"id":4592,"href":"https:\/\/tjsokolkoberice.cz\/index.php?rest_route=\/wp\/v2\/posts\/4590\/revisions\/4592"}],"wp:featuredmedia":[{"embeddable":true,"href":"https:\/\/tjsokolkoberice.cz\/index.php?rest_route=\/wp\/v2\/media\/3370"}],"wp:attachment":[{"href":"https:\/\/tjsokolkoberice.cz\/index.php?rest_route=%2Fwp%2Fv2%2Fmedia&parent=4590"}],"wp:term":[{"taxonomy":"category","embeddable":true,"href":"https:\/\/tjsokolkoberice.cz\/index.php?rest_route=%2Fwp%2Fv2%2Fcategories&post=4590"},{"taxonomy":"post_tag","embeddable":true,"href":"https:\/\/tjsokolkoberice.cz\/index.php?rest_route=%2Fwp%2Fv2%2Ftags&post=4590"}],"curies":[{"name":"wp","href":"https:\/\/api.w.org\/{rel}","templated":true}]}}