{"id":4663,"date":"2017-12-14T13:01:00","date_gmt":"2017-12-14T12:01:00","guid":{"rendered":"https:\/\/tjsokolkoberice.cz\/?p=4663"},"modified":"2025-10-14T11:55:17","modified_gmt":"2025-10-14T10:55:17","slug":"podekovani-a-pf-2","status":"publish","type":"post","link":"https:\/\/tjsokolkoberice.cz\/?p=4663","title":{"rendered":"Pod\u011bkov\u00e1n\u00ed a PF 2018"},"content":{"rendered":"<p style=\"text-align: justify;\"><span style=\"font-size: 12pt;\"><strong><span style=\"font-family: arial, helvetica, sans-serif;\">V\u00fdkonn\u00fd v\u00fdbor TJ Sokol Kobe\u0159ice d\u011bkuje v\u0161em partner\u016fm za podporu v\u00a0roce 2017. Sportovc\u016fm, tren\u00e9r\u016fm a v\u0161em dobrovoln\u00edk\u016fm d\u011bkuje za ob\u011btavou pr\u00e1ci a reprezentaci na\u0161eho klubu a fanou\u0161k\u016fm za p\u0159\u00edze\u0148 a podporu na\u0161ich mu\u017estev v uplynul\u00e9m roce! <\/span><\/strong><\/span><\/p>\n<p style=\"text-align: justify;\"><span style=\"font-size: 12pt;\"><span style=\"font-family: arial, helvetica, sans-serif;\"><strong>V\u00e1m v\u0161em p\u0159ejeme poklidn\u00e9 pro\u017eit\u00ed Adventu a v\u00e1no\u010dn\u00edch sv\u00e1tk\u016f a v nov\u00e9m roce 2018 pevn\u00e9 zdrav\u00ed, \u0161t\u011bst\u00ed, rodinnou pohodu a spokojenost. V\u011b\u0159\u00edme, \u017ee n\u00e1m i v nov\u00e9m roce zachov\u00e1te Va\u0161i p\u0159\u00edze\u0148!<\/strong><\/span> <\/span><\/p>\n<p style=\"text-align: justify;\"><span style=\"font-size: 12pt;\"><img loading=\"lazy\" decoding=\"async\" class=\" wp-image-3288 aligncenter\" src=\"https:\/\/tjsokolkoberice.cz\/wp-content\/uploads\/2016\/12\/logo-sokol_zs.png\" alt=\"\" width=\"429\" height=\"141\" srcset=\"https:\/\/tjsokolkoberice.cz\/wp-content\/uploads\/2016\/12\/logo-sokol_zs.png 820w, https:\/\/tjsokolkoberice.cz\/wp-content\/uploads\/2016\/12\/logo-sokol_zs-300x99.png 300w, https:\/\/tjsokolkoberice.cz\/wp-content\/uploads\/2016\/12\/logo-sokol_zs-768x253.png 768w, https:\/\/tjsokolkoberice.cz\/wp-content\/uploads\/2016\/12\/logo-sokol_zs-816x270.png 816w\" sizes=\"auto, (max-width:767px) 429px, 429px\" \/><\/span><\/p>\n","protected":false},"excerpt":{"rendered":"<p>V\u00fdkonn\u00fd v\u00fdbor TJ Sokol Kobe\u0159ice d\u011bkuje v\u0161em partner\u016fm za podporu v\u00a0roce 2017. Sportovc\u016fm, tren\u00e9r\u016fm a v\u0161em dobrovoln\u00edk\u016fm d\u011bkuje za ob\u011btavou pr\u00e1ci a reprezentaci na\u0161eho klubu a<span class=\"excerpt-hellip\"> [\u2026]<\/span><\/p>\n","protected":false},"author":3,"featured_media":4664,"comment_status":"closed","ping_status":"open","sticky":false,"template":"","format":"standard","meta":{"ngg_post_thumbnail":0,"footnotes":""},"categories":[150],"tags":[],"class_list":["post-4663","post","type-post","status-publish","format-standard","has-post-thumbnail","hentry","category-vse"],"_links":{"self":[{"href":"https:\/\/tjsokolkoberice.cz\/index.php?rest_route=\/wp\/v2\/posts\/4663","targetHints":{"allow":["GET"]}}],"collection":[{"href":"https:\/\/tjsokolkoberice.cz\/index.php?rest_route=\/wp\/v2\/posts"}],"about":[{"href":"https:\/\/tjsokolkoberice.cz\/index.php?rest_route=\/wp\/v2\/types\/post"}],"author":[{"embeddable":true,"href":"https:\/\/tjsokolkoberice.cz\/index.php?rest_route=\/wp\/v2\/users\/3"}],"replies":[{"embeddable":true,"href":"https:\/\/tjsokolkoberice.cz\/index.php?rest_route=%2Fwp%2Fv2%2Fcomments&post=4663"}],"version-history":[{"count":9,"href":"https:\/\/tjsokolkoberice.cz\/index.php?rest_route=\/wp\/v2\/posts\/4663\/revisions"}],"predecessor-version":[{"id":4673,"href":"https:\/\/tjsokolkoberice.cz\/index.php?rest_route=\/wp\/v2\/posts\/4663\/revisions\/4673"}],"wp:featuredmedia":[{"embeddable":true,"href":"https:\/\/tjsokolkoberice.cz\/index.php?rest_route=\/wp\/v2\/media\/4664"}],"wp:attachment":[{"href":"https:\/\/tjsokolkoberice.cz\/index.php?rest_route=%2Fwp%2Fv2%2Fmedia&parent=4663"}],"wp:term":[{"taxonomy":"category","embeddable":true,"href":"https:\/\/tjsokolkoberice.cz\/index.php?rest_route=%2Fwp%2Fv2%2Fcategories&post=4663"},{"taxonomy":"post_tag","embeddable":true,"href":"https:\/\/tjsokolkoberice.cz\/index.php?rest_route=%2Fwp%2Fv2%2Ftags&post=4663"}],"curies":[{"name":"wp","href":"https:\/\/api.w.org\/{rel}","templated":true}]}}