{"id":4685,"date":"2018-01-02T17:42:43","date_gmt":"2018-01-02T16:42:43","guid":{"rendered":"https:\/\/tjsokolkoberice.cz\/?p=4685"},"modified":"2025-10-14T11:55:17","modified_gmt":"2025-10-14T10:55:17","slug":"zimni-beh-kobericemi-2018","status":"publish","type":"post","link":"https:\/\/tjsokolkoberice.cz\/?p=4685","title":{"rendered":"Zimn\u00ed b\u011bh Kobe\u0159icemi 2018"},"content":{"rendered":"<p style=\"text-align: justify;\"><span style=\"font-family: arial, helvetica, sans-serif; font-size: 12pt;\">Atletick\u00fd odd\u00edl TJ Sokol Kobe\u0159ice zve v\u0161echny p\u0159\u00edznivce b\u011bhu a sportu obecn\u011b na tradi\u010dn\u00ed Z\u00edmn\u00ed b\u011bh Kobe\u0159icemi, kter\u00fd se bude konat&nbsp;<b>v ned\u011bli 7.1.2018&nbsp;<\/b>v are\u00e1lu TJ Sokol Kobe\u0159ice. Start z\u00e1vodu<b>&nbsp;<\/b>je napl\u00e1nov\u00e1n na<b>&nbsp;10,00 hod.<\/b><\/span><\/p>\n<p style=\"text-align: justify;\"><span style=\"font-family: arial, helvetica, sans-serif; font-size: 12pt;\"><b><u>Propozice k z\u00e1vodu:<\/u><\/b><\/span><\/p>\n<div style=\"text-align: justify;\"><span style=\"font-family: arial, helvetica, sans-serif; font-size: 12pt;\"><b>Prezence \u00fa\u010dastn\u00edk\u016f:<\/b>&nbsp;&nbsp;od 9,00 do 9,50 v klubovn\u011b TJ Sokol<\/span><\/div>\n<div style=\"text-align: justify;\"><span style=\"font-family: arial, helvetica, sans-serif; font-size: 12pt;\"><b>Startovn\u00e9:<\/b>&nbsp;ml\u00e1de\u017e do 15 let zdarma, ostatn\u00ed 20 K\u010d<\/span><\/div>\n<div style=\"text-align: justify;\"><span style=\"font-family: arial, helvetica, sans-serif; font-size: 12pt;\"><b>Podm\u00ednky:<\/b>&nbsp;tra\u0165 asfaltov\u00e1, 1 okruh 4,7 km, 2 okruhy 9,4 km, \u0161atny se sprchami v are\u00e1lu TJ Sokol<\/span><\/div>\n<div style=\"text-align: justify;\"><span style=\"font-family: arial, helvetica, sans-serif; font-size: 12pt;\"><b>Kategorie:<\/b><\/span><\/div>\n<div style=\"text-align: justify;\"><span style=\"font-family: arial, helvetica, sans-serif; font-size: 12pt;\">&#8211; do 10 let &#8211; 650 m<\/span><\/div>\n<div style=\"text-align: justify;\"><span style=\"font-family: arial, helvetica, sans-serif; font-size: 12pt;\">&#8211; do 15 let &#8211; 1300 m<\/span><\/div>\n<div style=\"text-align: justify;\"><span style=\"font-family: arial, helvetica, sans-serif; font-size: 12pt;\">&#8211; kondi\u010dn\u00ed b\u011bh mu\u017ei &#8211; 4,7 km<\/span><\/div>\n<div style=\"text-align: justify;\"><span style=\"font-family: arial, helvetica, sans-serif; font-size: 12pt;\">&#8211; b\u011bh \u017eeny &#8211; 4,7 km<\/span><\/div>\n<div style=\"text-align: justify;\"><span style=\"font-family: arial, helvetica, sans-serif; font-size: 12pt;\">&#8211; vytrvalci mu\u017ei 9,4 km<\/span><\/div>\n<div style=\"text-align: justify;\"><span style=\"font-family: arial, helvetica, sans-serif; font-size: 12pt;\">&#8211; kategorie A &#8211; do 39 let<\/span><\/div>\n<div style=\"text-align: justify;\"><span style=\"font-family: arial, helvetica, sans-serif; font-size: 12pt;\">&#8211; kategorie B &#8211; do 49 let<\/span><\/div>\n<div style=\"text-align: justify;\"><span style=\"font-family: arial, helvetica, sans-serif; font-size: 12pt;\">&#8211; kategorie C &#8211; do 59 let<\/span><\/div>\n<div style=\"text-align: justify;\"><span style=\"font-family: arial, helvetica, sans-serif; font-size: 12pt;\">&#8211; kategorie D &#8211; nad 60 let<\/span><\/div>\n<div style=\"text-align: justify;\"><span style=\"font-family: arial, helvetica, sans-serif; font-size: 12pt;\">&#8211; kategorie E &#8211; \u017eeny<\/span><\/div>\n<div style=\"text-align: justify;\"><span style=\"font-family: arial, helvetica, sans-serif; font-size: 12pt;\">&#8211; kategorie F &#8211; \u017e\u00e1ci<\/span><\/div>\n<div style=\"text-align: justify;\"><span style=\"font-family: arial, helvetica, sans-serif; font-size: 12pt;\">&#8211; kategorie G &#8211; \u017e\u00e1kyn\u011b<\/span><\/div>\n<div style=\"text-align: justify;\">&nbsp;<\/div>\n<div style=\"text-align: justify;\"><span style=\"font-family: arial, helvetica, sans-serif; font-size: 12pt;\">Odm\u011bny dle po\u0159adatel\u016f z\u00e1vodu (finan\u010dn\u00ed ohodnocen\u00ed, v\u011bcn\u00e9 dary, diplomy). Bli\u017e\u0161\u00ed informace u \u0159editele z\u00e1vodu pana&nbsp;<b>Huberta Ja\u0161ka<\/b>, tel.: 602 563 298.<\/span><\/div>\n<div style=\"text-align: justify;\">&nbsp;<\/div>\n<div style=\"text-align: justify;\"><span style=\"font-family: arial, helvetica, sans-serif; font-size: 12pt;\"><b>Srde\u010dn\u011b zvou po\u0159adatel\u00e9!<\/b><\/span><\/div>\n","protected":false},"excerpt":{"rendered":"<p>Atletick\u00fd odd\u00edl TJ Sokol Kobe\u0159ice zve v\u0161echny p\u0159\u00edznivce b\u011bhu a sportu obecn\u011b na tradi\u010dn\u00ed Z\u00edmn\u00ed b\u011bh Kobe\u0159icemi, kter\u00fd se bude konat&nbsp;v ned\u011bli 7.1.2018&nbsp;v are\u00e1lu TJ Sokol<span class=\"excerpt-hellip\"> [\u2026]<\/span><\/p>\n","protected":false},"author":3,"featured_media":2983,"comment_status":"closed","ping_status":"open","sticky":false,"template":"","format":"standard","meta":{"ngg_post_thumbnail":0,"footnotes":""},"categories":[126,150],"tags":[],"class_list":["post-4685","post","type-post","status-publish","format-standard","has-post-thumbnail","hentry","category-atletika","category-vse"],"_links":{"self":[{"href":"https:\/\/tjsokolkoberice.cz\/index.php?rest_route=\/wp\/v2\/posts\/4685","targetHints":{"allow":["GET"]}}],"collection":[{"href":"https:\/\/tjsokolkoberice.cz\/index.php?rest_route=\/wp\/v2\/posts"}],"about":[{"href":"https:\/\/tjsokolkoberice.cz\/index.php?rest_route=\/wp\/v2\/types\/post"}],"author":[{"embeddable":true,"href":"https:\/\/tjsokolkoberice.cz\/index.php?rest_route=\/wp\/v2\/users\/3"}],"replies":[{"embeddable":true,"href":"https:\/\/tjsokolkoberice.cz\/index.php?rest_route=%2Fwp%2Fv2%2Fcomments&post=4685"}],"version-history":[{"count":5,"href":"https:\/\/tjsokolkoberice.cz\/index.php?rest_route=\/wp\/v2\/posts\/4685\/revisions"}],"predecessor-version":[{"id":4692,"href":"https:\/\/tjsokolkoberice.cz\/index.php?rest_route=\/wp\/v2\/posts\/4685\/revisions\/4692"}],"wp:featuredmedia":[{"embeddable":true,"href":"https:\/\/tjsokolkoberice.cz\/index.php?rest_route=\/wp\/v2\/media\/2983"}],"wp:attachment":[{"href":"https:\/\/tjsokolkoberice.cz\/index.php?rest_route=%2Fwp%2Fv2%2Fmedia&parent=4685"}],"wp:term":[{"taxonomy":"category","embeddable":true,"href":"https:\/\/tjsokolkoberice.cz\/index.php?rest_route=%2Fwp%2Fv2%2Fcategories&post=4685"},{"taxonomy":"post_tag","embeddable":true,"href":"https:\/\/tjsokolkoberice.cz\/index.php?rest_route=%2Fwp%2Fv2%2Ftags&post=4685"}],"curies":[{"name":"wp","href":"https:\/\/api.w.org\/{rel}","templated":true}]}}