{"id":4710,"date":"2018-01-13T14:08:08","date_gmt":"2018-01-13T13:08:08","guid":{"rendered":"https:\/\/tjsokolkoberice.cz\/?p=4710"},"modified":"2025-10-14T11:55:17","modified_gmt":"2025-10-14T10:55:17","slug":"zimni-beh-kobericemi-2018-2","status":"publish","type":"post","link":"https:\/\/tjsokolkoberice.cz\/?p=4710","title":{"rendered":"Zimn\u00ed b\u011bh Kobe\u0159icemi 2018"},"content":{"rendered":"<p style=\"text-align: justify;\"><span style=\"font-family: arial, helvetica, sans-serif; font-size: 12pt;\">Za pochmurn\u00e9ho a de\u0161tiv\u00e9ho po\u010das\u00ed a teplot\u011b 5\u00b0C se v ned\u011bli 7.1.2018 uskute\u010dnil 29. ro\u010dn\u00edk zimn\u00edho b\u011bhu Kobe\u0159icemi. I p\u0159esto se sjelo 118 b\u011b\u017ec\u016f. V hlavn\u00edm z\u00e1vod\u011b na 9,4 km z 59 b\u011b\u017ec\u016f zv\u00edt\u011bzil Martin Oc\u00e1sek z Krnova \u010dasem 0:31:02 p\u0159ed Patrikem Pastor z MK Seitle Ostrava \u010dasem 0:33:27.<\/span><\/p>\n<p style=\"text-align: justify;\"><span style=\"font-family: arial, helvetica, sans-serif; font-size: 12pt;\">\u017deny absolvovaly pouze polovi\u010dn\u00ed tra\u0165, kterou zdolalo 25 \u017een.&nbsp; V\u00edt\u011bzkou se stala Petra Pastorov\u00e1 z MK Seitle Ostrava \u010dasem 0:18:01 p\u0159ed Hanou Legerskou z SSK V\u00edtkovice \u010dasem 0:18:30. Kobe\u0159ice reprezentovala Marie Stuchl\u00edkov\u00e1, kter\u00e1 se um\u00edstila na 19. m\u00edst\u011b \u010dasem 0:24:03. V hlavn\u00edm z\u00e1vod\u011b jsme op\u011bt m\u011bli sv\u00e9 zastoupen\u00ed. V kategorii do 39 let se Zden\u011bk Vety\u0161ka se um\u00edstil na 22. m\u00edst\u011b \u010dasem 0:45:28, v kategorii do 49 let se Roman Ja\u0161ek um\u00edstil na 17. m\u00edst\u011b \u010dasem 0:41:16, v kategorii nad 60 let se Jan Urbi\u0161 um\u00edstil na 6. m\u00edst\u011b \u010dasem 0:49:10. V kategorii kondi\u010dn\u00edch b\u011b\u017ec\u016f se Petr Stuchl\u00edk um\u00edstil na 3. m\u00edst\u011b \u010dasem 0:19:54, Max Mrovec a Tom\u00e1\u0161 Mrovec se se stejn\u00fdm \u010dasem 0:20:31 um\u00edstili na 6.-7. m\u00edst\u011b, na 8. m\u00edst\u011b se um\u00edstil Patrik Sniehotta \u010dasem 0:21:13, na 12 m\u00edst\u011b se um\u00edstil Jan Buchta \u010dasem 0:22:28 a na 15. m\u00edst\u011b se um\u00edstil Rudolf Stuchl\u00edk \u010dasem 0:25:38. V ml\u00e1de\u017enick\u00fdch kategori\u00edch na trati 650 m se Michal Mrovec um\u00edstil na 1. m\u00edst\u011b \u010dasem 0:02:31.<\/span><\/p>\n<p style=\"text-align: justify;\"><span style=\"font-family: arial, helvetica, sans-serif; font-size: 12pt;\">Cht\u011bli bychom pod\u011bkovat v\u0161em Kobe\u0159ick\u00fdm b\u011b\u017ec\u016fm, \u017ee svou \u00fa\u010dast\u00ed reprezentovali na\u0161\u00ed obec. A t\u011b\u0161\u00edme se na jejich dal\u0161\u00ed \u00fa\u010dast v b\u0159eznu na \u201eKobe\u0159ick\u00e9 dvac\u00edtce\u201c.&nbsp;<\/span><\/p>\n<p style=\"text-align: justify;\"><span style=\"font-size: 12pt;\">&nbsp;<\/span><\/p>\n<p style=\"text-align: right;\"><span style=\"font-family: arial, helvetica, sans-serif; font-size: 12pt;\">Stanislav Halfar<\/span><\/p>\n<p style=\"text-align: right;\"><span style=\"font-family: arial, helvetica, sans-serif; font-size: 12pt;\"><em>\u010dlen AO Kobe\u0159ice<\/em><\/span><\/p>\n","protected":false},"excerpt":{"rendered":"<p>Za pochmurn\u00e9ho a de\u0161tiv\u00e9ho po\u010das\u00ed a teplot\u011b 5\u00b0C se v ned\u011bli 7.1.2018 uskute\u010dnil 29. ro\u010dn\u00edk zimn\u00edho b\u011bhu Kobe\u0159icemi. I p\u0159esto se sjelo 118 b\u011b\u017ec\u016f. V hlavn\u00edm<span class=\"excerpt-hellip\"> [\u2026]<\/span><\/p>\n","protected":false},"author":3,"featured_media":4711,"comment_status":"closed","ping_status":"open","sticky":false,"template":"","format":"standard","meta":{"ngg_post_thumbnail":0,"footnotes":""},"categories":[126,150],"tags":[],"class_list":["post-4710","post","type-post","status-publish","format-standard","has-post-thumbnail","hentry","category-atletika","category-vse"],"_links":{"self":[{"href":"https:\/\/tjsokolkoberice.cz\/index.php?rest_route=\/wp\/v2\/posts\/4710","targetHints":{"allow":["GET"]}}],"collection":[{"href":"https:\/\/tjsokolkoberice.cz\/index.php?rest_route=\/wp\/v2\/posts"}],"about":[{"href":"https:\/\/tjsokolkoberice.cz\/index.php?rest_route=\/wp\/v2\/types\/post"}],"author":[{"embeddable":true,"href":"https:\/\/tjsokolkoberice.cz\/index.php?rest_route=\/wp\/v2\/users\/3"}],"replies":[{"embeddable":true,"href":"https:\/\/tjsokolkoberice.cz\/index.php?rest_route=%2Fwp%2Fv2%2Fcomments&post=4710"}],"version-history":[{"count":3,"href":"https:\/\/tjsokolkoberice.cz\/index.php?rest_route=\/wp\/v2\/posts\/4710\/revisions"}],"predecessor-version":[{"id":4714,"href":"https:\/\/tjsokolkoberice.cz\/index.php?rest_route=\/wp\/v2\/posts\/4710\/revisions\/4714"}],"wp:featuredmedia":[{"embeddable":true,"href":"https:\/\/tjsokolkoberice.cz\/index.php?rest_route=\/wp\/v2\/media\/4711"}],"wp:attachment":[{"href":"https:\/\/tjsokolkoberice.cz\/index.php?rest_route=%2Fwp%2Fv2%2Fmedia&parent=4710"}],"wp:term":[{"taxonomy":"category","embeddable":true,"href":"https:\/\/tjsokolkoberice.cz\/index.php?rest_route=%2Fwp%2Fv2%2Fcategories&post=4710"},{"taxonomy":"post_tag","embeddable":true,"href":"https:\/\/tjsokolkoberice.cz\/index.php?rest_route=%2Fwp%2Fv2%2Ftags&post=4710"}],"curies":[{"name":"wp","href":"https:\/\/api.w.org\/{rel}","templated":true}]}}