{"id":4810,"date":"2018-02-15T18:09:34","date_gmt":"2018-02-15T17:09:34","guid":{"rendered":"https:\/\/tjsokolkoberice.cz\/?p=4810"},"modified":"2025-10-14T11:55:05","modified_gmt":"2025-10-14T10:55:05","slug":"pripravna-utkani-nasich-muzstev","status":"publish","type":"post","link":"https:\/\/tjsokolkoberice.cz\/?p=4810","title":{"rendered":"P\u0159\u00edpravn\u00e1 utk\u00e1n\u00ed na\u0161ich mu\u017estev"},"content":{"rendered":"<p style=\"text-align: justify;\"><span style=\"font-family: helvetica, arial, sans-serif; font-size: 14pt;\">A mu\u017ei si s&nbsp;chut\u00ed zast\u0159\u00edleli<\/span><\/p>\n<p style=\"text-align: justify;\"><span style=\"font-family: helvetica, arial, sans-serif; font-size: 12pt;\">V&nbsp;sobotu 10. \u00fanora sehr\u00e1li fotbalist\u00e9 A mu\u017estva dal\u0161\u00ed p\u0159\u00e1telsk\u00e9 utk\u00e1n\u00ed, tentokr\u00e1t proti \u00fa\u010dastn\u00edku okresn\u00ed sout\u011b\u017ee III. t\u0159\u00eddy V\u00e1vrovic\u00edm. Na\u0161i v&nbsp;tomto utk\u00e1n\u00ed, kter\u00e9 se hr\u00e1lo v&nbsp;tr\u00e9ninkov\u00e9m tempu, rozjeli velk\u00fd brankostroj, kter\u00fd ur\u010dil kone\u010dn\u00fd v\u00fdsledek 14:2. Byl to souboj se soupe\u0159em, kter\u00fd p\u016fsobil velmi odevzdan\u011b a rozd\u00edl ve kvalit\u011b mezi ob\u011bma celky byl zna\u010dn\u00fd. A tak doufejme, \u017ee na\u0161i fotbalist\u00e9 se u\u017e \u00fapln\u011b nevyst\u0159\u00edleli a nechali si n\u011bjakou st\u0159eleckou munici na jarn\u00ed \u010d\u00e1st fotbalov\u00e9 sez\u00f3ny.<\/span><\/p>\n<p style=\"text-align: justify;\"><span style=\"font-family: helvetica, arial, sans-serif; font-size: 12pt;\">V&nbsp;dal\u0161\u00edm p\u0159\u00edpravn\u00e9m utk\u00e1n\u00ed se st\u0159etnou na\u0161i hr\u00e1\u010di \u201eA\u201c mu\u017estva s&nbsp;aktu\u00e1ln\u011b 4. celkem 1. B t\u0159\u00eddy Hradcem nad Moravic\u00ed. Utk\u00e1n\u00ed se odehraje v&nbsp;sobotu 17.2. v&nbsp;10:00 hod. na um\u011blce v&nbsp;Chlebi\u010dov\u011b.<\/span><\/p>\n<p style=\"text-align: justify;\">&nbsp;<\/p>\n<p style=\"text-align: justify;\"><span style=\"font-family: helvetica, arial, sans-serif; font-size: 14pt;\">Dorostenci sehraj\u00ed p\u0159\u00edpravn\u00e9 utk\u00e1n\u00ed s Chlebi\u010dovem<\/span><\/p>\n<p style=\"text-align: justify;\"><span style=\"font-family: helvetica, arial, sans-serif; font-size: 12pt;\">Na nadch\u00e1zej\u00edc\u00ed \u010d\u00e1st fotbalov\u00e9 sez\u00f3ny se p\u0159ipravuj\u00ed tak\u00e9 na\u0161i dorostenci. V&nbsp;\u00favodn\u00edm p\u0159\u00edpravn\u00e9m utk\u00e1n\u00ed se st\u0159etnou s&nbsp;dorostenci Chlebi\u010dova, kte\u0159\u00ed jsou \u00fa\u010dastn\u00edky okresn\u00ed sout\u011b\u017ee. S&nbsp;dev\u00edti body jim po podzimn\u00ed \u010d\u00e1sti okresn\u00ed sout\u011b\u017ee pat\u0159\u00ed 6. m\u00edsto.<\/span><\/p>\n<p style=\"text-align: justify;\"><span style=\"font-family: helvetica, arial, sans-serif; font-size: 12pt;\">P\u0159\u00edpravn\u00e9 utk\u00e1n\u00ed TJ Sokol Kobe\u0159ice &#8211; Viktoria Chlebi\u010dov se hraje v&nbsp;ned\u011bli 18.2. 2018 od 10:00 hodin na h\u0159i\u0161ti v&nbsp;Chlebi\u010dov\u011b.<\/span><\/p>\n<p style=\"text-align: justify;\">&nbsp;<\/p>\n<p style=\"text-align: justify;\"><span style=\"font-family: helvetica, arial, sans-serif; font-size: 14pt;\">Mu\u017ei B v&nbsp;ned\u011bli proti B\u011bl\u00e9<\/span><\/p>\n<p style=\"text-align: justify;\"><span style=\"font-family: helvetica, arial, sans-serif; font-size: 12pt;\">V&nbsp;prvn\u00edm p\u0159\u00edpravn\u00e9m utk\u00e1n\u00ed porazila na\u0161e rezerva celek Z\u00e1vady v&nbsp;pom\u011bru 4:1. K&nbsp;dal\u0161\u00edmu utk\u00e1n\u00ed nastoup\u00ed v&nbsp;ned\u011bli 18.2. ve 14 hod. na um\u011blce v&nbsp;Chlebi\u010dov\u011b proti celku B\u011bl\u00e9.<\/span><\/p>\n","protected":false},"excerpt":{"rendered":"<p>A mu\u017ei si s&nbsp;chut\u00ed zast\u0159\u00edleli V&nbsp;sobotu 10. \u00fanora sehr\u00e1li fotbalist\u00e9 A mu\u017estva dal\u0161\u00ed p\u0159\u00e1telsk\u00e9 utk\u00e1n\u00ed, tentokr\u00e1t proti \u00fa\u010dastn\u00edku okresn\u00ed sout\u011b\u017ee III. t\u0159\u00eddy V\u00e1vrovic\u00edm. Na\u0161i v&nbsp;tomto utk\u00e1n\u00ed,<span class=\"excerpt-hellip\"> [\u2026]<\/span><\/p>\n","protected":false},"author":3,"featured_media":3787,"comment_status":"closed","ping_status":"open","sticky":false,"template":"","format":"standard","meta":{"ngg_post_thumbnail":0,"footnotes":""},"categories":[115,112,110,107,150,104,102],"tags":[],"class_list":["post-4810","post","type-post","status-publish","format-standard","has-post-thumbnail","hentry","category-a-tym","category-b-tym","category-dorost","category-fotbal","category-vse","category-vysledky","category-zapasy"],"_links":{"self":[{"href":"https:\/\/tjsokolkoberice.cz\/index.php?rest_route=\/wp\/v2\/posts\/4810","targetHints":{"allow":["GET"]}}],"collection":[{"href":"https:\/\/tjsokolkoberice.cz\/index.php?rest_route=\/wp\/v2\/posts"}],"about":[{"href":"https:\/\/tjsokolkoberice.cz\/index.php?rest_route=\/wp\/v2\/types\/post"}],"author":[{"embeddable":true,"href":"https:\/\/tjsokolkoberice.cz\/index.php?rest_route=\/wp\/v2\/users\/3"}],"replies":[{"embeddable":true,"href":"https:\/\/tjsokolkoberice.cz\/index.php?rest_route=%2Fwp%2Fv2%2Fcomments&post=4810"}],"version-history":[{"count":3,"href":"https:\/\/tjsokolkoberice.cz\/index.php?rest_route=\/wp\/v2\/posts\/4810\/revisions"}],"predecessor-version":[{"id":4813,"href":"https:\/\/tjsokolkoberice.cz\/index.php?rest_route=\/wp\/v2\/posts\/4810\/revisions\/4813"}],"wp:featuredmedia":[{"embeddable":true,"href":"https:\/\/tjsokolkoberice.cz\/index.php?rest_route=\/wp\/v2\/media\/3787"}],"wp:attachment":[{"href":"https:\/\/tjsokolkoberice.cz\/index.php?rest_route=%2Fwp%2Fv2%2Fmedia&parent=4810"}],"wp:term":[{"taxonomy":"category","embeddable":true,"href":"https:\/\/tjsokolkoberice.cz\/index.php?rest_route=%2Fwp%2Fv2%2Fcategories&post=4810"},{"taxonomy":"post_tag","embeddable":true,"href":"https:\/\/tjsokolkoberice.cz\/index.php?rest_route=%2Fwp%2Fv2%2Ftags&post=4810"}],"curies":[{"name":"wp","href":"https:\/\/api.w.org\/{rel}","templated":true}]}}