{"id":4834,"date":"2018-03-01T11:08:32","date_gmt":"2018-03-01T10:08:32","guid":{"rendered":"https:\/\/tjsokolkoberice.cz\/?p=4834"},"modified":"2025-10-14T11:55:05","modified_gmt":"2025-10-14T10:55:05","slug":"muzi-a-absolvovali-kondicni-soustredeni","status":"publish","type":"post","link":"https:\/\/tjsokolkoberice.cz\/?p=4834","title":{"rendered":"Mu\u017ei A absolvovali kondi\u010dn\u00ed soust\u0159ed\u011bn\u00ed"},"content":{"rendered":"<p style=\"text-align: justify;\"><span style=\"font-family: helvetica, arial, sans-serif; font-size: 12pt;\">V pln\u00e9m proudu prob\u00edh\u00e1 p\u0159\u00edprava na\u0161eho A mu\u017estva na jarn\u00ed \u010d\u00e1st 1. A t\u0159\u00eddy. O minul\u00e9m prodlou\u017een\u00e9m v\u00edkendu od \u010dtvrtku do ned\u011ble absolvovali soust\u0159ed\u011bn\u00ed v Are\u00e1lu dobr\u00e9 pohody v \u017dimrovic\u00edch. Vzhledem ke \u0161patn\u00fdm klimatick\u00fdm podm\u00ednk\u00e1m muselo doj\u00edt k m\u00edrn\u00e9 \u00faprav\u011b tr\u00e9ninkov\u00e9ho programu, tak\u017ee krom\u011b tradi\u010dn\u00edch v\u00fdb\u011bh\u016f na z\u00e1mek v Hradci a do okol\u00ed z\u00e1mku v Raduni se kluci v\u011bnovali nab\u00edr\u00e1n\u00ed kondice, s\u00edly a koordinace cvi\u010den\u00edm v m\u00edstn\u00ed t\u011blocvi\u010dn\u011b. K dispozici m\u011bli tak\u00e9 kvalitn\u00ed podm\u00ednky pro regeneraci, tak\u017ee si na nic nemohli st\u011b\u017eovat. Soust\u0159ed\u011bn\u00ed, kter\u00e9 splnilo sv\u016fj \u00fa\u010del, se z\u00fa\u010dastnilo 16 hr\u00e1\u010d\u016f a 2 \u010dlenov\u00e9 realiza\u010dn\u00edho t\u00fdmu. Doufejme, \u017ee i s p\u0159isp\u011bn\u00edm tohoto soust\u0159ed\u011bn\u00ed budou na\u0161i chlapci na jaro dob\u0159e p\u0159ipraven\u00ed a porvou se o p\u0159edn\u00ed p\u0159\u00ed\u010dky v tabulce 1. A t\u0159\u00eddy.<\/span><\/p>\n<p style=\"text-align: justify;\"><span style=\"font-size: 12pt;\">\u00a0<\/span><\/p>\n<p style=\"text-align: justify;\"><span style=\"font-family: helvetica, arial, sans-serif; font-size: 12pt;\">Dal\u0161\u00ed p\u0159\u00edpravn\u00e9 utk\u00e1n\u00ed sehraj\u00ed tuto\u00a0ned\u011bli 4.3. ve 14 hod. na um\u011blce v Kyle\u0161ovic\u00edch proti Slavii Opava.<\/span><\/p>\n","protected":false},"excerpt":{"rendered":"<p>V pln\u00e9m proudu prob\u00edh\u00e1 p\u0159\u00edprava na\u0161eho A mu\u017estva na jarn\u00ed \u010d\u00e1st 1. A t\u0159\u00eddy. O minul\u00e9m prodlou\u017een\u00e9m v\u00edkendu od \u010dtvrtku do ned\u011ble absolvovali soust\u0159ed\u011bn\u00ed v Are\u00e1lu<span class=\"excerpt-hellip\"> [\u2026]<\/span><\/p>\n","protected":false},"author":3,"featured_media":4835,"comment_status":"closed","ping_status":"open","sticky":false,"template":"","format":"standard","meta":{"ngg_post_thumbnail":0,"footnotes":""},"categories":[115,107,150],"tags":[],"class_list":["post-4834","post","type-post","status-publish","format-standard","has-post-thumbnail","hentry","category-a-tym","category-fotbal","category-vse"],"_links":{"self":[{"href":"https:\/\/tjsokolkoberice.cz\/index.php?rest_route=\/wp\/v2\/posts\/4834","targetHints":{"allow":["GET"]}}],"collection":[{"href":"https:\/\/tjsokolkoberice.cz\/index.php?rest_route=\/wp\/v2\/posts"}],"about":[{"href":"https:\/\/tjsokolkoberice.cz\/index.php?rest_route=\/wp\/v2\/types\/post"}],"author":[{"embeddable":true,"href":"https:\/\/tjsokolkoberice.cz\/index.php?rest_route=\/wp\/v2\/users\/3"}],"replies":[{"embeddable":true,"href":"https:\/\/tjsokolkoberice.cz\/index.php?rest_route=%2Fwp%2Fv2%2Fcomments&post=4834"}],"version-history":[{"count":6,"href":"https:\/\/tjsokolkoberice.cz\/index.php?rest_route=\/wp\/v2\/posts\/4834\/revisions"}],"predecessor-version":[{"id":4842,"href":"https:\/\/tjsokolkoberice.cz\/index.php?rest_route=\/wp\/v2\/posts\/4834\/revisions\/4842"}],"wp:featuredmedia":[{"embeddable":true,"href":"https:\/\/tjsokolkoberice.cz\/index.php?rest_route=\/wp\/v2\/media\/4835"}],"wp:attachment":[{"href":"https:\/\/tjsokolkoberice.cz\/index.php?rest_route=%2Fwp%2Fv2%2Fmedia&parent=4834"}],"wp:term":[{"taxonomy":"category","embeddable":true,"href":"https:\/\/tjsokolkoberice.cz\/index.php?rest_route=%2Fwp%2Fv2%2Fcategories&post=4834"},{"taxonomy":"post_tag","embeddable":true,"href":"https:\/\/tjsokolkoberice.cz\/index.php?rest_route=%2Fwp%2Fv2%2Ftags&post=4834"}],"curies":[{"name":"wp","href":"https:\/\/api.w.org\/{rel}","templated":true}]}}